{"id":24406,"date":"2025-02-22T11:56:51","date_gmt":"2025-02-22T14:56:51","guid":{"rendered":"https:\/\/guialimeira.com.br\/?p=24406"},"modified":"2025-02-22T11:56:51","modified_gmt":"2025-02-22T14:56:51","slug":"comissoes-de-esporte-e-de-seguranca-fazem-diligencia-no-centro-comunitario-do-parque-hipolito","status":"publish","type":"post","link":"https:\/\/guialimeira.com.br\/news\/comissoes-de-esporte-e-de-seguranca-fazem-diligencia-no-centro-comunitario-do-parque-hipolito\/","title":{"rendered":"Comiss\u00f5es de Esporte e de Seguran\u00e7a fazem dilig\u00eancia no Centro Comunit\u00e1rio do Parque Hip\u00f3lito"},"content":{"rendered":"\n<figure class=\"wp-block-gallery has-nested-images columns-default is-cropped wp-block-gallery-1 is-layout-flex wp-block-gallery-is-layout-flex\"><\/figure>\n \r\n<br><img data-recalc-dims=\"1\" decoding=\"async\" src=\"https:\/\/i0.wp.com\/guialimeira.com.br\/wp-content\/uploads\/2025\/02\/2025-02-21_comissoes-de-esporte-e-de-seguranca-fazem-diligencia-no-centro-comunitario-do-parque-hipo.jpeg?w=696&#038;ssl=1\" \/><br><div>\n\t\t\t\t\t<p>O Centro Comunit\u00e1rio Jo\u00e3o Mofato, situado no Parque Hip\u00f3lito, foi visitado na \u00faltima sexta-feira, 21 de fevereiro, pelos vereadores que comp\u00f5em as Comiss\u00f5es de Esporte e de Seguran\u00e7a. Durante a dilig\u00eancia, os parlamentares ouviram mun\u00edcipes e servidores sobre as principais melhorias que precisam ser implementadas no local. A estrutura, o funcionamento e a organiza\u00e7\u00e3o das atividades foram os principais pontos observados, al\u00e9m da necessidade de refor\u00e7o na seguran\u00e7a.\u00a0<\/p><p>Participaram da visita os vereadores Guilherme Guido (PL), Costa J\u00fanior (Podemos), Felipe Penedo (PL), Waguinho da Santa Luzia (PP) e Carlinhos do Grota (PL). A a\u00e7\u00e3o contou ainda com o apoio da Consultoria T\u00e9cnica Especializada da C\u00e2mara, que ser\u00e1 respons\u00e1vel por elaborar um relat\u00f3rio abordando principalmente a gest\u00e3o do servi\u00e7o p\u00fablico no Centro, focando nas perspectivas de esporte e de seguran\u00e7a.\u00a0\u00a0\u00a0<\/p><p>As observa\u00e7\u00f5es e demandas levantadas durante a dilig\u00eancia ser\u00e3o discutidas nas pr\u00f3ximas reuni\u00f5es das comiss\u00f5es e encaminhadas \u00e0 Prefeitura.\u00a0<\/p><p><strong>O Centro<\/strong>\u00a0<\/p><p>O Centro Comunit\u00e1rio possui quadra coberta, quadra externa, campo de futebol, piscina semi-ol\u00edmpica e piscina para inicia\u00e7\u00e3o. As atividades oferecidas incluem hidrogin\u00e1stica, nata\u00e7\u00e3o e gin\u00e1stica. Na hidrogin\u00e1stica, por exemplo, est\u00e3o inscritos 420 alunos, com idades variando entre 30 e 92 anos. As aulas acontecem em tr\u00eas hor\u00e1rios, de ter\u00e7a a sexta-feira.\u00a0<\/p><p>Entre os apontamentos feitos por alunos e funcion\u00e1rios, destaca-se a falta de regularidade na manuten\u00e7\u00e3o da piscina. A limpeza \u00e9 realizada sem um cronograma fixo, o que pode comprometer o aspecto visual da piscina e a qualidade da \u00e1gua. Al\u00e9m de percorrerem a \u00e1rea da piscina, os parlamentares verificaram as condi\u00e7\u00f5es de uso da quadra e do campo de futebol.\u00a0<\/p><p>Outra preocupa\u00e7\u00e3o dos vereadores foi a aus\u00eancia de uma gest\u00e3o centralizada no local, o que dificulta o fluxo organizado das demandas, tanto estruturais quanto funcionais. Tamb\u00e9m foi observado que os pr\u00f3prios professores assumem a responsabilidade pelas inscri\u00e7\u00f5es dos mun\u00edcipes nas atividades.\u00a0<\/p><p><strong>Seguran\u00e7a\u00a0\u00a0<\/strong>\u00a0<\/p><p>O presidente da Comiss\u00e3o de Esporte, Cultura e Turismo, Guilherme Guido, explicou o motivo da dilig\u00eancia: \u201cN\u00f3s entendemos que o mais dif\u00edcil Limeira tem, que s\u00e3o os espa\u00e7os f\u00edsicos, mas as aulas n\u00e3o est\u00e3o acontecendo em sua totalidade, em seu potencial m\u00e1ximo, por conta da falta de seguran\u00e7a. Ent\u00e3o, hoje, n\u00f3s reunimos aqui a Comiss\u00e3o de Esportes com a Comiss\u00e3o de Seguran\u00e7a para desenvolver projetos e ideias que possam ser compartilhados com as duas pastas e poder usufruir dessa estrutura\u201d, explicou. \u00a0<\/p><p>Durante a visita, os vereadores conversaram com um servidor da Guarda Civil Municipal (GCM), que destacou a import\u00e2ncia de manter um efetivo garantindo a seguran\u00e7a do espa\u00e7o. Entre as ocorr\u00eancias mencionadas estavam a entrada de pessoas n\u00e3o autorizadas na piscina, fora do hor\u00e1rio de funcionamento do Centro Comunit\u00e1rio.\u00a0<\/p><p>O presidente da Comiss\u00e3o de Seguran\u00e7a P\u00fablica, Costa J\u00fanior, enfatizou que a seguran\u00e7a \u00e9 essencial para proteger tanto os alunos quanto os funcion\u00e1rios, e que \u00e9 fundamental investir na GCM. \u201cPrecisamos garantir a seguran\u00e7a dos funcion\u00e1rios e a qualidade do trabalho da Guarda Municipal, que deve contar com estrutura adequada para manter contato direto com a viatura de \u00e1rea\u201d, observou.\u00a0<\/p><p><strong>Esporte\u00a0<\/strong>\u00a0<\/p><p>Al\u00e9m da quest\u00e3o da seguran\u00e7a, os vereadores buscam melhorias nos servi\u00e7os oferecidos nos centros comunit\u00e1rios e centros esportivos. Em alguns equipamentos p\u00fablicos, o vereador Guilherme Guido descreveu que h\u00e1 filas de espera. \u201cA gente precisa entender o funcionamento de como est\u00e3o sendo usados os espa\u00e7os p\u00fablicos e, a partir disso, trabalhar em cima de uma log\u00edstica para poder atender mais pessoas, porque a gente sabe que muitas modalidades t\u00eam fila de espera. \u00a0<\/p><p>Ele citou o <a href=\"https:\/\/consulta.limeira.sp.leg.br\/Documentos\/Documento\/365704\" rel=\"noopener\">Requerimento N\u00ba 57\/2025 <\/a>que elaborou para que a Prefeitura informe quais programas s\u00e3o desenvolvidos em todos os centros comunit\u00e1rios, qual o cronograma das aulas e p\u00fablico atendido. A propositura foi encaminhada pela C\u00e2mara no dia 18 de fevereiro. O prazo para resposta \u00e9 de 15 dias, prorrog\u00e1veis por igual per\u00edodo.\u00a0<\/p>\t\t\t\t<\/div>\r\n<br>\r\n<br><a href=\"https:\/\/www.limeira.sp.leg.br\/noticias\/view\/2025-02-21_comissoes-de-esporte-e-de-seguranca-fazem-diligencia-no-centro-comunitario-do-parque-hipolito\" rel=\"noopener\">Informa\u00e7\u00f5es CMLSource link <\/a>","protected":false},"excerpt":{"rendered":"<p>O Centro Comunit\u00e1rio Jo\u00e3o Mofato, situado no Parque Hip\u00f3lito, foi visitado na \u00faltima sexta-feira, 21 de fevereiro, pelos vereadores que comp\u00f5em as Comiss\u00f5es de Esporte e de Seguran\u00e7a. Durante a dilig\u00eancia, os parlamentares ouviram mun\u00edcipes e servidores sobre as principais melhorias que precisam ser implementadas no local. A estrutura, o funcionamento e a organiza\u00e7\u00e3o das [&hellip;]<\/p>\n","protected":false},"author":1,"featured_media":24407,"comment_status":"open","ping_status":"open","sticky":false,"template":"","format":"standard","meta":{"_jetpack_newsletter_access":"","_jetpack_dont_email_post_to_subs":false,"_jetpack_newsletter_tier_id":0,"_jetpack_memberships_contains_paywalled_content":false,"_mbp_banners":[],"_jetpack_feature_clip_id":0,"_jetpack_memberships_contains_paid_content":false,"footnotes":"","jetpack_publicize_message":"","jetpack_publicize_feature_enabled":true,"jetpack_social_post_already_shared":true,"jetpack_social_options":{"image_generator_settings":{"template":"highway","default_image_id":0,"font":"","enabled":false},"version":2},"jetpack_post_was_ever_published":false},"categories":[19],"tags":[],"class_list":["post-24406","post","type-post","status-publish","format-standard","has-post-thumbnail","category-politica"],"jetpack_publicize_connections":[],"jetpack-related-posts":[],"jetpack_shortlink":"https:\/\/wp.me\/p7Eq1F-6lE","jetpack_sharing_enabled":true,"jetpack_featured_media_url":"https:\/\/i0.wp.com\/guialimeira.com.br\/news\/wp-content\/uploads\/2025\/02\/Comissoes-de-Esporte-e-de-Seguranca-fazem-diligencia-no-Centro.jpeg?fit=1280%2C640&ssl=1","_links":{"self":[{"href":"https:\/\/guialimeira.com.br\/news\/wp-json\/wp\/v2\/posts\/24406","targetHints":{"allow":["GET"]}}],"collection":[{"href":"https:\/\/guialimeira.com.br\/news\/wp-json\/wp\/v2\/posts"}],"about":[{"href":"https:\/\/guialimeira.com.br\/news\/wp-json\/wp\/v2\/types\/post"}],"author":[{"embeddable":true,"href":"https:\/\/guialimeira.com.br\/news\/wp-json\/wp\/v2\/users\/1"}],"replies":[{"embeddable":true,"href":"https:\/\/guialimeira.com.br\/news\/wp-json\/wp\/v2\/comments?post=24406"}],"version-history":[{"count":1,"href":"https:\/\/guialimeira.com.br\/news\/wp-json\/wp\/v2\/posts\/24406\/revisions"}],"predecessor-version":[{"id":24408,"href":"https:\/\/guialimeira.com.br\/news\/wp-json\/wp\/v2\/posts\/24406\/revisions\/24408"}],"wp:featuredmedia":[{"embeddable":true,"href":"https:\/\/guialimeira.com.br\/news\/wp-json\/wp\/v2\/media\/24407"}],"wp:attachment":[{"href":"https:\/\/guialimeira.com.br\/news\/wp-json\/wp\/v2\/media?parent=24406"}],"wp:term":[{"taxonomy":"category","embeddable":true,"href":"https:\/\/guialimeira.com.br\/news\/wp-json\/wp\/v2\/categories?post=24406"},{"taxonomy":"post_tag","embeddable":true,"href":"https:\/\/guialimeira.com.br\/news\/wp-json\/wp\/v2\/tags?post=24406"}],"curies":[{"name":"wp","href":"https:\/\/api.w.org\/{rel}","templated":true}]}}