{"id":24392,"date":"2025-02-22T10:41:38","date_gmt":"2025-02-22T13:41:38","guid":{"rendered":"https:\/\/guialimeira.com.br\/?p=24392"},"modified":"2025-02-22T10:41:38","modified_gmt":"2025-02-22T13:41:38","slug":"vereadora-mariana-calsa-ministra-palestra-em-mococa-sobre-o-direito-ao-voto-feminino","status":"publish","type":"post","link":"https:\/\/guialimeira.com.br\/news\/vereadora-mariana-calsa-ministra-palestra-em-mococa-sobre-o-direito-ao-voto-feminino\/","title":{"rendered":"Vereadora Mariana Calsa ministra palestra em Mococa sobre o direito ao voto feminino"},"content":{"rendered":"<p> <br \/>\n<\/p>\n<div>\n<p>A vereadora Mariana Calsa (MDB) participou, nesta quarta-feira, 19 de fevereiro, do evento em comemora\u00e7\u00e3o aos 93 anos da conquista do direito ao voto das mulheres, realizado pela Procuradoria Especial da Mulher da C\u00e2mara Municipal de Mococa.<\/p>\n<p>A iniciativa faz parte das a\u00e7\u00f5es que antecedem o m\u00eas da mulher e teve como objetivo destacar a hist\u00f3rica luta das mulheres por direitos pol\u00edticos, al\u00e9m de promover o debate sobre os desafios atuais para uma participa\u00e7\u00e3o mais equitativa nos espa\u00e7os de poder.<\/p>\n<p>Durante o evento, Mariana fez um discurso sobre os avan\u00e7os e os desafios enfrentados pelas mulheres na pol\u00edtica. A parlamentar ainda ressaltou a import\u00e2ncia de projetos criados por mulheres, que t\u00eam impacto direto na vida delas, e enfatizou a necessidade de incentivar mais mulheres a ocupar espa\u00e7os de poder. Segundo dados do Tribunal Superior Eleitoral, as mulheres representam 53% do eleitorado, mas correspondem a apenas 17% das candidaturas eleitas.<\/p>\n<p>Mariana explicou que o direito de votar e ser votadas foi garantido para as mulheres em 1932, com o C\u00f3digo Eleitoral assinado pelo ent\u00e3o presidente Get\u00falio Vargas, no dia 24 de fevereiro. \u201cPor isso, a data \u00e9 um marco importante dessa vit\u00f3ria hist\u00f3rica\u201d, salientou a vereadora.<\/p>\n<p>Mariana Calsa atuou como procuradora Especial da Mulher na C\u00e2mara de Limeira durante quatro anos e \u00e9 atualmente a segunda procuradora adjunta. O \u00f3rg\u00e3o tem a miss\u00e3o de representar e defender os direitos das mulheres, recebendo e encaminhando den\u00fancias de viol\u00eancia e discrimina\u00e7\u00e3o, al\u00e9m de fiscalizar a execu\u00e7\u00e3o de programas dos governos federal, estadual e municipal que visem \u00e0 promo\u00e7\u00e3o da igualdade de g\u00eanero. A Procuradoria tamb\u00e9m coopera com organismos nacionais e internacionais, promovendo pesquisas e estudos sobre a viol\u00eancia e a discrimina\u00e7\u00e3o contra as mulheres.<\/p>\n<p>A pauta das mulheres \u00e9 um dos pilares do mandato da vereadora, que j\u00e1 criou diversas leis e projetos voltados para a causa feminina, como a Lei <a href=\"https:\/\/siave.limeira.sp.leg.br\/Normas\/Exibir\/253176\" rel=\"noopener\">Maria da Penha nas Escolas<\/a>, a Lei que cria <a href=\"https:\/\/siave.limeira.sp.leg.br\/Normas\/Exibir\/284168\" rel=\"noopener\">Grupos Reflexivos<\/a> para homens agressores e o Projeto de Lei de <a href=\"https:\/\/siave.limeira.sp.leg.br\/arquivo?Id=389739\" rel=\"noopener\">Combate \u00e0 Viol\u00eancia Obst\u00e9trica.<\/a><\/p>\n<p><i>Do Gabinete Parlamentar \u2013 Vereadora Mariana Calsa (MDB)<\/i><\/p>\n<p><strong>As mat\u00e9rias de origem dos Gabinetes Parlamentares s\u00e3o de inteira\u00a0 responsabilidade dos parlamentares e de suas assessorias. S\u00e3o devidamente assinadas e n\u00e3o refletem, necessariamente, a opini\u00e3o institucional da C\u00e2mara Municipal de Limeira.<\/strong><\/p>\n<\/p><\/div>\n<p><br \/>\n<br \/><a href=\"https:\/\/www.limeira.sp.leg.br\/noticias\/view\/2025-02-21_vereadora-mariana-calsa-ministra-palestra-em-mococa-sobre-o-direito-ao-voto-feminino\" rel=\"noopener\">Informa\u00e7\u00f5es CMLSource link <\/a><\/p>\n","protected":false},"excerpt":{"rendered":"<p>A vereadora Mariana Calsa (MDB) participou, nesta quarta-feira, 19 de fevereiro, do evento em comemora\u00e7\u00e3o aos 93 anos da conquista do direito ao voto das mulheres, realizado pela Procuradoria Especial da Mulher da C\u00e2mara Municipal de Mococa. A iniciativa faz parte das a\u00e7\u00f5es que antecedem o m\u00eas da mulher e teve como objetivo destacar a [&hellip;]<\/p>\n","protected":false},"author":1,"featured_media":0,"comment_status":"open","ping_status":"open","sticky":false,"template":"","format":"standard","meta":{"_jetpack_newsletter_access":"","_jetpack_dont_email_post_to_subs":false,"_jetpack_newsletter_tier_id":0,"_jetpack_memberships_contains_paywalled_content":false,"_mbp_banners":[],"_jetpack_feature_clip_id":0,"_jetpack_memberships_contains_paid_content":false,"footnotes":"","jetpack_publicize_message":"","jetpack_publicize_feature_enabled":true,"jetpack_social_post_already_shared":true,"jetpack_social_options":{"image_generator_settings":{"template":"highway","default_image_id":0,"font":"","enabled":false},"version":2},"jetpack_post_was_ever_published":false},"categories":[19],"tags":[],"class_list":["post-24392","post","type-post","status-publish","format-standard","category-politica"],"jetpack_publicize_connections":[],"jetpack-related-posts":[],"jetpack_shortlink":"https:\/\/wp.me\/p7Eq1F-6lq","jetpack_sharing_enabled":true,"jetpack_featured_media_url":"","_links":{"self":[{"href":"https:\/\/guialimeira.com.br\/news\/wp-json\/wp\/v2\/posts\/24392","targetHints":{"allow":["GET"]}}],"collection":[{"href":"https:\/\/guialimeira.com.br\/news\/wp-json\/wp\/v2\/posts"}],"about":[{"href":"https:\/\/guialimeira.com.br\/news\/wp-json\/wp\/v2\/types\/post"}],"author":[{"embeddable":true,"href":"https:\/\/guialimeira.com.br\/news\/wp-json\/wp\/v2\/users\/1"}],"replies":[{"embeddable":true,"href":"https:\/\/guialimeira.com.br\/news\/wp-json\/wp\/v2\/comments?post=24392"}],"version-history":[{"count":1,"href":"https:\/\/guialimeira.com.br\/news\/wp-json\/wp\/v2\/posts\/24392\/revisions"}],"predecessor-version":[{"id":24393,"href":"https:\/\/guialimeira.com.br\/news\/wp-json\/wp\/v2\/posts\/24392\/revisions\/24393"}],"wp:attachment":[{"href":"https:\/\/guialimeira.com.br\/news\/wp-json\/wp\/v2\/media?parent=24392"}],"wp:term":[{"taxonomy":"category","embeddable":true,"href":"https:\/\/guialimeira.com.br\/news\/wp-json\/wp\/v2\/categories?post=24392"},{"taxonomy":"post_tag","embeddable":true,"href":"https:\/\/guialimeira.com.br\/news\/wp-json\/wp\/v2\/tags?post=24392"}],"curies":[{"name":"wp","href":"https:\/\/api.w.org\/{rel}","templated":true}]}}