{"id":24390,"date":"2025-02-22T10:41:38","date_gmt":"2025-02-22T13:41:38","guid":{"rendered":"https:\/\/guialimeira.com.br\/?p=24390"},"modified":"2025-02-22T10:41:38","modified_gmt":"2025-02-22T13:41:38","slug":"vagas-em-escolas-de-ensino-integral-sao-pauta-de-reuniao-da-comissao-de-educacao","status":"publish","type":"post","link":"https:\/\/guialimeira.com.br\/news\/vagas-em-escolas-de-ensino-integral-sao-pauta-de-reuniao-da-comissao-de-educacao\/","title":{"rendered":"Vagas em escolas de ensino integral s\u00e3o pauta de reuni\u00e3o da Comiss\u00e3o de Educa\u00e7\u00e3o"},"content":{"rendered":"<p> <br \/>\n<\/p>\n<div>\n<p>Em reuni\u00e3o extraordin\u00e1ria nesta sexta-feira, 21 de fevereiro, a Comiss\u00e3o de Educa\u00e7\u00e3o da C\u00e2mara intermediou o di\u00e1logo entre a Defensoria P\u00fablica, diretoras de escolas de ensino integral e representantes da Secretaria de Educa\u00e7\u00e3o. O objetivo foi buscar entendimento entre os \u00f3rg\u00e3os no atendimento das demandas por vagas.<\/p>\n<p>Participaram da reuni\u00e3o as diretoras da rede de ensino em tempo integral de Limeira Paula Furine, Maria Eliete Lacerda Lucchesi e Adriana Mota; as supervisoras de ensino, representando a Secretaria de Educa\u00e7\u00e3o, L\u00facia Helena Ribeiro Cardoso e Andreia Vaz Silva; bem como a representante da Defensoria P\u00fablica, Mariana Chaib.<\/p>\n<p>Introduzindo a tem\u00e1tica, a presidente da Comiss\u00e3o de Educa\u00e7\u00e3o, Mariana Calsa (PL), relatou que algumas diretoras de escolas de ensino integral da cidade t\u00eam recebido notifica\u00e7\u00f5es da Defensoria P\u00fablica para que recebam novos alunos, e que, em contrapartida, muitas delas j\u00e1 sofrem superlota\u00e7\u00e3o, dificultando o atendimento da demanda.\u00a0<\/p>\n<p>As diretoras explicaram aos presentes sobre o in\u00edcio do projeto de escola integral em Limeira em 2016, por meio de verba encaminhada pelo Governo Federal, que, no entanto, foi cortada nos anos seguintes. Segundo elas, atualmente seis escolas municipais oferecem o ensino integral e todas elas est\u00e3o superlotadas, o que dificulta receber novos alunos, porque pode prejudicar a qualidade do ensino.\u00a0<\/p>\n<p>Mariana Chaib explicou que a notifica\u00e7\u00e3o feita para as escolas \u00e9 uma a\u00e7\u00e3o obrigat\u00f3ria da Defensoria P\u00fablica, que visa dar andamento \u00e0 demanda dos atendidos pela institui\u00e7\u00e3o, mas que entende as limita\u00e7\u00f5es das escolas. Ela destacou a import\u00e2ncia da reuni\u00e3o entre as entidades em busca de unir esfor\u00e7os para solucionar a quest\u00e3o.<\/p>\n<p>Mariana Calsa pontuou que \u00e9 preciso que a escola em per\u00edodo integral n\u00e3o seja tratada mais como projeto e sim como uma pol\u00edtica p\u00fablica de per\u00edodo integral. Ela colocou a Comiss\u00e3o \u00e0 disposi\u00e7\u00e3o das entidades para intermediar o di\u00e1logo tamb\u00e9m com outras secretarias municipais que podem ser envolvidas para atender a demanda da Defensoria. \u201cEstamos aqui para somar\u201d, afirmou.<\/p>\n<p>Durante a reuni\u00e3o, os presentes tamb\u00e9m debateram sobre a educa\u00e7\u00e3o especial e as dificuldades que envolvem o tema.<\/p>\n<p>Fazem parte da Comiss\u00e3o de Educa\u00e7\u00e3o a vereadora Mariana Calsa\u00a0 (MDB), presidente; Nilton Santos (Republicanos), vice-presidente, e Waguinho da Santa Luzia (PP), secret\u00e1rio. Todas as delibera\u00e7\u00f5es s\u00e3o registradas em <a href=\"https:\/\/consulta.limeira.sp.leg.br\/arquivo?Id=478662\" rel=\"noopener\">ata<\/a>.<\/p>\n<p>O colegiado tem como compet\u00eancia a fiscaliza\u00e7\u00e3o de assuntos relacionados \u00e0 educa\u00e7\u00e3o e ao ensino. Os membros tamb\u00e9m s\u00e3o respons\u00e1veis por abordar a pol\u00edtica e sistema educacional nos aspectos institucionais, estruturais, funcionais e legais, al\u00e9m de opinarem acerca de projetos da rede municipal de ensino, programas e pol\u00edticas p\u00fablicas que tratem do ambiente escolar, dos professores e estudantes, bem como servidores da rede de ensino, servi\u00e7os, equipamentos e programas educacionais.<\/p>\n<\/p><\/div>\n<p><br \/>\n<br \/><a href=\"https:\/\/www.limeira.sp.leg.br\/noticias\/view\/2025-02-21_vagas-em-escolas-de-ensino-integral-sao-pauta-de-reuniao-da-comissao-de-educacao\" rel=\"noopener\">Informa\u00e7\u00f5es CMLSource link <\/a><\/p>\n","protected":false},"excerpt":{"rendered":"<p>Em reuni\u00e3o extraordin\u00e1ria nesta sexta-feira, 21 de fevereiro, a Comiss\u00e3o de Educa\u00e7\u00e3o da C\u00e2mara intermediou o di\u00e1logo entre a Defensoria P\u00fablica, diretoras de escolas de ensino integral e representantes da Secretaria de Educa\u00e7\u00e3o. O objetivo foi buscar entendimento entre os \u00f3rg\u00e3os no atendimento das demandas por vagas. Participaram da reuni\u00e3o as diretoras da rede de [&hellip;]<\/p>\n","protected":false},"author":1,"featured_media":0,"comment_status":"open","ping_status":"open","sticky":false,"template":"","format":"standard","meta":{"_jetpack_newsletter_access":"","_jetpack_dont_email_post_to_subs":false,"_jetpack_newsletter_tier_id":0,"_jetpack_memberships_contains_paywalled_content":false,"_mbp_banners":[],"_jetpack_feature_clip_id":0,"_jetpack_memberships_contains_paid_content":false,"footnotes":"","jetpack_publicize_message":"","jetpack_publicize_feature_enabled":true,"jetpack_social_post_already_shared":true,"jetpack_social_options":{"image_generator_settings":{"template":"highway","default_image_id":0,"font":"","enabled":false},"version":2},"jetpack_post_was_ever_published":false},"categories":[19],"tags":[],"class_list":["post-24390","post","type-post","status-publish","format-standard","category-politica"],"jetpack_publicize_connections":[],"jetpack-related-posts":[],"jetpack_shortlink":"https:\/\/wp.me\/p7Eq1F-6lo","jetpack_sharing_enabled":true,"jetpack_featured_media_url":"","_links":{"self":[{"href":"https:\/\/guialimeira.com.br\/news\/wp-json\/wp\/v2\/posts\/24390","targetHints":{"allow":["GET"]}}],"collection":[{"href":"https:\/\/guialimeira.com.br\/news\/wp-json\/wp\/v2\/posts"}],"about":[{"href":"https:\/\/guialimeira.com.br\/news\/wp-json\/wp\/v2\/types\/post"}],"author":[{"embeddable":true,"href":"https:\/\/guialimeira.com.br\/news\/wp-json\/wp\/v2\/users\/1"}],"replies":[{"embeddable":true,"href":"https:\/\/guialimeira.com.br\/news\/wp-json\/wp\/v2\/comments?post=24390"}],"version-history":[{"count":1,"href":"https:\/\/guialimeira.com.br\/news\/wp-json\/wp\/v2\/posts\/24390\/revisions"}],"predecessor-version":[{"id":24391,"href":"https:\/\/guialimeira.com.br\/news\/wp-json\/wp\/v2\/posts\/24390\/revisions\/24391"}],"wp:attachment":[{"href":"https:\/\/guialimeira.com.br\/news\/wp-json\/wp\/v2\/media?parent=24390"}],"wp:term":[{"taxonomy":"category","embeddable":true,"href":"https:\/\/guialimeira.com.br\/news\/wp-json\/wp\/v2\/categories?post=24390"},{"taxonomy":"post_tag","embeddable":true,"href":"https:\/\/guialimeira.com.br\/news\/wp-json\/wp\/v2\/tags?post=24390"}],"curies":[{"name":"wp","href":"https:\/\/api.w.org\/{rel}","templated":true}]}}