{"id":24382,"date":"2025-02-22T10:23:39","date_gmt":"2025-02-22T13:23:39","guid":{"rendered":"https:\/\/guialimeira.com.br\/?p=24382"},"modified":"2025-02-22T10:23:40","modified_gmt":"2025-02-22T13:23:40","slug":"vereadores-elias-barbosa-e-sidney-pascotto-cobram-explicacoes-sobre-sumico-de-processos-do-data-center-da-microsoft-em-limeira","status":"publish","type":"post","link":"https:\/\/guialimeira.com.br\/news\/vereadores-elias-barbosa-e-sidney-pascotto-cobram-explicacoes-sobre-sumico-de-processos-do-data-center-da-microsoft-em-limeira\/","title":{"rendered":"Vereadores Elias Barbosa e Sidney Pascotto cobram explica\u00e7\u00f5es sobre sumi\u00e7o de processos do Data Center da Microsoft em Limeira"},"content":{"rendered":"\n<p class=\"wp-block-paragraph\">Os vereadores <strong>Elias&nbsp; Barbosa e Sidney Pascotto, ambos do PRTB<\/strong>, apresentaram um requerimento solicitando esclarecimentos \u00e0 Prefeitura de Limeira sobre o desaparecimento dos <strong>processos administrativos relacionados \u00e0 instala\u00e7\u00e3o do Data Center da Microsoft na cidade<\/strong>. Al\u00e9m disso, questionam o andamento da sindic\u00e2ncia instaurada para apurar os fatos.<\/p>\n\n\n\n<p class=\"wp-block-paragraph\">A iniciativa busca garantir transpar\u00eancia e responsabiliza\u00e7\u00e3o diante de um epis\u00f3dio que levanta s\u00e9rias preocupa\u00e7\u00f5es sobre a seguran\u00e7a e gest\u00e3o documental no munic\u00edpio.<\/p>\n\n\n\n<h4 class=\"wp-block-heading\"><strong>Principais questionamentos do requerimento<\/strong><\/h4>\n\n\n\n<p class=\"wp-block-paragraph\">Os parlamentares elencaram uma s\u00e9rie de perguntas que visam esclarecer o ocorrido. Entre os principais pontos est\u00e3o:<\/p>\n\n\n\n<p class=\"wp-block-paragraph\">\ud83d\udccc <strong>Quando foi constatado o desaparecimento do processo?<\/strong><br>\ud83d\udccc <strong>Quais foram as circunst\u00e2ncias do sumi\u00e7o? O documento foi extraviado, retirado ou houve falha administrativa?<\/strong><br>\ud83d\udccc <strong>Qual era o tr\u00e2mite normal desse processo e em qual setor ele deveria estar arquivado?<\/strong><br>\ud83d\udccc <strong>Quem era o respons\u00e1vel pelo armazenamento e controle desse documento na Secretaria de Desenvolvimento?<\/strong><br>\ud83d\udccc <strong>Quando a sindic\u00e2ncia foi instaurada e quais s\u00e3o os membros da comiss\u00e3o respons\u00e1vel pela investiga\u00e7\u00e3o?<\/strong><br>\ud83d\udccc <strong>Quais dilig\u00eancias j\u00e1 foram realizadas para apurar o ocorrido?<\/strong><br>\ud83d\udccc <strong>J\u00e1 h\u00e1 identifica\u00e7\u00e3o de respons\u00e1veis pelo sumi\u00e7o? Se sim, quais provid\u00eancias foram tomadas?<\/strong><br>\ud83d\udccc <strong>Caso o processo tenha sido encontrado, por que n\u00e3o houve a devida publicidade? O documento foi recuperado na \u00edntegra ou h\u00e1 registros desaparecidos?<\/strong><br>\ud83d\udccc <strong>Se houver danos ou adultera\u00e7\u00f5es, quais medidas ser\u00e3o adotadas para restaurar a integridade do processo?<\/strong><\/p>\n\n\n\n<h4 class=\"wp-block-heading\"><strong>Transpar\u00eancia e fiscaliza\u00e7\u00e3o<\/strong><\/h4>\n\n\n\n<p class=\"wp-block-paragraph\">O desaparecimento de um processo administrativo desse porte gera <strong>preocupa\u00e7\u00e3o e desconfian\u00e7a<\/strong> sobre a seguran\u00e7a documental e a transpar\u00eancia na gest\u00e3o p\u00fablica. Por isso, os vereadores solicitam que a Prefeitura informe <strong>se o documento original est\u00e1 acess\u00edvel para consulta p\u00fablica<\/strong> e, caso n\u00e3o esteja, quais s\u00e3o os motivos dessa restri\u00e7\u00e3o.<\/p>\n\n\n\n<h4 class=\"wp-block-heading\"><strong>Compromisso com a popula\u00e7\u00e3o<\/strong><\/h4>\n\n\n\n<p class=\"wp-block-paragraph\">Elias Barbosa e Sidney Pascotto refor\u00e7am que continuar\u00e3o acompanhando o caso e cobrando provid\u00eancias para garantir que a verdade seja esclarecida e que eventuais respons\u00e1veis sejam identificados. A popula\u00e7\u00e3o tem o direito de saber o que aconteceu com um processo t\u00e3o relevante para o munic\u00edpio.<\/p>\n","protected":false},"excerpt":{"rendered":"<p>Os vereadores Elias&nbsp; Barbosa e Sidney Pascotto, ambos do PRTB, apresentaram um requerimento solicitando esclarecimentos \u00e0 Prefeitura de Limeira sobre o desaparecimento dos processos administrativos relacionados \u00e0 instala\u00e7\u00e3o do Data Center da Microsoft na cidade. Al\u00e9m disso, questionam o andamento da sindic\u00e2ncia instaurada para apurar os fatos. A iniciativa busca garantir transpar\u00eancia e responsabiliza\u00e7\u00e3o diante [&hellip;]<\/p>\n","protected":false},"author":1,"featured_media":24385,"comment_status":"open","ping_status":"open","sticky":false,"template":"","format":"standard","meta":{"_jetpack_newsletter_access":"","_jetpack_dont_email_post_to_subs":false,"_jetpack_newsletter_tier_id":0,"_jetpack_memberships_contains_paywalled_content":false,"_mbp_banners":[],"_jetpack_feature_clip_id":0,"_jetpack_memberships_contains_paid_content":false,"footnotes":"","jetpack_publicize_message":"","jetpack_publicize_feature_enabled":true,"jetpack_social_post_already_shared":true,"jetpack_social_options":{"image_generator_settings":{"template":"highway","default_image_id":0,"font":"","enabled":false},"version":2},"jetpack_post_was_ever_published":false},"categories":[19],"tags":[],"class_list":["post-24382","post","type-post","status-publish","format-standard","has-post-thumbnail","category-politica"],"jetpack_publicize_connections":[],"jetpack-related-posts":[],"jetpack_shortlink":"https:\/\/wp.me\/p7Eq1F-6lg","jetpack_sharing_enabled":true,"jetpack_featured_media_url":"https:\/\/i0.wp.com\/guialimeira.com.br\/news\/wp-content\/uploads\/2025\/02\/dupla-elias-lemao.png?fit=1200%2C600&ssl=1","_links":{"self":[{"href":"https:\/\/guialimeira.com.br\/news\/wp-json\/wp\/v2\/posts\/24382","targetHints":{"allow":["GET"]}}],"collection":[{"href":"https:\/\/guialimeira.com.br\/news\/wp-json\/wp\/v2\/posts"}],"about":[{"href":"https:\/\/guialimeira.com.br\/news\/wp-json\/wp\/v2\/types\/post"}],"author":[{"embeddable":true,"href":"https:\/\/guialimeira.com.br\/news\/wp-json\/wp\/v2\/users\/1"}],"replies":[{"embeddable":true,"href":"https:\/\/guialimeira.com.br\/news\/wp-json\/wp\/v2\/comments?post=24382"}],"version-history":[{"count":1,"href":"https:\/\/guialimeira.com.br\/news\/wp-json\/wp\/v2\/posts\/24382\/revisions"}],"predecessor-version":[{"id":24386,"href":"https:\/\/guialimeira.com.br\/news\/wp-json\/wp\/v2\/posts\/24382\/revisions\/24386"}],"wp:featuredmedia":[{"embeddable":true,"href":"https:\/\/guialimeira.com.br\/news\/wp-json\/wp\/v2\/media\/24385"}],"wp:attachment":[{"href":"https:\/\/guialimeira.com.br\/news\/wp-json\/wp\/v2\/media?parent=24382"}],"wp:term":[{"taxonomy":"category","embeddable":true,"href":"https:\/\/guialimeira.com.br\/news\/wp-json\/wp\/v2\/categories?post=24382"},{"taxonomy":"post_tag","embeddable":true,"href":"https:\/\/guialimeira.com.br\/news\/wp-json\/wp\/v2\/tags?post=24382"}],"curies":[{"name":"wp","href":"https:\/\/api.w.org\/{rel}","templated":true}]}}