{"id":24378,"date":"2025-02-22T15:02:00","date_gmt":"2025-02-22T18:02:00","guid":{"rendered":"https:\/\/guialimeira.com.br\/?p=24378"},"modified":"2025-02-22T10:05:32","modified_gmt":"2025-02-22T13:05:32","slug":"vereador-elias-barbosa-solicita-informacoes-sobre-emendas-parlamentares-recebidas-em-2023-e-2024","status":"publish","type":"post","link":"https:\/\/guialimeira.com.br\/news\/vereador-elias-barbosa-solicita-informacoes-sobre-emendas-parlamentares-recebidas-em-2023-e-2024\/","title":{"rendered":"Vereador Elias Barbosa solicita informa\u00e7\u00f5es sobre emendas parlamentares recebidas em 2023 e 2024"},"content":{"rendered":"\n<p class=\"wp-block-paragraph\">O vereador <strong>Elias R. Barbosa (PRTB)<\/strong> apresentou um requerimento \u00e0 Prefeitura de Limeira solicitando informa\u00e7\u00f5es detalhadas sobre as <strong>emendas parlamentares recebidas nos anos de 2023 e 2024<\/strong>. O objetivo \u00e9 garantir maior transpar\u00eancia na aplica\u00e7\u00e3o desses recursos e entender como eles est\u00e3o sendo utilizados para beneficiar a popula\u00e7\u00e3o.<\/p>\n\n\n\n<h4 class=\"wp-block-heading\"><strong>Quais informa\u00e7\u00f5es foram solicitadas?<\/strong><\/h4>\n\n\n\n<p class=\"wp-block-paragraph\">O pedido encaminhado ao Executivo aborda tr\u00eas principais aspectos: <strong>quantidade e origem das emendas, aplica\u00e7\u00e3o dos recursos e transpar\u00eancia na gest\u00e3o<\/strong>.<\/p>\n\n\n\n<p class=\"wp-block-paragraph\">1\ufe0f\u20e3 <strong>Lista completa das emendas recebidas<\/strong><\/p>\n\n\n\n<ul class=\"wp-block-list\">\n<li>Data do repasse<\/li>\n\n\n\n<li>Valor total<\/li>\n\n\n\n<li>Origem (estadual ou federal)<\/li>\n\n\n\n<li>Parlamentar respons\u00e1vel pela indica\u00e7\u00e3o<\/li>\n\n\n\n<li>Tipo da emenda (impositiva, volunt\u00e1ria, de bancada, de relator, etc.)<\/li>\n<\/ul>\n\n\n\n<p class=\"wp-block-paragraph\">Al\u00e9m disso, caso alguma emenda tenha sido <strong>recusada ou devolvida<\/strong>, o vereador solicita a justificativa, incluindo os valores envolvidos.<\/p>\n\n\n\n<p class=\"wp-block-paragraph\">2\ufe0f\u20e3 <strong>Como os recursos est\u00e3o sendo aplicados?<\/strong><br>Para cada emenda recebida, o requerimento pede detalhes sobre:<\/p>\n\n\n\n<ul class=\"wp-block-list\">\n<li><strong>\u00d3rg\u00e3o respons\u00e1vel pela execu\u00e7\u00e3o<\/strong><\/li>\n\n\n\n<li><strong>Projeto ou a\u00e7\u00e3o beneficiada<\/strong><\/li>\n\n\n\n<li><strong>Localiza\u00e7\u00e3o da aplica\u00e7\u00e3o (se direcionada a um bairro, escola, unidade de sa\u00fade, etc.)<\/strong><\/li>\n\n\n\n<li><strong>Status atual da execu\u00e7\u00e3o<\/strong> (j\u00e1 utilizada, em andamento ou ainda n\u00e3o aplicada)<\/li>\n\n\n\n<li><strong>Motivo da n\u00e3o aplica\u00e7\u00e3o e prazo previsto para uso<\/strong>, caso os recursos ainda estejam parados<\/li>\n<\/ul>\n\n\n\n<p class=\"wp-block-paragraph\">3\ufe0f\u20e3 <strong>Transpar\u00eancia e fiscaliza\u00e7\u00e3o<\/strong><br>Outro ponto fundamental do requerimento \u00e9 garantir que essas informa\u00e7\u00f5es estejam dispon\u00edveis para consulta p\u00fablica. O vereador solicita esclarecimentos sobre:<br>\u2705 Disponibilidade dos dados no <strong>Portal da Transpar\u00eancia<\/strong><br>\u2705 Exist\u00eancia de <strong>relat\u00f3rios p\u00fablicos<\/strong> sobre a aplica\u00e7\u00e3o e impacto das emendas<br>\u2705 Medidas adotadas pela Prefeitura para garantir o <strong>uso correto e fiscaliza\u00e7\u00e3o<\/strong> desses recursos<\/p>\n\n\n\n<h4 class=\"wp-block-heading\"><strong>Por que essa solicita\u00e7\u00e3o \u00e9 importante?<\/strong><\/h4>\n\n\n\n<p class=\"wp-block-paragraph\">As <strong>emendas parlamentares<\/strong> s\u00e3o uma importante fonte de investimento para os munic\u00edpios, financiando projetos na sa\u00fade, educa\u00e7\u00e3o, infraestrutura e diversas outras \u00e1reas. Garantir que esses recursos sejam aplicados corretamente \u00e9 essencial para que a popula\u00e7\u00e3o de Limeira receba os benef\u00edcios planejados.<\/p>\n\n\n\n<p class=\"wp-block-paragraph\">O vereador Elias R. Barbosa segue acompanhando de perto o andamento desse requerimento e refor\u00e7a seu compromisso com a transpar\u00eancia e a boa gest\u00e3o dos recursos p\u00fablicos.<\/p>\n","protected":false},"excerpt":{"rendered":"<p>O vereador Elias R. Barbosa (PRTB) apresentou um requerimento \u00e0 Prefeitura de Limeira solicitando informa\u00e7\u00f5es detalhadas sobre as emendas parlamentares recebidas nos anos de 2023 e 2024. O objetivo \u00e9 garantir maior transpar\u00eancia na aplica\u00e7\u00e3o desses recursos e entender como eles est\u00e3o sendo utilizados para beneficiar a popula\u00e7\u00e3o. Quais informa\u00e7\u00f5es foram solicitadas? O pedido encaminhado [&hellip;]<\/p>\n","protected":false},"author":1,"featured_media":24379,"comment_status":"open","ping_status":"open","sticky":false,"template":"","format":"standard","meta":{"_jetpack_newsletter_access":"","_jetpack_dont_email_post_to_subs":false,"_jetpack_newsletter_tier_id":0,"_jetpack_memberships_contains_paywalled_content":false,"_mbp_banners":[],"_jetpack_feature_clip_id":0,"_jetpack_memberships_contains_paid_content":false,"footnotes":"","jetpack_publicize_message":"","jetpack_publicize_feature_enabled":true,"jetpack_social_post_already_shared":true,"jetpack_social_options":{"image_generator_settings":{"template":"highway","default_image_id":0,"font":"","enabled":false},"version":2},"jetpack_post_was_ever_published":false},"categories":[19],"tags":[],"class_list":["post-24378","post","type-post","status-publish","format-standard","has-post-thumbnail","category-politica"],"jetpack_publicize_connections":[],"jetpack-related-posts":[],"jetpack_shortlink":"https:\/\/wp.me\/p7Eq1F-6lc","jetpack_sharing_enabled":true,"jetpack_featured_media_url":"https:\/\/i0.wp.com\/guialimeira.com.br\/news\/wp-content\/uploads\/2025\/02\/2025-01-24_conheca-seu-vereador-elias-barbosa_1.jpg?fit=1280%2C640&ssl=1","_links":{"self":[{"href":"https:\/\/guialimeira.com.br\/news\/wp-json\/wp\/v2\/posts\/24378","targetHints":{"allow":["GET"]}}],"collection":[{"href":"https:\/\/guialimeira.com.br\/news\/wp-json\/wp\/v2\/posts"}],"about":[{"href":"https:\/\/guialimeira.com.br\/news\/wp-json\/wp\/v2\/types\/post"}],"author":[{"embeddable":true,"href":"https:\/\/guialimeira.com.br\/news\/wp-json\/wp\/v2\/users\/1"}],"replies":[{"embeddable":true,"href":"https:\/\/guialimeira.com.br\/news\/wp-json\/wp\/v2\/comments?post=24378"}],"version-history":[{"count":1,"href":"https:\/\/guialimeira.com.br\/news\/wp-json\/wp\/v2\/posts\/24378\/revisions"}],"predecessor-version":[{"id":24380,"href":"https:\/\/guialimeira.com.br\/news\/wp-json\/wp\/v2\/posts\/24378\/revisions\/24380"}],"wp:featuredmedia":[{"embeddable":true,"href":"https:\/\/guialimeira.com.br\/news\/wp-json\/wp\/v2\/media\/24379"}],"wp:attachment":[{"href":"https:\/\/guialimeira.com.br\/news\/wp-json\/wp\/v2\/media?parent=24378"}],"wp:term":[{"taxonomy":"category","embeddable":true,"href":"https:\/\/guialimeira.com.br\/news\/wp-json\/wp\/v2\/categories?post=24378"},{"taxonomy":"post_tag","embeddable":true,"href":"https:\/\/guialimeira.com.br\/news\/wp-json\/wp\/v2\/tags?post=24378"}],"curies":[{"name":"wp","href":"https:\/\/api.w.org\/{rel}","templated":true}]}}