{"id":24373,"date":"2025-02-22T09:38:55","date_gmt":"2025-02-22T12:38:55","guid":{"rendered":"https:\/\/guialimeira.com.br\/?p=24373"},"modified":"2025-02-22T09:38:55","modified_gmt":"2025-02-22T12:38:55","slug":"lula-defende-presuncao-de-inocencia-a-indiciados-por-golpe-de-estado","status":"publish","type":"post","link":"https:\/\/guialimeira.com.br\/news\/lula-defende-presuncao-de-inocencia-a-indiciados-por-golpe-de-estado\/","title":{"rendered":"Lula defende presun\u00e7\u00e3o de inoc\u00eancia a indiciados por golpe de Estado"},"content":{"rendered":"\n<figure class=\"wp-block-gallery has-nested-images columns-default is-cropped wp-block-gallery-1 is-layout-flex wp-block-gallery-is-layout-flex\">\n<figure class=\"wp-block-image size-large\"><\/figure>\n\t\t\t\t\t\n<figure class=\"wp-block-image size-large\"><img loading=\"lazy\" decoding=\"async\" width=\"1\" height=\"1\" data-attachment-id=\"24371\" data-permalink=\"https:\/\/guialimeira.com.br\/news\/lula-defende-presuncao-de-inocencia-a-indiciados-por-golpe-de-2\/\" data-orig-file=\"https:\/\/i0.wp.com\/guialimeira.com.br\/news\/wp-content\/uploads\/2025\/02\/ebc.gif?fit=1%2C1&amp;ssl=1\" data-orig-size=\"1,1\" data-comments-opened=\"1\" data-image-meta=\"{&quot;aperture&quot;:&quot;0&quot;,&quot;credit&quot;:&quot;&quot;,&quot;camera&quot;:&quot;&quot;,&quot;caption&quot;:&quot;&quot;,&quot;created_timestamp&quot;:&quot;0&quot;,&quot;copyright&quot;:&quot;&quot;,&quot;focal_length&quot;:&quot;0&quot;,&quot;iso&quot;:&quot;0&quot;,&quot;shutter_speed&quot;:&quot;0&quot;,&quot;title&quot;:&quot;&quot;,&quot;orientation&quot;:&quot;0&quot;}\" data-image-title=\"Lula defende presun\u00e7\u00e3o de inoc\u00eancia a indiciados por golpe de\" data-image-description=\"\" data-image-caption=\"\" data-large-file=\"https:\/\/i0.wp.com\/guialimeira.com.br\/news\/wp-content\/uploads\/2025\/02\/ebc.gif?fit=1%2C1&amp;ssl=1\" data-id=\"24371\" src=\"https:\/\/i0.wp.com\/guialimeira.com.br\/wp-content\/uploads\/2025\/02\/ebc.gif?resize=1%2C1&#038;ssl=1\" alt=\"\" class=\"wp-image-24371\"\/><\/figure>\n\t\t\t\t\t\n<figure class=\"wp-block-image size-large\"><img loading=\"lazy\" decoding=\"async\" width=\"754\" height=\"503\" data-attachment-id=\"24372\" data-permalink=\"https:\/\/guialimeira.com.br\/news\/lula-defende-presuncao-de-inocencia-a-indiciados-por-golpe-de-3\/\" data-orig-file=\"https:\/\/i0.wp.com\/guialimeira.com.br\/news\/wp-content\/uploads\/2025\/02\/cimeira-brasil-portugal_mcamgo_abr_19022025-11.jpg?fit=754%2C503&amp;ssl=1\" data-orig-size=\"754,503\" data-comments-opened=\"1\" data-image-meta=\"{&quot;aperture&quot;:&quot;0&quot;,&quot;credit&quot;:&quot;&quot;,&quot;camera&quot;:&quot;&quot;,&quot;caption&quot;:&quot;&quot;,&quot;created_timestamp&quot;:&quot;0&quot;,&quot;copyright&quot;:&quot;&quot;,&quot;focal_length&quot;:&quot;0&quot;,&quot;iso&quot;:&quot;0&quot;,&quot;shutter_speed&quot;:&quot;0&quot;,&quot;title&quot;:&quot;&quot;,&quot;orientation&quot;:&quot;0&quot;}\" data-image-title=\"Lula defende presun\u00e7\u00e3o de inoc\u00eancia a indiciados por golpe de\" data-image-description=\"\" data-image-caption=\"\" data-large-file=\"https:\/\/i0.wp.com\/guialimeira.com.br\/news\/wp-content\/uploads\/2025\/02\/cimeira-brasil-portugal_mcamgo_abr_19022025-11.jpg?fit=696%2C464&amp;ssl=1\" data-id=\"24372\" src=\"https:\/\/i0.wp.com\/guialimeira.com.br\/wp-content\/uploads\/2025\/02\/cimeira-brasil-portugal_mcamgo_abr_19022025-11.jpg?resize=150%2C150&#038;ssl=1\" alt=\"\" class=\"wp-image-24372\"\/><\/figure>\n\t\t\t\t\t<\/figure>\n \r\n<br><div>\n                    <p>O presidente Luiz In\u00e1cio Lula da Silva defendeu, nesta quarta-feira (19), que o ex-presidente Jair Bolsonaro tenha a presun\u00e7\u00e3o de inoc\u00eancia garantida e o direito \u00e0 ampla defesa. Nesta ter\u00e7a-feira (18), a Procuradoria-Geral da Rep\u00fablica (PGR) denunciou Bolsonaro e <a href=\"https:\/\/agenciabrasil.ebc.com.br\/justica\/noticia\/2025-02\/pgr-denuncia-bolsonaro-e-mais-33-por-tentativa-de-golpe-de-estado\" target=\"_blank\" rel=\"noopener\">mais 33 pessoas<\/a>\u00a0ao Supremo Tribunal Federal (STF) pelos crimes de golpe de Estado, aboli\u00e7\u00e3o violenta do Estado Democr\u00e1tico de Direito e organiza\u00e7\u00e3o criminosa, na tentativa de <a href=\"https:\/\/agenciabrasil.ebc.com.br\/politica\/noticia\/2025-02\/conheca-cronologia-da-tentativa-de-golpe-de-estado-segundo-pgr\" target=\"_blank\" rel=\"noopener\">impedir o terceiro mandato do presidente Lula<\/a>.<img data-recalc-dims=\"1\" decoding=\"async\" src=\"https:\/\/i0.wp.com\/guialimeira.com.br\/wp-content\/uploads\/2025\/02\/ebc.png?w=696&#038;ssl=1\" style=\"width:1px; height:1px; display:inline;\"\/><img data-recalc-dims=\"1\" decoding=\"async\" src=\"https:\/\/i0.wp.com\/guialimeira.com.br\/wp-content\/uploads\/2025\/02\/ebc.gif?w=696&#038;ssl=1\" style=\"width:1px; height:1px; display:inline;\"\/><\/p>\n\n<p>\u201cA \u00fanica coisa que eu posso dizer \u00e9 que, nesse pa\u00eds, no tempo em que eu governo o Brasil, todas as pessoas t\u00eam direito \u00e0 presun\u00e7\u00e3o de inoc\u00eancia\u201d, disse Lula em coletiva de imprensa, no Pal\u00e1cio do Planalto, ap\u00f3s encontro com primeiro-ministro de Portugal, Lu\u00eds Montenegro. Os dois pa\u00edses <a href=\"https:\/\/agenciabrasil.ebc.com.br\/politica\/noticia\/2025-02\/brasil-e-portugal-assinam-19-acordos-bilaterais\" target=\"_blank\" rel=\"noopener\">assinaram 19 acordos<\/a>\u00a0durante a visita oficial do chefe de governo portugu\u00eas.<\/p>\n\n<p>A defesa de Bolsonaro <a href=\"https:\/\/agenciabrasil.ebc.com.br\/justica\/noticia\/2025-02\/defesa-de-bolsonaro-critica-denuncia-da-pgr\" target=\"_blank\" rel=\"noopener\">nega as acusa\u00e7\u00f5es<\/a> e afirma que o ex-presidente \u201cjamais compactuou com qualquer movimento que visasse a desconstru\u00e7\u00e3o do Estado Democr\u00e1tico de Direito ou as institui\u00e7\u00f5es que o pavimentam\u201d. As acusa\u00e7\u00f5es da procuradoria est\u00e3o baseadas no <a href=\"https:\/\/agenciabrasil.ebc.com.br\/geral\/noticia\/2024-11\/veja-lista-dos-37-indiciados-pela-pf-no-inquerito-do-golpe-de-estado\" target=\"_blank\" rel=\"noopener\">inqu\u00e9rito da Pol\u00edcia Federal<\/a> (PF).<\/p>\n\n<p>Lula refor\u00e7ou que a den\u00fancia da PGR \u00e9 apenas o primeiro-passo do processo penal. \u201cSe eles provarem que n\u00e3o tentaram dar golpe, e se eles provarem que n\u00e3o tentaram matar o presidente, o vice-presidente e o presidente do Superior Tribunal Eleitoral, eles ficar\u00e3o livres e ser\u00e3o cidad\u00e3os que poder\u00e3o transitar pelo Brasil inteiro. Ora, se na hora que o juiz for julgar, chegarem \u00e0 conclus\u00e3o que eles s\u00e3o culpados, eles ter\u00e3o que pagar pelo erro que cometeram\u201d, disse Lula.<\/p>\n\n<blockquote>\n<p>\u201cPortanto, \u00e9 apenas o indiciamento, o processo agora vai para a Suprema Corte e eles ter\u00e3o todo o direito de se defender\u201d, completou.<\/p>\n<\/blockquote>\n\n<blockquote class=\"instagram-media\" data-instgrm-permalink=\"https:\/\/www.instagram.com\/reel\/DGReWTTJMS0\/?utm_source=ig_embed&amp;utm_campaign=loading\" data-instgrm-version=\"14\" style=\" background:#FFF; border:0; border-radius:3px; box-shadow:0 0 1px 0 rgba(0,0,0,0.5),0 1px 10px 0 rgba(0,0,0,0.15); margin: 1px; max-width:540px; min-width:326px; padding:0; width:99.375%; width:-webkit-calc(100% - 2px); width:calc(100% - 2px);\">\n\n<\/blockquote>\n\n\n<h2>\u00a0<\/h2>\n\n<h2>Guerra na Ucr\u00e2nia<\/h2>\n\n<p>O presidente Lula tamb\u00e9m comentou sobre a guerra entre\u00a0R\u00fassia e\u00a0Ucr\u00e2nia e a tentativa do presidente dos Estados Unidos, Donald Trump, de negociar o fim do conflito apenas com os russos, deixando de lado os representantes ucranianos e da Uni\u00e3o Europeia. O brasileiro defendeu que \u201cos dois lados devem sentar \u00e0 mesa\u201d e disse que \u201co Brasil n\u00e3o enviar\u00e1 tropa, o Brasil s\u00f3 mandar\u00e1 miss\u00e3o de paz\u201d.<\/p>\n\n<p>\u201cAqui n\u00f3s cansamos de dizer: n\u00e3o tem paz se n\u00e3o chamar os dois e colocar na mesa. N\u00e3o tem paz s\u00f3 de um lado. Pois bem, o <a href=\"https:\/\/agenciabrasil.ebc.com.br\/internacional\/noticia\/2024-09\/brasil-china-e-mais-11-paises-anunciam-criacao-do-grupo-amigos-da-paz\" target=\"_blank\" rel=\"noopener\">Brasil e a China<\/a> fizeram um protocolo\u00a0para tentar encontrar uma forma de paz. Esse protocolo foi discutido com muitos pa\u00edses, mas me parece que as pessoas n\u00e3o deram muita import\u00e2ncia. Agora, o Trump ganha as elei\u00e7\u00f5es e come\u00e7a a conversar com o Putin. E, agora, a preocupa\u00e7\u00e3o de algumas pessoas \u00e9 que o Trump tem que chamar o Zelensky para a negocia\u00e7\u00e3o, porque agora s\u00f3 est\u00e1 o Putin negociando. E eu tamb\u00e9m acho errado\u201d, disse Lula.<\/p>\n\n<p>\u201cAcho que o papel do Trump de negociar sem querer ouvir a Uni\u00e3o Europeia \u00e9 ruim, \u00e9 muito ruim porque a Uni\u00e3o Europeia se envolveu nessa guerra com muita for\u00e7a. Eu acho que, agora, a Uni\u00e3o Europeia n\u00e3o pode ficar de fora da negocia\u00e7\u00e3o\u201d, afirmou o presidente, colocando o Brasil \u00e0 disposi\u00e7\u00e3o para contribuir.<\/p><p>\u201cEu n\u00e3o posso ter um lado privilegiado, eu tenho que criticar os dois lados que entraram em guerra e tenho que favorecer todos aqueles que querem paz. Essa posi\u00e7\u00e3o do Brasil continua intacta\u201d, disse, lembrando que o Brasil <a href=\"https:\/\/agenciabrasil.ebc.com.br\/politica\/noticia\/2023-05\/brasil-condena-invasao-da-ucrania-mas-e-contra-isolamento-da-r%C3%BAssia\" target=\"_blank\" rel=\"noopener\">condenou a viola\u00e7\u00e3o do territ\u00f3rio<\/a> ucraniano pela R\u00fassia.<\/p>\n\n<p>O primeiro-ministro de Portugal, Lu\u00eds Montenegro, tamb\u00e9m defendeu a negocia\u00e7\u00e3o para o fim de conflito com a participa\u00e7\u00e3o das duas partes envolvidas, mas lembrou que a Uni\u00e3o Europeia participou desde o primeiro momento na defesa da Ucr\u00e2nia, \u201csalvaguardando os direitos e liberdades dos ucranianos\u201d.<\/p>\n\n<div class=\"dnd-widget-wrapper context-cheio_8colunas type-image\"><div class=\"dnd-atom-rendered\"><!-- scald=414504:cheio_8colunas -->\n            <img data-recalc-dims=\"1\" decoding=\"async\" src=\"https:\/\/i0.wp.com\/guialimeira.com.br\/wp-content\/uploads\/2025\/02\/cimeira-brasil-portugal_mcamgo_abr_19022025-11.jpg?w=696&#038;ssl=1\" alt=\"Bras\u00edlia (DF), 19\/02\/2025 - O  primeiro-ministro portugu\u00eas, Lu\u00eds Montenegro, durante entrevista coletiva ecerim\u00f4nia de assinatura de acordos nos setores de sa\u00fade, ci\u00eancia e tecnologia e seguran\u00e7a p\u00fablica. Foto: Marcelo Camargo\/Ag\u00eancia Brasil\" title=\"Marcelo Camargo\/Ag\u00eancia Brasil\"\/>\n        <img data-recalc-dims=\"1\" decoding=\"async\" src=\"https:\/\/i0.wp.com\/guialimeira.com.br\/wp-content\/uploads\/2025\/02\/cimeira-brasil-portugal_mcamgo_abr_19022025-11.jpg?w=696&#038;ssl=1\" alt=\"Bras\u00edlia (DF), 19\/02\/2025 - O  primeiro-ministro portugu\u00eas, Lu\u00eds Montenegro, durante entrevista coletiva ecerim\u00f4nia de assinatura de acordos nos setores de sa\u00fade, ci\u00eancia e tecnologia e seguran\u00e7a p\u00fablica. Foto: Marcelo Camargo\/Ag\u00eancia Brasil\" title=\"Marcelo Camargo\/Ag\u00eancia Brasil\"\/>\n    <!-- END scald=414504 --><\/div><p>\n<h6 class=\"meta\"><!--copyright=414504-->Bras\u00edlia (DF), 19\/02\/2025 &#8211; Lu\u00eds Montenegro\u00a0no Pal\u00e1cio do Planalto- <strong>Marcelo Camargo\/Ag\u00eancia Brasil<\/strong><!--END copyright=414504--><\/h6>\n<\/p><\/div>\n\n<p>Na opini\u00e3o de Montenegro, o processo de paz deve envolver, naturalmente e obrigatoriamente, a Ucr\u00e2nia e a Europa e que esta \u00e9 a forma se pode projetar paz para os pr\u00f3ximos anos. &#8220;Em algum momento\u00a0as duas partes ter\u00e3o de estar na mesma mesa. E a Europa \u00e9, indiscutivelmente, um parceiro que moderar\u00e1 essa aproxima\u00e7\u00e3o e defender\u00e1 os valores que estiveram na base da sua interven\u00e7\u00e3o ao lado do povo ucraniano\u201d, completou.<\/p>\n\n<p>\u201cPortugal nunca teve e n\u00e3o tem d\u00favidas de que, neste conflito, o agressor \u00e9 a R\u00fassia; neste conflito, o ofendido \u00e9 a Ucr\u00e2nia; este conflito, o ofendido \u00e9 a democracia, s\u00e3o os direitos e liberdades de um povo que \u00e9 soberano, \u00e9 soberano no seu regime pol\u00edtico e \u00e9 soberano no seu territ\u00f3rio\u201d, acrescentou, durante a coletiva de imprensa.<\/p>\n\n      <!-- Relacionada -->\n              \n            <!-- Relacionada -->\n    <\/div><script async src=\"\/\/www.instagram.com\/embed.js\"><\/script>\r\n<br>\r\n<br><a href=\"https:\/\/agenciabrasil.ebc.com.br\/politica\/noticia\/2025-02\/lula-defende-presuncao-de-inocencia-denunciados-por-golpe-de-estado\" rel=\"noopener\">Ag\u00eancia Brasil<\/a>","protected":false},"excerpt":{"rendered":"<p>O presidente Luiz In\u00e1cio Lula da Silva defendeu, nesta quarta-feira (19), que o ex-presidente Jair Bolsonaro tenha a presun\u00e7\u00e3o de inoc\u00eancia garantida e o direito \u00e0 ampla defesa. Nesta ter\u00e7a-feira (18), a Procuradoria-Geral da Rep\u00fablica (PGR) denunciou Bolsonaro e mais 33 pessoas\u00a0ao Supremo Tribunal Federal (STF) pelos crimes de golpe de Estado, aboli\u00e7\u00e3o violenta do [&hellip;]<\/p>\n","protected":false},"author":1,"featured_media":24374,"comment_status":"open","ping_status":"open","sticky":false,"template":"","format":"standard","meta":{"_jetpack_newsletter_access":"","_jetpack_dont_email_post_to_subs":false,"_jetpack_newsletter_tier_id":0,"_jetpack_memberships_contains_paywalled_content":false,"_mbp_banners":[],"_jetpack_feature_clip_id":0,"_jetpack_memberships_contains_paid_content":false,"footnotes":"","jetpack_publicize_message":"","jetpack_publicize_feature_enabled":true,"jetpack_social_post_already_shared":true,"jetpack_social_options":{"image_generator_settings":{"template":"highway","default_image_id":0,"font":"","enabled":false},"version":2},"jetpack_post_was_ever_published":false},"categories":[19],"tags":[],"class_list":["post-24373","post","type-post","status-publish","format-standard","has-post-thumbnail","category-politica"],"jetpack_publicize_connections":[],"jetpack-related-posts":[],"jetpack_shortlink":"https:\/\/wp.me\/p7Eq1F-6l7","jetpack_sharing_enabled":true,"jetpack_featured_media_url":"https:\/\/i0.wp.com\/guialimeira.com.br\/news\/wp-content\/uploads\/2025\/02\/Lula-defende-presuncao-de-inocencia-a-indiciados-por-golpe-de.jpg?fit=1600%2C800&ssl=1","_links":{"self":[{"href":"https:\/\/guialimeira.com.br\/news\/wp-json\/wp\/v2\/posts\/24373","targetHints":{"allow":["GET"]}}],"collection":[{"href":"https:\/\/guialimeira.com.br\/news\/wp-json\/wp\/v2\/posts"}],"about":[{"href":"https:\/\/guialimeira.com.br\/news\/wp-json\/wp\/v2\/types\/post"}],"author":[{"embeddable":true,"href":"https:\/\/guialimeira.com.br\/news\/wp-json\/wp\/v2\/users\/1"}],"replies":[{"embeddable":true,"href":"https:\/\/guialimeira.com.br\/news\/wp-json\/wp\/v2\/comments?post=24373"}],"version-history":[{"count":1,"href":"https:\/\/guialimeira.com.br\/news\/wp-json\/wp\/v2\/posts\/24373\/revisions"}],"predecessor-version":[{"id":24375,"href":"https:\/\/guialimeira.com.br\/news\/wp-json\/wp\/v2\/posts\/24373\/revisions\/24375"}],"wp:featuredmedia":[{"embeddable":true,"href":"https:\/\/guialimeira.com.br\/news\/wp-json\/wp\/v2\/media\/24374"}],"wp:attachment":[{"href":"https:\/\/guialimeira.com.br\/news\/wp-json\/wp\/v2\/media?parent=24373"}],"wp:term":[{"taxonomy":"category","embeddable":true,"href":"https:\/\/guialimeira.com.br\/news\/wp-json\/wp\/v2\/categories?post=24373"},{"taxonomy":"post_tag","embeddable":true,"href":"https:\/\/guialimeira.com.br\/news\/wp-json\/wp\/v2\/tags?post=24373"}],"curies":[{"name":"wp","href":"https:\/\/api.w.org\/{rel}","templated":true}]}}