{"id":2437,"date":"2024-04-23T10:30:15","date_gmt":"2024-04-23T13:30:15","guid":{"rendered":"https:\/\/guialimeira.com.br\/2024\/04\/23\/estudo-relata-violencia-contra-liberdade-de-imprensa-na-amazonia\/"},"modified":"2024-04-23T10:30:15","modified_gmt":"2024-04-23T13:30:15","slug":"estudo-relata-violencia-contra-liberdade-de-imprensa-na-amazonia","status":"publish","type":"post","link":"https:\/\/guialimeira.com.br\/news\/estudo-relata-violencia-contra-liberdade-de-imprensa-na-amazonia\/","title":{"rendered":"Estudo relata viol\u00eancia contra liberdade de imprensa na Amaz\u00f4nia"},"content":{"rendered":"<p> <br \/>\n<\/p>\n<div>\n<p>Alertar a sociedade sobre a rela\u00e7\u00e3o de\u00a0crimes contra o meio ambiente e a viol\u00eancia contra jornalistas\u00a0na Amaz\u00f4nia \u00e9 o objetivo do estudo <em>Fronteiras da Informa\u00e7\u00e3o \u2013 Relat\u00f3rio sobre jornalismo e viol\u00eancia na Amaz\u00f4nia<\/em>, lan\u00e7ado hoje (23) pelo<a href=\"http:\/\/Alertar a sociedade sobre da rela\u00e7\u00e3o entre crimes contra o meio ambiente e a viol\u00eancia contra jornalistas comunicadores na Amaz\u00f4nia \u00e9 o objetivo do relat\u00f3rio \u201cFronteiras da Informa\u00e7\u00e3o \u2013 Relat\u00f3rio sobre jornalismo e viol\u00eancia na Amaz\u00f4nia\u201d, lan\u00e7ado hoje (23) pelo Instituto Vladimir Herzog (IVH) (https:\/\/vladimirherzog.org\/), em Bel\u00e9m. O material tra\u00e7a um panorama da situa\u00e7\u00e3o na regi\u00e3o amaz\u00f4nica, que tem sido palco de uma crescente onda de viol\u00eancia que atinge diretamente os profissionais da imprensa. Dados da Federac\u0327a\u0303o Nacional dos Jornalistas (Fenaj) apontam a ocorr\u00eancia de 230 casos de viole\u0302ncia contra jornalistas e a liberdade de imprensa nos nove estados da Amazo\u0302nia Legal nos \u00faltimos dez anos. Segundo ao Fenaj, o Para\u0301 e\u0301 o estado mais violento para repo\u0301rteres na Amazo\u0302nia, com 89 casos registrados em uma de\u0301cada, seguido por Amazonas (38), Mato Grosso (31) e Rondo\u0302nia (20). Um dos casos mais emblem\u00e1ticos e que chocou o Brasil e o mundo foi o assassinato do jornalista ingl\u00eas Dom Phillips e do indigenista Bruno Pereira, em 2022 (https:\/\/agenciabrasil.ebc.com.br\/geral\/noticia\/2022-06\/pf-apura-desaparecimento-de-indigenista-e-jornalista-na-amazonia), no Vale do Javari, no Amazonas. O coordenador de Jornalismo e Liberdade de Express\u00e3o do Instituto Vladimir Herzog Giuliano Galli explicou que a morte brutal levou o instituto, que j\u00e1 desenvolve projetos relacionados \u00e0 prote\u00e7\u00e3o de jornalistas em todo o Brasil, a se debru\u00e7ar com maior aten\u00e7\u00e3o para o casos de viol\u00eancia na regi\u00e3o \u201cEspecificamente nos \u00faltimos anos, principalmente ap\u00f3s o assassinato do Bruno e do Dom, a gente come\u00e7ou a receber um volume de den\u00fancias muito maior de jornalistas e comunicadores que atuam na regi\u00e3o amaz\u00f4nica. Ent\u00e3o a grande motiva\u00e7\u00e3o foi produzir um documento que embasasse essa nossa percep\u00e7\u00e3o de ter um n\u00famero de casos maior naquela regi\u00e3o para que a gente pudesse utilizar para um trabalho de incid\u00eancia junto a atores do Estado brasileiro para que, efetivamente, o Estado, que \u00e9 quem tem essa responsabilidade, possa adotar medidas e criar pol\u00edticas p\u00fablicas de prote\u00e7\u00e3o a essas pessoas, jornalistas e comunicadores na Amaz\u00f4nia.\u201d, disse Galli \u00e0 Ag\u00eancia Brasil. O relat\u00f3rio traz diversos relatos de casos em que a viole\u0302ncia contra jornalistas e comunicadores na Amaz\u00f4nia aparece diretamente ligada a\u0300s investigac\u0327o\u0303es sobre crimes ambientais. Outro dado presente no documento diz respeito ao fato de que, em 2022, por exemplo, ano eleitoral, o registro de viole\u0302ncia contra jornalistas na Amazo\u0302nia mais que dobrou em relac\u0327a\u0303o a 2021. Foram 45 casos contra 20 no ano anterior, segundo levantamento da Fenaj. \u201cOs relatos que a gente recebe \u00e9 que, especificamente no Vale do Javari, onde eles foram assassinados, a situa\u00e7\u00e3o ainda continua bastante perigosa e pouco foi feito desde ent\u00e3o. Ent\u00e3o n\u00e3o deixa de ser uma motiva\u00e7\u00e3o pra gente tamb\u00e9m evitar que casos parecidos como o do Bruno e do Dom se repitam, n\u00e3o s\u00f3 no Vale do Javari, mas em toda a Amaz\u00f4nia e em todo o Brasil\u201d, acrescentou Galli. Para o coordenador de Jornalismo e Liberdade de Express\u00e3o do IVH o relat\u00f3rio \u00e9 claro ao apontar a rela\u00e7\u00e3o de atividades ilegais como garimpo (https:\/\/agenciabrasil.ebc.com.br\/geral\/noticia\/2024-04\/na-amazonia-77-do-garimpo-esta-menos-de-500-m-de-cursos-dagua), minera\u00e7\u00e3o, ocupa\u00e7\u00e3o de territ\u00f3rios ind\u00edgenas e a aus\u00eancia de de pol\u00edticas p\u00fablicas de prote\u00e7\u00e3o. Ele destaca ainda que essa viol\u00eancia n\u00e3o \u00e9 sofrida apenas por jornalistas e comunicadores, mas tamb\u00e9m por defensores de direitos humanos em geral.\" target=\"_blank\" rel=\"noopener\"> Instituto Vladimir Herzog<\/a> (IVH), em Bel\u00e9m.<img data-recalc-dims=\"1\" decoding=\"async\" src=\"https:\/\/i0.wp.com\/agenciabrasil.ebc.com.br\/ebc.png?w=696&#038;ssl=1\" style=\"width:1px; height:1px; display:inline;\"\/><img data-recalc-dims=\"1\" decoding=\"async\" src=\"https:\/\/i0.wp.com\/agenciabrasil.ebc.com.br\/ebc.gif?w=696&#038;ssl=1\" style=\"width:1px; height:1px; display:inline;\"\/><\/p>\n<p>O material tra\u00e7a um\u00a0panorama sobre a\u00a0situa\u00e7\u00e3o na regi\u00e3o amaz\u00f4nica, palco de\u00a0crescente onda de viol\u00eancia, atingindo\u00a0diretamente os profissionais de\u00a0imprensa.<\/p>\n<p>Dados da Federac\u0327a\u0303o Nacional dos Jornalistas (Fenaj) revelam a ocorr\u00eancia de 230 casos de viole\u0302ncia contra liberdade de imprensa nos nove estados da Amazo\u0302nia Legal, nos \u00faltimos dez anos. Segundo a\u00a0Fenaj, o Para\u0301 e\u0301 o estado mais violento para repo\u0301rteres\u00a0na Amazo\u0302nia, com 89 casos registrados em uma de\u0301cada, seguido por Amazonas (38), Mato Grosso (31) e Rondo\u0302nia (20).<\/p>\n<p>Um dos casos mais emblem\u00e1ticos e que chocou o Brasil e o mundo foi o <a href=\"https:\/\/agenciabrasil.ebc.com.br\/geral\/noticia\/2022-06\/pf-apura-desaparecimento-de-indigenista-e-jornalista-na-amazonia\" target=\"_blank\" rel=\"noopener\">assassinato <\/a>do jornalista ingl\u00eas Dom Phillips e do indigenista Bruno Pereira, em 2022<\/p>\n<p>Segundo o coordenador de Jornalismo e Liberdade de Express\u00e3o do Instituto Vladimir Herzog, Giuliano Galli, a morte brutal dos profissionais levou o instituto a se debru\u00e7ar com maior aten\u00e7\u00e3o aos casos de viol\u00eancia na regi\u00e3o. O instituto\u00a0desenvolve projetos relacionados \u00e0 prote\u00e7\u00e3o de jornalistas em todo o pa\u00eds.<\/p>\n<p>\u201cEspecificamente, nos \u00faltimos anos, principalmente ap\u00f3s o assassinato do Bruno e do Dom, a gente come\u00e7ou a receber um volume de den\u00fancias muito maior de jornalistas e comunicadores que atuam na regi\u00e3o amaz\u00f4nica. Ent\u00e3o, a grande motiva\u00e7\u00e3o foi produzir um documento que embasasse essa nossa percep\u00e7\u00e3o &#8211; de ter um n\u00famero de casos maior naquela regi\u00e3o &#8211; para que a gente pudesse utilizar para um trabalho de incid\u00eancia junto a atores do Estado brasileiro para que possa adotar medidas e criar pol\u00edticas p\u00fablicas de prote\u00e7\u00e3o aos jornalistas e comunicadores na Amaz\u00f4nia.\u201d, disse Galli \u00e0 <strong>Ag\u00eancia Brasil<\/strong>.<\/p>\n<p>O relat\u00f3rio traz diversos relatos de casos em que a viole\u0302ncia contra os profissionais aparece diretamente ligada a\u0300s investigac\u0327o\u0303es sobre crimes ambientais. Outro dado presente no documento diz respeito ao fato de que, em 2022, por exemplo, ano eleitoral, o registro de viole\u0302ncia contra jornalistas na Amazo\u0302nia mais que dobrou em relac\u0327a\u0303o a 2021. Foram 45 casos contra 20 no ano anterior, segundo levantamento da Fenaj.<\/p>\n<p>\u201cOs relatos que a gente recebe \u00e9 que, especificamente no Vale do Javari,\u00a0a situa\u00e7\u00e3o ainda continua bastante perigosa e pouco foi feito desde ent\u00e3o. Ent\u00e3o, n\u00e3o deixa de ser uma motiva\u00e7\u00e3o para\u00a0evitar que casos parecidos como o do Bruno e do Dom se repitam, n\u00e3o s\u00f3 no Vale do Javari, mas em toda a Amaz\u00f4nia e em todo o pa\u00eds\u201d, acrescentou Galli.<\/p>\n<p>Para o coordenador de Jornalismo e Liberdade de Express\u00e3o do Instituto Vladimir Herzog,\u00a0o relat\u00f3rio \u00e9 claro ao apontar a rela\u00e7\u00e3o de <a href=\"https:\/\/agenciabrasil.ebc.com.br\/geral\/noticia\/2024-04\/na-amazonia-77-do-garimpo-esta-menos-de-500-m-de-cursos-dagua\" target=\"_blank\" rel=\"noopener\">atividades ilegais<\/a> como garimpo, minera\u00e7\u00e3o, ocupa\u00e7\u00e3o de territ\u00f3rios ind\u00edgenas e a aus\u00eancia de de pol\u00edticas p\u00fablicas de prote\u00e7\u00e3o. Ele destaca ainda que a viol\u00eancia n\u00e3o \u00e9 sofrida apenas por jornalistas e comunicadores, mas tamb\u00e9m por defensores de direitos humanos em geral.<\/p>\n<\/p><\/div>\n<p><br \/>\n<br \/><a href=\"https:\/\/agenciabrasil.ebc.com.br\/direitos-humanos\/noticia\/2024-04\/estudo-relata-violencia-contra-jornalistas-e-comunicadores-na-amazonia\" rel=\"noopener\">Ag\u00eancia Brasil<\/a><\/p>\n","protected":false},"excerpt":{"rendered":"<p>Alertar a sociedade sobre a rela\u00e7\u00e3o de\u00a0crimes contra o meio ambiente e a viol\u00eancia contra jornalistas\u00a0na Amaz\u00f4nia \u00e9 o objetivo do estudo Fronteiras da Informa\u00e7\u00e3o \u2013 Relat\u00f3rio sobre jornalismo e viol\u00eancia na Amaz\u00f4nia, lan\u00e7ado hoje (23) pelo Instituto Vladimir Herzog (IVH), em Bel\u00e9m. O material tra\u00e7a um\u00a0panorama sobre a\u00a0situa\u00e7\u00e3o na regi\u00e3o amaz\u00f4nica, palco de\u00a0crescente onda [&hellip;]<\/p>\n","protected":false},"author":1,"featured_media":2438,"comment_status":"open","ping_status":"open","sticky":false,"template":"","format":"standard","meta":{"_jetpack_newsletter_access":"","_jetpack_dont_email_post_to_subs":false,"_jetpack_newsletter_tier_id":0,"_jetpack_memberships_contains_paywalled_content":false,"_mbp_banners":[],"_jetpack_feature_clip_id":0,"_jetpack_memberships_contains_paid_content":false,"footnotes":"","jetpack_publicize_message":"","jetpack_publicize_feature_enabled":true,"jetpack_social_post_already_shared":true,"jetpack_social_options":{"image_generator_settings":{"template":"highway","default_image_id":0,"font":"","enabled":false},"version":2},"jetpack_post_was_ever_published":false},"categories":[22],"tags":[],"class_list":["post-2437","post","type-post","status-publish","format-standard","has-post-thumbnail","category-nacional"],"jetpack_publicize_connections":[],"jetpack-related-posts":[],"jetpack_shortlink":"https:\/\/wp.me\/p7Eq1F-Dj","jetpack_sharing_enabled":true,"jetpack_featured_media_url":"https:\/\/i0.wp.com\/guialimeira.com.br\/news\/wp-content\/uploads\/2024\/04\/vjornalismo_0.jpg?fit=1600%2C800&ssl=1","_links":{"self":[{"href":"https:\/\/guialimeira.com.br\/news\/wp-json\/wp\/v2\/posts\/2437","targetHints":{"allow":["GET"]}}],"collection":[{"href":"https:\/\/guialimeira.com.br\/news\/wp-json\/wp\/v2\/posts"}],"about":[{"href":"https:\/\/guialimeira.com.br\/news\/wp-json\/wp\/v2\/types\/post"}],"author":[{"embeddable":true,"href":"https:\/\/guialimeira.com.br\/news\/wp-json\/wp\/v2\/users\/1"}],"replies":[{"embeddable":true,"href":"https:\/\/guialimeira.com.br\/news\/wp-json\/wp\/v2\/comments?post=2437"}],"version-history":[{"count":0,"href":"https:\/\/guialimeira.com.br\/news\/wp-json\/wp\/v2\/posts\/2437\/revisions"}],"wp:featuredmedia":[{"embeddable":true,"href":"https:\/\/guialimeira.com.br\/news\/wp-json\/wp\/v2\/media\/2438"}],"wp:attachment":[{"href":"https:\/\/guialimeira.com.br\/news\/wp-json\/wp\/v2\/media?parent=2437"}],"wp:term":[{"taxonomy":"category","embeddable":true,"href":"https:\/\/guialimeira.com.br\/news\/wp-json\/wp\/v2\/categories?post=2437"},{"taxonomy":"post_tag","embeddable":true,"href":"https:\/\/guialimeira.com.br\/news\/wp-json\/wp\/v2\/tags?post=2437"}],"curies":[{"name":"wp","href":"https:\/\/api.w.org\/{rel}","templated":true}]}}