{"id":24365,"date":"2025-02-22T11:07:00","date_gmt":"2025-02-22T14:07:00","guid":{"rendered":"https:\/\/guialimeira.com.br\/?p=24365"},"modified":"2025-02-22T09:13:02","modified_gmt":"2025-02-22T12:13:02","slug":"planejamento-de-compra-de-medicamentos-por-que-a-falta-persiste-na-rede-publica","status":"publish","type":"post","link":"https:\/\/guialimeira.com.br\/news\/planejamento-de-compra-de-medicamentos-por-que-a-falta-persiste-na-rede-publica\/","title":{"rendered":"Planejamento de compra de medicamentos: Por que a falta persiste na rede p\u00fablica?"},"content":{"rendered":"\n<p class=\"wp-block-paragraph\">A falta de medicamentos na rede p\u00fablica de sa\u00fade \u00e9 um problema que afeta diretamente a popula\u00e7\u00e3o mais vulner\u00e1vel. Para entender as causas e buscar solu\u00e7\u00f5es, o vereador <strong>Everton Ferreira<\/strong>, <strong>do PSD<\/strong>, apresentou um requerimento ao Poder Executivo solicitando informa\u00e7\u00f5es detalhadas sobre o <strong>planejamento de compra de medicamentos<\/strong>. O objetivo? Garantir transpar\u00eancia e melhorar o acesso da popula\u00e7\u00e3o a tratamentos essenciais.<\/p>\n\n\n\n<p class=\"wp-block-paragraph\">O que o requerimento busca saber?<\/p>\n\n\n\n<p class=\"wp-block-paragraph\">O vereador <strong>Everton Ferreira<\/strong> quer esclarecimentos sobre como o <strong>planejamento de compra de medicamentos<\/strong> tem sido feito na rede p\u00fablica. No requerimento, ele faz duas perguntas espec\u00edficas:<\/p>\n\n\n\n<ol start=\"1\" class=\"wp-block-list\">\n<li><strong>Modelos e Estrat\u00e9gias<\/strong>: Qual \u00e9 o modelo de compra e o tipo de planejamento usados anteriormente e atualmente para adquirir medicamentos na rede p\u00fablica de sa\u00fade?<\/li>\n\n\n\n<li><strong>Detalhamento<\/strong>: Como funciona o modelo atual de compras de forma espec\u00edfica?<\/li>\n<\/ol>\n\n\n\n<p class=\"wp-block-paragraph\">Essas quest\u00f5es surgem em meio a relatos preocupantes de pacientes que enfrentam dificuldades para conseguir rem\u00e9dios essenciais, muitas vezes listados como &#8220;em falta&#8221; nos canais oficiais.<\/p>\n\n\n\n<p class=\"wp-block-paragraph\">Por que o planejamento de compra de medicamentos \u00e9 crucial?<\/p>\n\n\n\n<p class=\"wp-block-paragraph\">A falta de um <strong>planejamento de compra de medicamentos<\/strong> eficiente tem consequ\u00eancias graves. Segundo <strong>Everton Ferreira<\/strong>, a popula\u00e7\u00e3o mais carente, que depende exclusivamente da rede p\u00fablica, \u00e9 a mais prejudicada. Sem acesso aos rem\u00e9dios, muitos pacientes interrompem tratamentos, o que pode agravar suas condi\u00e7\u00f5es de sa\u00fade e gerar custos extras ao poder p\u00fablico ao retomar terapias do zero.<\/p>\n\n\n\n<p class=\"wp-block-paragraph\">O vereador destaca que o problema n\u00e3o \u00e9 apenas log\u00edstico, mas tamb\u00e9m humano. \u201cRecebo in\u00fameros relatos de pessoas que n\u00e3o conseguem seguir seus tratamentos por falta de medicamentos. Isso \u00e9 inadmiss\u00edvel\u201d, afirma <strong>Everton Ferreira<\/strong>. Ele aponta ainda que a lista oficial de rem\u00e9dios em falta, com 25 itens, evidencia a necessidade urgente de revisar o sistema de aquisi\u00e7\u00e3o.<\/p>\n\n\n\n<p class=\"wp-block-paragraph\">Transpar\u00eancia para solucionar o problema<\/p>\n\n\n\n<p class=\"wp-block-paragraph\">O requerimento n\u00e3o \u00e9 apenas uma a\u00e7\u00e3o fiscalizat\u00f3ria, mas um passo para entender o cen\u00e1rio e propor melhorias. <strong>Everton Ferreira<\/strong> enfatiza que conhecer o <strong>planejamento de compra de medicamentos<\/strong> \u00e9 essencial para identificar falhas e sugerir solu\u00e7\u00f5es pr\u00e1ticas. \u201cQueremos contribuir com a Municipalidade para que a popula\u00e7\u00e3o n\u00e3o fique desassistida\u201d, explica o vereador.<\/p>\n\n\n\n<p class=\"wp-block-paragraph\">Impacto na vida das pessoas<\/p>\n\n\n\n<p class=\"wp-block-paragraph\">Um bom <strong>planejamento de compra de medicamentos<\/strong> pode:<\/p>\n\n\n\n<ul class=\"wp-block-list\">\n<li>Garantir o estoque cont\u00ednuo de rem\u00e9dios essenciais.<\/li>\n\n\n\n<li>Evitar interrup\u00e7\u00f5es em tratamentos de sa\u00fade.<\/li>\n\n\n\n<li>Reduzir custos ao poder p\u00fablico com interna\u00e7\u00f5es ou retratamentos.<\/li>\n\n\n\n<li>Aliviar o sofrimento de quem depende da rede p\u00fablica.<\/li>\n<\/ul>\n\n\n\n<p class=\"wp-block-paragraph\">Sem essas informa\u00e7\u00f5es, a falta de acesso persiste, afetando quem n\u00e3o tem condi\u00e7\u00f5es de comprar medicamentos em farm\u00e1cias particulares.<\/p>\n\n\n\n<p class=\"wp-block-paragraph\">O que vem por a\u00ed?<\/p>\n\n\n\n<p class=\"wp-block-paragraph\">Com o requerimento encaminhado ao Poder Executivo, a expectativa \u00e9 que as respostas tragam luz sobre o <strong>planejamento de compra de medicamentos<\/strong> e apontem caminhos para resolver as falhas. <strong>Everton Ferreira<\/strong> refor\u00e7a seu compromisso com a fiscaliza\u00e7\u00e3o e com a busca por um sistema de sa\u00fade mais eficiente para todos.<\/p>\n\n\n\n<p class=\"wp-block-paragraph\"><em>Fique de olho para saber mais sobre como esse problema pode ser resolvido!<\/em><\/p>\n","protected":false},"excerpt":{"rendered":"<p>A falta de medicamentos na rede p\u00fablica de sa\u00fade \u00e9 um problema que afeta diretamente a popula\u00e7\u00e3o mais vulner\u00e1vel. Para entender as causas e buscar solu\u00e7\u00f5es, o vereador Everton Ferreira, do PSD, apresentou um requerimento ao Poder Executivo solicitando informa\u00e7\u00f5es detalhadas sobre o planejamento de compra de medicamentos. O objetivo? Garantir transpar\u00eancia e melhorar o [&hellip;]<\/p>\n","protected":false},"author":1,"featured_media":10150,"comment_status":"open","ping_status":"open","sticky":false,"template":"","format":"standard","meta":{"_jetpack_newsletter_access":"","_jetpack_dont_email_post_to_subs":false,"_jetpack_newsletter_tier_id":0,"_jetpack_memberships_contains_paywalled_content":false,"_mbp_banners":[],"_jetpack_feature_clip_id":0,"_jetpack_memberships_contains_paid_content":false,"footnotes":"","jetpack_publicize_message":"","jetpack_publicize_feature_enabled":true,"jetpack_social_post_already_shared":true,"jetpack_social_options":{"image_generator_settings":{"template":"highway","default_image_id":0,"font":"","enabled":false},"version":2},"jetpack_post_was_ever_published":false},"categories":[19],"tags":[],"class_list":["post-24365","post","type-post","status-publish","format-standard","has-post-thumbnail","category-politica"],"jetpack_publicize_connections":[],"jetpack-related-posts":[],"jetpack_shortlink":"https:\/\/wp.me\/p7Eq1F-6kZ","jetpack_sharing_enabled":true,"jetpack_featured_media_url":"https:\/\/i0.wp.com\/guialimeira.com.br\/news\/wp-content\/uploads\/2024\/07\/remedios_2912203617_0.jpg?fit=1600%2C800&ssl=1","_links":{"self":[{"href":"https:\/\/guialimeira.com.br\/news\/wp-json\/wp\/v2\/posts\/24365","targetHints":{"allow":["GET"]}}],"collection":[{"href":"https:\/\/guialimeira.com.br\/news\/wp-json\/wp\/v2\/posts"}],"about":[{"href":"https:\/\/guialimeira.com.br\/news\/wp-json\/wp\/v2\/types\/post"}],"author":[{"embeddable":true,"href":"https:\/\/guialimeira.com.br\/news\/wp-json\/wp\/v2\/users\/1"}],"replies":[{"embeddable":true,"href":"https:\/\/guialimeira.com.br\/news\/wp-json\/wp\/v2\/comments?post=24365"}],"version-history":[{"count":1,"href":"https:\/\/guialimeira.com.br\/news\/wp-json\/wp\/v2\/posts\/24365\/revisions"}],"predecessor-version":[{"id":24366,"href":"https:\/\/guialimeira.com.br\/news\/wp-json\/wp\/v2\/posts\/24365\/revisions\/24366"}],"wp:featuredmedia":[{"embeddable":true,"href":"https:\/\/guialimeira.com.br\/news\/wp-json\/wp\/v2\/media\/10150"}],"wp:attachment":[{"href":"https:\/\/guialimeira.com.br\/news\/wp-json\/wp\/v2\/media?parent=24365"}],"wp:term":[{"taxonomy":"category","embeddable":true,"href":"https:\/\/guialimeira.com.br\/news\/wp-json\/wp\/v2\/categories?post=24365"},{"taxonomy":"post_tag","embeddable":true,"href":"https:\/\/guialimeira.com.br\/news\/wp-json\/wp\/v2\/tags?post=24365"}],"curies":[{"name":"wp","href":"https:\/\/api.w.org\/{rel}","templated":true}]}}