{"id":24362,"date":"2025-02-22T08:48:51","date_gmt":"2025-02-22T11:48:51","guid":{"rendered":"https:\/\/guialimeira.com.br\/?p=24362"},"modified":"2025-02-22T08:48:53","modified_gmt":"2025-02-22T11:48:53","slug":"voce-sabe-como-o-programa-motolancia-no-samu-pode-salvar-vidas","status":"publish","type":"post","link":"https:\/\/guialimeira.com.br\/news\/voce-sabe-como-o-programa-motolancia-no-samu-pode-salvar-vidas\/","title":{"rendered":"Voc\u00ea sabe como o programa motol\u00e2ncia no SAMU pode salvar vidas?"},"content":{"rendered":"\n<p class=\"wp-block-paragraph\">Imagine uma emerg\u00eancia onde cada segundo conta. Agora, pense em uma motocicleta equipada para chegar r\u00e1pido e prestar os primeiros socorros. Esse \u00e9 o objetivo do <strong>Programa Motol\u00e2ncia no SAMU<\/strong>, uma iniciativa que promete revolucionar o atendimento de urg\u00eancia com agilidade e efici\u00eancia. Um novo projeto de lei busca instituir diretrizes para implantar esse servi\u00e7o, trazendo mais rapidez ao Servi\u00e7o de Atendimento M\u00f3vel de Urg\u00eancia (SAMU). Quer saber como isso funciona? Continue lendo!<\/p>\n\n\n\n<p class=\"wp-block-paragraph\">O que \u00e9 o programa motol\u00e2ncia no SAMU?<\/p>\n\n\n\n<p class=\"wp-block-paragraph\">O <strong>Programa Motol\u00e2ncia no SAMU<\/strong> prop\u00f5e a integra\u00e7\u00e3o de motocicletas, chamadas Motol\u00e2ncias, \u00e0 frota existente do SAMU. Essas motos ser\u00e3o um recurso complementar para atendimentos de emerg\u00eancia, especialmente em situa\u00e7\u00f5es que exigem resposta imediata. O projeto segue as normas do Minist\u00e9rio da Sa\u00fade (Portaria n\u00ba 2.971\/2008) e visa aprimorar o servi\u00e7o com diretrizes claras de pol\u00edtica p\u00fablica.<\/p>\n\n\n\n<p class=\"wp-block-paragraph\">O foco \u00e9 simples: salvar vidas com rapidez, levando profissionais treinados e equipamentos essenciais at\u00e9 o local da ocorr\u00eancia, mesmo onde ambul\u00e2ncias tradicionais enfrentam dificuldades.<\/p>\n\n\n\n<p class=\"wp-block-paragraph\">Como as Motol\u00e2ncias V\u00e3o Funcionar?<\/p>\n\n\n\n<p class=\"wp-block-paragraph\">As motocicletas do <strong>Programa Motol\u00e2ncia no SAMU<\/strong> ser\u00e3o usadas em situa\u00e7\u00f5es espec\u00edficas, priorizando agilidade e efici\u00eancia. Veja os principais casos previstos no projeto:<\/p>\n\n\n\n<ol start=\"1\" class=\"wp-block-list\">\n<li><strong>Resposta R\u00e1pida<\/strong>: As centrais de regula\u00e7\u00e3o do SAMU poder\u00e3o despachar Motol\u00e2ncias imediatamente, reduzindo o tempo at\u00e9 o in\u00edcio do atendimento.<\/li>\n\n\n\n<li><strong>Locais de Dif\u00edcil Acesso<\/strong>: Em \u00e1reas onde ambul\u00e2ncias n\u00e3o chegam facilmente, como ruas estreitas ou terrenos complicados, as motos ser\u00e3o a solu\u00e7\u00e3o.<\/li>\n\n\n\n<li><strong>Suporte B\u00e1sico de Vida<\/strong>: As Motol\u00e2ncias podem levar t\u00e9cnicos de enfermagem para iniciar procedimentos como reanima\u00e7\u00e3o cardiopulmonar ou resgate de v\u00edtimas.<\/li>\n\n\n\n<li><strong>Suporte Avan\u00e7ado<\/strong>: Em casos mais graves, as motos transportar\u00e3o enfermeiros para apoiar equipes j\u00e1 no local.<\/li>\n\n\n\n<li><strong>Outras Emerg\u00eancias<\/strong>: Sempre que a rapidez da Motol\u00e2ncia puder fazer a diferen\u00e7a, ela ser\u00e1 acionada, seguindo a regula\u00e7\u00e3o m\u00e9dica do SAMU.<\/li>\n<\/ol>\n\n\n\n<p class=\"wp-block-paragraph\">Al\u00e9m disso, as motos ajudar\u00e3o a liberar o tr\u00e2nsito para ambul\u00e2ncias, indicar rotas mais r\u00e1pidas e transportar profissionais de sa\u00fade quando necess\u00e1rio.<\/p>\n\n\n\n<p class=\"wp-block-paragraph\">Por Que o Programa Motol\u00e2ncia no SAMU \u00e9 Importante?<\/p>\n\n\n\n<p class=\"wp-block-paragraph\">Emerg\u00eancias n\u00e3o esperam, e o tempo de resposta pode ser decisivo entre a vida e a morte. O <strong>Programa Motol\u00e2ncia no SAMU<\/strong> traz vantagens como:<\/p>\n\n\n\n<ul class=\"wp-block-list\">\n<li><strong>Agilidade<\/strong>: Motocicletas driblam o tr\u00e2nsito e chegam onde ambul\u00e2ncias demoram.<\/li>\n\n\n\n<li><strong>Efici\u00eancia<\/strong>: Profissionais de sa\u00fade iniciam o atendimento antes da chegada da equipe completa.<\/li>\n\n\n\n<li><strong>Acessibilidade<\/strong>: Leva socorro a locais antes inacess\u00edveis para viaturas maiores.<\/li>\n<\/ul>\n\n\n\n<p class=\"wp-block-paragraph\">Com equipes treinadas e motos equipadas, o projeto refor\u00e7a os princ\u00edpios de efici\u00eancia, transpar\u00eancia e legalidade no atendimento p\u00fablico de sa\u00fade.<\/p>\n\n\n\n<p class=\"wp-block-paragraph\">Pr\u00f3ximos passos para a implanta\u00e7\u00e3o<\/p>\n\n\n\n<p class=\"wp-block-paragraph\">O projeto do vereador <strong>Jos\u00e9 Aparecido Maciel \u2013 Z\u00e9 da Farm\u00e1cia<\/strong> | Solidariedade, prev\u00ea que o Poder Executivo regulamente a lei em at\u00e9 180 dias, detalhando como o <strong>Programa Motol\u00e2ncia no SAMU<\/strong> ser\u00e1 aplicado. Isso inclui desde a adequa\u00e7\u00e3o \u00e0s normas do Minist\u00e9rio da Sa\u00fade at\u00e9 a garantia de recursos federais. As despesas ser\u00e3o cobertas por verbas or\u00e7ament\u00e1rias pr\u00f3prias, com possibilidade de suplementa\u00e7\u00e3o.<\/p>\n\n\n\n<p class=\"wp-block-paragraph\">Um salto para o futuro do atendimento de emerg\u00eancia<\/p>\n\n\n\n<p class=\"wp-block-paragraph\">Se aprovada, essa lei marcar\u00e1 um avan\u00e7o no atendimento de urg\u00eancias, trazendo mais seguran\u00e7a e rapidez \u00e0 popula\u00e7\u00e3o. O <strong>Programa Motol\u00e2ncia no SAMU<\/strong> \u00e9 uma ideia simples com potencial transformador \u2013 e quem ganha \u00e9 a sociedade.<\/p>\n\n\n\n<p class=\"wp-block-paragraph\"><em>Curioso para saber mais sobre inova\u00e7\u00f5es na sa\u00fade p\u00fablica? Acompanhe nossas pr\u00f3ximas atualiza\u00e7\u00f5es!<\/em><\/p>\n","protected":false},"excerpt":{"rendered":"<p>Imagine uma emerg\u00eancia onde cada segundo conta. Agora, pense em uma motocicleta equipada para chegar r\u00e1pido e prestar os primeiros socorros. Esse \u00e9 o objetivo do Programa Motol\u00e2ncia no SAMU, uma iniciativa que promete revolucionar o atendimento de urg\u00eancia com agilidade e efici\u00eancia. Um novo projeto de lei busca instituir diretrizes para implantar esse servi\u00e7o, [&hellip;]<\/p>\n","protected":false},"author":1,"featured_media":24363,"comment_status":"open","ping_status":"open","sticky":false,"template":"","format":"standard","meta":{"_jetpack_newsletter_access":"","_jetpack_dont_email_post_to_subs":false,"_jetpack_newsletter_tier_id":0,"_jetpack_memberships_contains_paywalled_content":false,"_mbp_banners":[],"_jetpack_feature_clip_id":0,"_jetpack_memberships_contains_paid_content":false,"footnotes":"","jetpack_publicize_message":"","jetpack_publicize_feature_enabled":true,"jetpack_social_post_already_shared":true,"jetpack_social_options":{"image_generator_settings":{"template":"highway","default_image_id":0,"font":"","enabled":false},"version":2},"jetpack_post_was_ever_published":false},"categories":[19],"tags":[],"class_list":["post-24362","post","type-post","status-publish","format-standard","has-post-thumbnail","category-politica"],"jetpack_publicize_connections":[],"jetpack-related-posts":[],"jetpack_shortlink":"https:\/\/wp.me\/p7Eq1F-6kW","jetpack_sharing_enabled":true,"jetpack_featured_media_url":"https:\/\/i0.wp.com\/guialimeira.com.br\/news\/wp-content\/uploads\/2025\/02\/moto_samu.jpg?fit=562%2C376&ssl=1","_links":{"self":[{"href":"https:\/\/guialimeira.com.br\/news\/wp-json\/wp\/v2\/posts\/24362","targetHints":{"allow":["GET"]}}],"collection":[{"href":"https:\/\/guialimeira.com.br\/news\/wp-json\/wp\/v2\/posts"}],"about":[{"href":"https:\/\/guialimeira.com.br\/news\/wp-json\/wp\/v2\/types\/post"}],"author":[{"embeddable":true,"href":"https:\/\/guialimeira.com.br\/news\/wp-json\/wp\/v2\/users\/1"}],"replies":[{"embeddable":true,"href":"https:\/\/guialimeira.com.br\/news\/wp-json\/wp\/v2\/comments?post=24362"}],"version-history":[{"count":1,"href":"https:\/\/guialimeira.com.br\/news\/wp-json\/wp\/v2\/posts\/24362\/revisions"}],"predecessor-version":[{"id":24364,"href":"https:\/\/guialimeira.com.br\/news\/wp-json\/wp\/v2\/posts\/24362\/revisions\/24364"}],"wp:featuredmedia":[{"embeddable":true,"href":"https:\/\/guialimeira.com.br\/news\/wp-json\/wp\/v2\/media\/24363"}],"wp:attachment":[{"href":"https:\/\/guialimeira.com.br\/news\/wp-json\/wp\/v2\/media?parent=24362"}],"wp:term":[{"taxonomy":"category","embeddable":true,"href":"https:\/\/guialimeira.com.br\/news\/wp-json\/wp\/v2\/categories?post=24362"},{"taxonomy":"post_tag","embeddable":true,"href":"https:\/\/guialimeira.com.br\/news\/wp-json\/wp\/v2\/tags?post=24362"}],"curies":[{"name":"wp","href":"https:\/\/api.w.org\/{rel}","templated":true}]}}