{"id":2436,"date":"2024-04-23T10:28:55","date_gmt":"2024-04-23T13:28:55","guid":{"rendered":"https:\/\/guialimeira.com.br\/2024\/04\/23\/11a-conferencia-municipal-de-cultura-acontece-nesta-quarta-24\/"},"modified":"2024-04-23T10:28:55","modified_gmt":"2024-04-23T13:28:55","slug":"11a-conferencia-municipal-de-cultura-acontece-nesta-quarta-24","status":"publish","type":"post","link":"https:\/\/guialimeira.com.br\/news\/11a-conferencia-municipal-de-cultura-acontece-nesta-quarta-24\/","title":{"rendered":"11\u00aa Confer\u00eancia Municipal de Cultura acontece nesta quarta (24)"},"content":{"rendered":"<p> <br \/>\n<\/p>\n<div>\n            <main class=\"\">&#13;<br \/>\n                &#13;<br \/>\n&#13;<br \/>\n&#13;<br \/>\n&#13;<br \/>\n    <img data-recalc-dims=\"1\" decoding=\"async\" src=\"https:\/\/i0.wp.com\/ecrie.com.br\/sistema\/conteudos\/imagem\/m_137_0_1_16042024131151.jpg?w=696&#038;ssl=1\" alt=\"11\u00aa Confer\u00eancia Municipal de Cultura acontece nesta quarta (24)\"\/>&#13;<br \/>\n&#13;<\/p>\n<p style=\"text-align: justify;\"><span style=\"font-weight: 400;\">Nesta quarta-feira (24), acontece a 11\u00aa Confer\u00eancia Municipal de Cultura, no Palacete Levy, \u00e0s 18h. O objetivo \u00e9 promover o preenchimento das vagas de titular e suplente do Conselho Municipal de Pol\u00edtica Cultural, bi\u00eanio 2024\/2025. A realiza\u00e7\u00e3o \u00e9 da Prefeitura de Limeira, por meio da Secretaria de Cultura, atrav\u00e9s do Conselho Municipal de Pol\u00edtica Cultural de Limeira.<\/span><\/p>\n<p>&#13;<\/p>\n<p style=\"text-align: justify;\"><span style=\"font-weight: 400;\">A confer\u00eancia \u00e9 aberta para participa\u00e7\u00e3o do p\u00fablico. De acordo com a Lei Municipal n\u00ba 5.119, de 25 de junho de 2013, os representantes da sociedade civil e seus respectivos suplentes, devem representar os segmentos: Titular e Suplente de Arte C\u00eanica; Titular e Suplente de Dan\u00e7a; Titular de Cultura Popular; Titular e suplente de Literatura; Titular e Suplente de Produtor Cultural; Titular e Suplente de Patrim\u00f4nio e Arquitetura; Suplente de Trabalhadores da Cultura; Titular e suplente de Institui\u00e7\u00e3o Cultural N\u00e3o Governamental e Titular e suplente de Ensino Superior.<\/span><\/p>\n<p>&#13;<\/p>\n<p style=\"text-align: justify;\"><span style=\"font-weight: 400;\">Ser\u00e1 solicitado em conformidade com as Leis vigentes, a recondu\u00e7\u00e3o das seguintes cadeiras: Titular e Suplente de Arte Visual; Titular e suplente de Artesanato; Titular e suplente de M\u00fasica; Suplente de Cultura Popular e Titular de Trabalhadores da Cultura.\u00a0<\/span><\/p>\n<p>&#13;<\/p>\n<p style=\"text-align: justify;\"><span style=\"font-weight: 400;\">O credenciamento ser\u00e1 feito para os participantes e\/ou candidatos \u00e0s vagas do Conselho que enviarem a Ficha de Inscri\u00e7\u00e3o atrav\u00e9s do formul\u00e1rio online: <\/span><a href=\"https:\/\/forms.gle\/HE3FPY8VvN7gAC8d9\" rel=\"noopener\"><span style=\"font-weight: 400;\">https:\/\/forms.gle\/HE3FPY8VvN7gAC8d9<\/span><\/a><span style=\"font-weight: 400;\"> at\u00e9 quarta (24), \u00e0s 15h; ou presencialmente das 18h at\u00e9 o in\u00edcio da solenidade oficial de abertura. Cada participante credenciado poder\u00e1 votar em apenas dois segmentos, que dever\u00e3o ser declarados na ficha de inscri\u00e7\u00e3o.<\/span><\/p>\n<p>&#13;<\/p>\n<p style=\"text-align: justify;\"><span style=\"font-weight: 400;\">O Palacete Levy fica localizado no Largo da Boa Morte, n\u00ba 11 &#8211; Centro.<\/span><\/p>\n<p>&#13;<\/p>\n<p>\u00a0<\/p>\n<p>&#13;<\/p>\n<p style=\"text-align: justify;\"><strong>PROGRAMA\u00c7\u00c3O:<\/strong><\/p>\n<p>&#13;<\/p>\n<p style=\"text-align: justify;\"><span style=\"font-weight: 400;\">18h &#8211; Credenciamento;<\/span><\/p>\n<p>&#13;<\/p>\n<p style=\"text-align: justify;\"><span style=\"font-weight: 400;\">18h15 &#8211; Solenidade Oficial de Abertura &#8211; com autoridades municipais e convidados;\u00a0<\/span><\/p>\n<p>&#13;<\/p>\n<p style=\"text-align: justify;\"><span style=\"font-weight: 400;\">18h30 &#8211; Explana\u00e7\u00e3o sobre o Plano Municipal de Cultura;\u00a0<\/span><\/p>\n<p>&#13;<\/p>\n<p style=\"text-align: justify;\"><span style=\"font-weight: 400;\">19h &#8211; Apresenta\u00e7\u00e3o dos candidatos a Conselheiros pela sociedade civil e elei\u00e7\u00e3o dentro dos Colegiados Setoriais;<\/span><\/p>\n<p>&#13;<\/p>\n<p style=\"text-align: justify;\"><span style=\"font-weight: 400;\">20h &#8211; Encerramento.<\/span><\/p>\n<p>&#13;<br \/>\n&#13;<br \/>\n&#13;<br \/>\n&#13;<\/p>\n<aside class=\"list-related no-print\">&#13;<br \/>\n        &#13;<br \/>\n&#13;<\/p>\n<article class=\"list-item noticias \">&#13;<br \/>\n                    <a class=\"list-item__img\" href=\"https:\/\/limeira.sp.gov.br\/imprensa\/noticias\/cultura\/festa-do-trabalhador-acontece-na-proxima-semana-no-horto-florestal\" tabindex=\"-1\" aria-hidden=\"true\" rel=\"noopener\">&#13;<br \/>\n                        <img data-recalc-dims=\"1\" decoding=\"async\" src=\"https:\/\/i0.wp.com\/ecrie.com.br\/sistema\/conteudos\/imagem\/m_137_0_1_23042024090954.jpeg?w=696&#038;ssl=1\" alt=\"Festa do Trabalhador acontece na pr\u00f3xima semana, no Horto Florestal\"\/>&#13;<br \/>\n                    <\/a>&#13;<br \/>\n&#13;<br \/>\n                &#13;<br \/>\n            <\/article>\n<p>&#13;<\/p>\n<article class=\"list-item noticias \">&#13;<br \/>\n                    <a class=\"list-item__img\" href=\"https:\/\/limeira.sp.gov.br\/imprensa\/noticias\/cultura\/biblioteca-municipal-disponibiliza-jogos-de-tabuleiro-nesta-quarta-24\" tabindex=\"-1\" aria-hidden=\"true\" rel=\"noopener\">&#13;<br \/>\n                        <img data-recalc-dims=\"1\" decoding=\"async\" src=\"https:\/\/i0.wp.com\/ecrie.com.br\/sistema\/conteudos\/imagem\/m_137_0_1_22042024144011.jpeg?w=696&#038;ssl=1\" alt=\"Biblioteca Municipal disponibiliza jogos de tabuleiro nesta quarta (24)\"\/>&#13;<br \/>\n                    <\/a>&#13;<br \/>\n&#13;<br \/>\n                &#13;<br \/>\n            <\/article>\n<p>&#13;<\/p>\n<article class=\"list-item noticias \">&#13;<br \/>\n                    <a class=\"list-item__img\" href=\"https:\/\/limeira.sp.gov.br\/imprensa\/noticias\/cultura\/evento-gedeao-da-viola-promoveu-a-cultura-caipira-15-mil-pessoas-prestigiaram-acao\" tabindex=\"-1\" aria-hidden=\"true\" rel=\"noopener\">&#13;<br \/>\n                        <img data-recalc-dims=\"1\" decoding=\"async\" src=\"https:\/\/i0.wp.com\/ecrie.com.br\/sistema\/conteudos\/imagem\/m_137_0_1_22042024135556.jpg?w=696&#038;ssl=1\" alt=\"Evento \u201cGede\u00e3o da Viola\u201d promoveu a cultura caipira; 1.5 mil pessoas prestigiaram a\u00e7\u00e3o\"\/>&#13;<br \/>\n                    <\/a>&#13;<br \/>\n&#13;<br \/>\n                &#13;<br \/>\n            <\/article>\n<p>&#13;<br \/>\n    <\/aside>\n<p>&#13;<br \/>\n&#13;<br \/>\n            <\/main><\/p><\/div>\n<p><br \/>\n<br \/><a href=\"https:\/\/limeira.sp.gov.br\/11-conferencia-municipal-de-cultura-acontece-nesta-quarta-24\" rel=\"noopener\">Informa\u00e7\u00f5es da PML <\/a><\/p>\n","protected":false},"excerpt":{"rendered":"<p>&#13; &#13; &#13; &#13; &#13; &#13; &#13; Nesta quarta-feira (24), acontece a 11\u00aa Confer\u00eancia Municipal de Cultura, no Palacete Levy, \u00e0s 18h. O objetivo \u00e9 promover o preenchimento das vagas de titular e suplente do Conselho Municipal de Pol\u00edtica Cultural, bi\u00eanio 2024\/2025. A realiza\u00e7\u00e3o \u00e9 da Prefeitura de Limeira, por meio da Secretaria de Cultura, [&hellip;]<\/p>\n","protected":false},"author":1,"featured_media":1704,"comment_status":"open","ping_status":"open","sticky":false,"template":"","format":"standard","meta":{"_jetpack_newsletter_access":"","_jetpack_dont_email_post_to_subs":false,"_jetpack_newsletter_tier_id":0,"_jetpack_memberships_contains_paywalled_content":false,"_mbp_banners":[],"_jetpack_feature_clip_id":0,"_jetpack_memberships_contains_paid_content":false,"footnotes":"","jetpack_publicize_message":"","jetpack_publicize_feature_enabled":true,"jetpack_social_post_already_shared":true,"jetpack_social_options":{"image_generator_settings":{"template":"highway","default_image_id":0,"font":"","enabled":false},"version":2},"jetpack_post_was_ever_published":false},"categories":[16],"tags":[],"class_list":["post-2436","post","type-post","status-publish","format-standard","has-post-thumbnail","category-local"],"jetpack_publicize_connections":[],"jetpack-related-posts":[],"jetpack_shortlink":"https:\/\/wp.me\/p7Eq1F-Di","jetpack_sharing_enabled":true,"jetpack_featured_media_url":"https:\/\/i0.wp.com\/guialimeira.com.br\/news\/wp-content\/uploads\/2024\/04\/m_137_0_1_16042024131151.jpg?fit=900%2C506&ssl=1","_links":{"self":[{"href":"https:\/\/guialimeira.com.br\/news\/wp-json\/wp\/v2\/posts\/2436","targetHints":{"allow":["GET"]}}],"collection":[{"href":"https:\/\/guialimeira.com.br\/news\/wp-json\/wp\/v2\/posts"}],"about":[{"href":"https:\/\/guialimeira.com.br\/news\/wp-json\/wp\/v2\/types\/post"}],"author":[{"embeddable":true,"href":"https:\/\/guialimeira.com.br\/news\/wp-json\/wp\/v2\/users\/1"}],"replies":[{"embeddable":true,"href":"https:\/\/guialimeira.com.br\/news\/wp-json\/wp\/v2\/comments?post=2436"}],"version-history":[{"count":0,"href":"https:\/\/guialimeira.com.br\/news\/wp-json\/wp\/v2\/posts\/2436\/revisions"}],"wp:featuredmedia":[{"embeddable":true,"href":"https:\/\/guialimeira.com.br\/news\/wp-json\/wp\/v2\/media\/1704"}],"wp:attachment":[{"href":"https:\/\/guialimeira.com.br\/news\/wp-json\/wp\/v2\/media?parent=2436"}],"wp:term":[{"taxonomy":"category","embeddable":true,"href":"https:\/\/guialimeira.com.br\/news\/wp-json\/wp\/v2\/categories?post=2436"},{"taxonomy":"post_tag","embeddable":true,"href":"https:\/\/guialimeira.com.br\/news\/wp-json\/wp\/v2\/tags?post=2436"}],"curies":[{"name":"wp","href":"https:\/\/api.w.org\/{rel}","templated":true}]}}