{"id":24358,"date":"2025-02-22T08:38:31","date_gmt":"2025-02-22T11:38:31","guid":{"rendered":"https:\/\/guialimeira.com.br\/?p=24358"},"modified":"2025-02-22T08:38:33","modified_gmt":"2025-02-22T11:38:33","slug":"projeto-quer-fim-da-nomeacao-de-condenados-contra-a-democracia","status":"publish","type":"post","link":"https:\/\/guialimeira.com.br\/news\/projeto-quer-fim-da-nomeacao-de-condenados-contra-a-democracia\/","title":{"rendered":"Projeto quer fim da nomea\u00e7\u00e3o de condenados contra a democracia"},"content":{"rendered":"\n<p class=\"wp-block-paragraph\">Um novo projeto de lei busca impedir a <strong>nomea\u00e7\u00e3o de condenados por crimes contra a democracia<\/strong> em cargos comissionados da administra\u00e7\u00e3o p\u00fablica. A proposta visa fortalecer a integridade das institui\u00e7\u00f5es democr\u00e1ticas, proibindo que indiv\u00edduos com hist\u00f3rico de condena\u00e7\u00f5es por atos contra o Estado Democr\u00e1tico de Direito ocupem posi\u00e7\u00f5es de confian\u00e7a no servi\u00e7o p\u00fablico.<\/p>\n\n\n\n<p class=\"wp-block-paragraph\">O que o projeto de lei prop\u00f5e?<\/p>\n\n\n\n<p class=\"wp-block-paragraph\">O projeto estabelece regras claras para barrar a <strong>nomea\u00e7\u00e3o de condenados por crimes contra a democracia<\/strong> em cargos da administra\u00e7\u00e3o p\u00fablica, tanto na esfera direta quanto indireta. A veda\u00e7\u00e3o se aplica a pessoas que tenham sido condenadas em decis\u00e3o transitada em julgado \u2014 ou seja, quando n\u00e3o cabe mais recurso. Confira os principais pontos da proposta:<\/p>\n\n\n\n<ul class=\"wp-block-list\">\n<li><strong>Proibi\u00e7\u00e3o total<\/strong>: A nomea\u00e7\u00e3o fica vedada em todos os \u00f3rg\u00e3os da administra\u00e7\u00e3o p\u00fablica, incluindo Executivo, Legislativo, autarquias, funda\u00e7\u00f5es, empresas p\u00fablicas e sociedades de economia mista.<\/li>\n\n\n\n<li><strong>Dura\u00e7\u00e3o da restri\u00e7\u00e3o<\/strong>: A proibi\u00e7\u00e3o permanece enquanto vigorar a condena\u00e7\u00e3o, abrangendo per\u00edodos de inelegibilidade (conforme a Lei Complementar n\u00ba 64\/1990) ou a perda de direitos pol\u00edticos, prevista no Artigo 15 da Constitui\u00e7\u00e3o Federal.<\/li>\n\n\n\n<li><strong>Entrada em vigor<\/strong>: A lei passar\u00e1 a valer assim que for publicada, caso aprovada.<\/li>\n<\/ul>\n\n\n\n<p class=\"wp-block-paragraph\">Quais crimes est\u00e3o na mira?<\/p>\n\n\n\n<p class=\"wp-block-paragraph\">O projeto define como &#8220;crimes contra o Estado Democr\u00e1tico de Direito&#8221; aqueles previstos na Lei n\u00ba 14.197\/2021. Entre eles, destacam-se:<\/p>\n\n\n\n<ol start=\"1\" class=\"wp-block-list\">\n<li><strong>Ataques \u00e0s institui\u00e7\u00f5es democr\u00e1ticas<\/strong>: Atos que comprometam a legitimidade ou o funcionamento das institui\u00e7\u00f5es.<\/li>\n\n\n\n<li><strong>Preju\u00edzo aos tr\u00eas poderes<\/strong>: Crimes que atentem contra o equil\u00edbrio entre Executivo, Legislativo e Judici\u00e1rio.<\/li>\n\n\n\n<li><strong>Ruptura institucional<\/strong>: Participa\u00e7\u00e3o em tentativas de golpe de Estado, incita\u00e7\u00e3o \u00e0 viol\u00eancia pol\u00edtica ou atos que ameacem a ordem democr\u00e1tica.<\/li>\n<\/ol>\n\n\n\n<p class=\"wp-block-paragraph\">Essa lista busca garantir que apenas indiv\u00edduos sem hist\u00f3rico de amea\u00e7as graves \u00e0 democracia possam ocupar cargos de influ\u00eancia.<\/p>\n\n\n\n<p class=\"wp-block-paragraph\">Por que proibir a nomea\u00e7\u00e3o de condenados por crimes contra a democracia?<\/p>\n\n\n\n<p class=\"wp-block-paragraph\">A proposta reflete uma preocupa\u00e7\u00e3o crescente com a prote\u00e7\u00e3o do sistema democr\u00e1tico. Permitir que pessoas condenadas por crimes como tentativa de golpe ou viol\u00eancia pol\u00edtica ocupem cargos p\u00fablicos poderia enfraquecer a confian\u00e7a nas institui\u00e7\u00f5es e abrir espa\u00e7o para novos ataques \u00e0 democracia. O projeto refor\u00e7a a ideia de que posi\u00e7\u00f5es de lideran\u00e7a devem ser ocupadas por quem respeita os princ\u00edpios constitucionais.<\/p>\n\n\n\n<p class=\"wp-block-paragraph\">Impacto esperado<\/p>\n\n\n\n<p class=\"wp-block-paragraph\">Ao impedir a <strong>nomea\u00e7\u00e3o de condenados por crimes contra a democracia<\/strong>, a lei pretende:<\/p>\n\n\n\n<ul class=\"wp-block-list\">\n<li>Promover maior transpar\u00eancia e \u00e9tica na gest\u00e3o p\u00fablica.<\/li>\n\n\n\n<li>Proteger as institui\u00e7\u00f5es de influ\u00eancias antidemocr\u00e1ticas.<\/li>\n\n\n\n<li>Garantir que o servi\u00e7o p\u00fablico seja exercido por pessoas alinhadas aos valores democr\u00e1ticos.<\/li>\n<\/ul>\n\n\n\n<p class=\"wp-block-paragraph\">E agora?<\/p>\n\n\n\n<p class=\"wp-block-paragraph\">O projeto est\u00e1 em tramita\u00e7\u00e3o e, se aprovado, marcar\u00e1 um avan\u00e7o significativo na defesa da democracia no \u00e2mbito da administra\u00e7\u00e3o p\u00fablica. A iniciativa da vereadora <strong>Isabelly Maria de Carvalho, do PT<\/strong>, destaca a import\u00e2ncia de medidas preventivas para resguardar o Estado Democr\u00e1tico de Direito.<\/p>\n\n\n\n<p class=\"wp-block-paragraph\"><em>Fique de olho para mais not\u00edcias sobre esse projeto e outras a\u00e7\u00f5es em prol da democracia!<\/em><\/p>\n","protected":false},"excerpt":{"rendered":"<p>Um novo projeto de lei busca impedir a nomea\u00e7\u00e3o de condenados por crimes contra a democracia em cargos comissionados da administra\u00e7\u00e3o p\u00fablica. A proposta visa fortalecer a integridade das institui\u00e7\u00f5es democr\u00e1ticas, proibindo que indiv\u00edduos com hist\u00f3rico de condena\u00e7\u00f5es por atos contra o Estado Democr\u00e1tico de Direito ocupem posi\u00e7\u00f5es de confian\u00e7a no servi\u00e7o p\u00fablico. O que [&hellip;]<\/p>\n","protected":false},"author":1,"featured_media":24359,"comment_status":"open","ping_status":"open","sticky":false,"template":"","format":"standard","meta":{"_jetpack_newsletter_access":"","_jetpack_dont_email_post_to_subs":false,"_jetpack_newsletter_tier_id":0,"_jetpack_memberships_contains_paywalled_content":false,"_mbp_banners":[],"_jetpack_feature_clip_id":0,"_jetpack_memberships_contains_paid_content":false,"footnotes":"","jetpack_publicize_message":"","jetpack_publicize_feature_enabled":true,"jetpack_social_post_already_shared":true,"jetpack_social_options":{"image_generator_settings":{"template":"highway","default_image_id":0,"font":"","enabled":false},"version":2},"jetpack_post_was_ever_published":false},"categories":[19],"tags":[],"class_list":["post-24358","post","type-post","status-publish","format-standard","has-post-thumbnail","category-politica"],"jetpack_publicize_connections":[],"jetpack-related-posts":[],"jetpack_shortlink":"https:\/\/wp.me\/p7Eq1F-6kS","jetpack_sharing_enabled":true,"jetpack_featured_media_url":"https:\/\/i0.wp.com\/guialimeira.com.br\/news\/wp-content\/uploads\/2025\/02\/quebra-quebra.jpg?fit=1200%2C900&ssl=1","_links":{"self":[{"href":"https:\/\/guialimeira.com.br\/news\/wp-json\/wp\/v2\/posts\/24358","targetHints":{"allow":["GET"]}}],"collection":[{"href":"https:\/\/guialimeira.com.br\/news\/wp-json\/wp\/v2\/posts"}],"about":[{"href":"https:\/\/guialimeira.com.br\/news\/wp-json\/wp\/v2\/types\/post"}],"author":[{"embeddable":true,"href":"https:\/\/guialimeira.com.br\/news\/wp-json\/wp\/v2\/users\/1"}],"replies":[{"embeddable":true,"href":"https:\/\/guialimeira.com.br\/news\/wp-json\/wp\/v2\/comments?post=24358"}],"version-history":[{"count":1,"href":"https:\/\/guialimeira.com.br\/news\/wp-json\/wp\/v2\/posts\/24358\/revisions"}],"predecessor-version":[{"id":24361,"href":"https:\/\/guialimeira.com.br\/news\/wp-json\/wp\/v2\/posts\/24358\/revisions\/24361"}],"wp:featuredmedia":[{"embeddable":true,"href":"https:\/\/guialimeira.com.br\/news\/wp-json\/wp\/v2\/media\/24359"}],"wp:attachment":[{"href":"https:\/\/guialimeira.com.br\/news\/wp-json\/wp\/v2\/media?parent=24358"}],"wp:term":[{"taxonomy":"category","embeddable":true,"href":"https:\/\/guialimeira.com.br\/news\/wp-json\/wp\/v2\/categories?post=24358"},{"taxonomy":"post_tag","embeddable":true,"href":"https:\/\/guialimeira.com.br\/news\/wp-json\/wp\/v2\/tags?post=24358"}],"curies":[{"name":"wp","href":"https:\/\/api.w.org\/{rel}","templated":true}]}}