{"id":24350,"date":"2025-02-22T08:15:41","date_gmt":"2025-02-22T11:15:41","guid":{"rendered":"https:\/\/guialimeira.com.br\/?p=24350"},"modified":"2025-02-22T08:15:43","modified_gmt":"2025-02-22T11:15:43","slug":"transporte-escolar-rural-vereador-helder-do-taxi-cobra-respostas-da-prefeitura","status":"publish","type":"post","link":"https:\/\/guialimeira.com.br\/news\/transporte-escolar-rural-vereador-helder-do-taxi-cobra-respostas-da-prefeitura\/","title":{"rendered":"Transporte escolar rural: Vereador Helder do T\u00e1xi cobra respostas da Prefeitura"},"content":{"rendered":"\n<p class=\"wp-block-paragraph\">O vereador destacou a import\u00e2ncia de garantir a seguran\u00e7a dos alunos que utilizam o transporte escolar nas zonas rurais, abordando quest\u00f5es como as condi\u00e7\u00f5es dos ve\u00edculos, a capacidade de transporte, o tempo de percurso e a manuten\u00e7\u00e3o dos \u00f4nibus. Ele enfatizou que muitos moradores e pais de alunos t\u00eam relatado dificuldades e falhas mec\u00e2nicas nos \u00f4nibus escolares, que podem colocar em risco a seguran\u00e7a das crian\u00e7as.<\/p>\n\n\n\n<p class=\"wp-block-paragraph\">Al\u00e9m disso, Helder solicitou c\u00f3pias de documentos importantes, como ordens de servi\u00e7o de manuten\u00e7\u00e3o e laudos de vistoria t\u00e9cnica, para garantir a transpar\u00eancia e a fiscaliza\u00e7\u00e3o adequada dos servi\u00e7os prestados.<\/p>\n\n\n\n<p class=\"wp-block-paragraph\">A legisla\u00e7\u00e3o municipal, conforme a Lei Ordin\u00e1ria 5745\/2016, estabelece crit\u00e9rios para a utiliza\u00e7\u00e3o de ve\u00edculos no transporte escolar, e o vereador defende que \u00e9 fundamental que esses crit\u00e9rios sejam cumpridos para garantir a seguran\u00e7a e o bem-estar dos estudantes.<\/p>\n","protected":false},"excerpt":{"rendered":"<p>O vereador destacou a import\u00e2ncia de garantir a seguran\u00e7a dos alunos que utilizam o transporte escolar nas zonas rurais, abordando quest\u00f5es como as condi\u00e7\u00f5es dos ve\u00edculos, a capacidade de transporte, o tempo de percurso e a manuten\u00e7\u00e3o dos \u00f4nibus. Ele enfatizou que muitos moradores e pais de alunos t\u00eam relatado dificuldades e falhas mec\u00e2nicas nos [&hellip;]<\/p>\n","protected":false},"author":1,"featured_media":24351,"comment_status":"open","ping_status":"open","sticky":false,"template":"","format":"standard","meta":{"_jetpack_newsletter_access":"","_jetpack_dont_email_post_to_subs":false,"_jetpack_newsletter_tier_id":0,"_jetpack_memberships_contains_paywalled_content":false,"_mbp_banners":[],"_jetpack_feature_clip_id":0,"_jetpack_memberships_contains_paid_content":false,"footnotes":"","jetpack_publicize_message":"","jetpack_publicize_feature_enabled":true,"jetpack_social_post_already_shared":true,"jetpack_social_options":{"image_generator_settings":{"template":"highway","default_image_id":0,"font":"","enabled":false},"version":2},"jetpack_post_was_ever_published":false},"categories":[19],"tags":[],"class_list":["post-24350","post","type-post","status-publish","format-standard","has-post-thumbnail","category-politica"],"jetpack_publicize_connections":[],"jetpack-related-posts":[],"jetpack_shortlink":"https:\/\/wp.me\/p7Eq1F-6kK","jetpack_sharing_enabled":true,"jetpack_featured_media_url":"https:\/\/i0.wp.com\/guialimeira.com.br\/news\/wp-content\/uploads\/2025\/02\/Helder-Taxi.jpg?fit=1280%2C640&ssl=1","_links":{"self":[{"href":"https:\/\/guialimeira.com.br\/news\/wp-json\/wp\/v2\/posts\/24350","targetHints":{"allow":["GET"]}}],"collection":[{"href":"https:\/\/guialimeira.com.br\/news\/wp-json\/wp\/v2\/posts"}],"about":[{"href":"https:\/\/guialimeira.com.br\/news\/wp-json\/wp\/v2\/types\/post"}],"author":[{"embeddable":true,"href":"https:\/\/guialimeira.com.br\/news\/wp-json\/wp\/v2\/users\/1"}],"replies":[{"embeddable":true,"href":"https:\/\/guialimeira.com.br\/news\/wp-json\/wp\/v2\/comments?post=24350"}],"version-history":[{"count":1,"href":"https:\/\/guialimeira.com.br\/news\/wp-json\/wp\/v2\/posts\/24350\/revisions"}],"predecessor-version":[{"id":24352,"href":"https:\/\/guialimeira.com.br\/news\/wp-json\/wp\/v2\/posts\/24350\/revisions\/24352"}],"wp:featuredmedia":[{"embeddable":true,"href":"https:\/\/guialimeira.com.br\/news\/wp-json\/wp\/v2\/media\/24351"}],"wp:attachment":[{"href":"https:\/\/guialimeira.com.br\/news\/wp-json\/wp\/v2\/media?parent=24350"}],"wp:term":[{"taxonomy":"category","embeddable":true,"href":"https:\/\/guialimeira.com.br\/news\/wp-json\/wp\/v2\/categories?post=24350"},{"taxonomy":"post_tag","embeddable":true,"href":"https:\/\/guialimeira.com.br\/news\/wp-json\/wp\/v2\/tags?post=24350"}],"curies":[{"name":"wp","href":"https:\/\/api.w.org\/{rel}","templated":true}]}}