{"id":24347,"date":"2025-02-22T08:02:54","date_gmt":"2025-02-22T11:02:54","guid":{"rendered":"https:\/\/guialimeira.com.br\/?p=24347"},"modified":"2025-02-22T08:02:56","modified_gmt":"2025-02-22T11:02:56","slug":"aumento-dos-casos-de-dengue-em-limeira-requerimento-pede-informacoes-a-prefeitura","status":"publish","type":"post","link":"https:\/\/guialimeira.com.br\/news\/aumento-dos-casos-de-dengue-em-limeira-requerimento-pede-informacoes-a-prefeitura\/","title":{"rendered":"Aumento dos casos de dengue em Limeira: Requerimento pede informa\u00e7\u00f5es a Prefeitura"},"content":{"rendered":"\n<p class=\"wp-block-paragraph\">Nesta sexta-feira (21), a vereadora Isabelly Maria de Carvalho apresentou um requerimento, solicitando informa\u00e7\u00f5es ao Excelent\u00edssimo Senhor Prefeito Municipal, Murilo Felix, sobre as estrat\u00e9gias adotadas para enfrentar o aumento alarmante dos casos de dengue em nosso munic\u00edpio.<\/p>\n\n\n\n<p class=\"wp-block-paragraph\">A vereadora destacou a import\u00e2ncia de um plano de a\u00e7\u00e3o estruturado, abordando medidas como campanhas de conscientiza\u00e7\u00e3o, mutir\u00f5es de limpeza e a atua\u00e7\u00e3o dos agentes de combate a endemias. Al\u00e9m disso, foi solicitado um levantamento sobre a previs\u00e3o epidemiol\u00f3gica e a cria\u00e7\u00e3o de um centro especializado para atendimento de pacientes com dengue.<\/p>\n\n\n\n<p class=\"wp-block-paragraph\">\u00c9 fundamental que a administra\u00e7\u00e3o municipal responda a essas demandas com a urg\u00eancia que a situa\u00e7\u00e3o requer, garantindo a sa\u00fade e o bem-estar da popula\u00e7\u00e3o de Limeira<\/p>\n","protected":false},"excerpt":{"rendered":"<p>Nesta sexta-feira (21), a vereadora Isabelly Maria de Carvalho apresentou um requerimento, solicitando informa\u00e7\u00f5es ao Excelent\u00edssimo Senhor Prefeito Municipal, Murilo Felix, sobre as estrat\u00e9gias adotadas para enfrentar o aumento alarmante dos casos de dengue em nosso munic\u00edpio. A vereadora destacou a import\u00e2ncia de um plano de a\u00e7\u00e3o estruturado, abordando medidas como campanhas de conscientiza\u00e7\u00e3o, mutir\u00f5es [&hellip;]<\/p>\n","protected":false},"author":1,"featured_media":8210,"comment_status":"open","ping_status":"open","sticky":false,"template":"","format":"standard","meta":{"_jetpack_newsletter_access":"","_jetpack_dont_email_post_to_subs":false,"_jetpack_newsletter_tier_id":0,"_jetpack_memberships_contains_paywalled_content":false,"_mbp_banners":[],"_jetpack_feature_clip_id":0,"_jetpack_memberships_contains_paid_content":false,"footnotes":"","jetpack_publicize_message":"","jetpack_publicize_feature_enabled":true,"jetpack_social_post_already_shared":true,"jetpack_social_options":{"image_generator_settings":{"template":"highway","default_image_id":0,"font":"","enabled":false},"version":2},"jetpack_post_was_ever_published":false},"categories":[19],"tags":[],"class_list":["post-24347","post","type-post","status-publish","format-standard","has-post-thumbnail","category-politica"],"jetpack_publicize_connections":[],"jetpack-related-posts":[],"jetpack_shortlink":"https:\/\/wp.me\/p7Eq1F-6kH","jetpack_sharing_enabled":true,"jetpack_featured_media_url":"https:\/\/i0.wp.com\/guialimeira.com.br\/news\/wp-content\/uploads\/2024\/06\/aedes_dengue_zika.jpg?fit=1600%2C800&ssl=1","_links":{"self":[{"href":"https:\/\/guialimeira.com.br\/news\/wp-json\/wp\/v2\/posts\/24347","targetHints":{"allow":["GET"]}}],"collection":[{"href":"https:\/\/guialimeira.com.br\/news\/wp-json\/wp\/v2\/posts"}],"about":[{"href":"https:\/\/guialimeira.com.br\/news\/wp-json\/wp\/v2\/types\/post"}],"author":[{"embeddable":true,"href":"https:\/\/guialimeira.com.br\/news\/wp-json\/wp\/v2\/users\/1"}],"replies":[{"embeddable":true,"href":"https:\/\/guialimeira.com.br\/news\/wp-json\/wp\/v2\/comments?post=24347"}],"version-history":[{"count":1,"href":"https:\/\/guialimeira.com.br\/news\/wp-json\/wp\/v2\/posts\/24347\/revisions"}],"predecessor-version":[{"id":24348,"href":"https:\/\/guialimeira.com.br\/news\/wp-json\/wp\/v2\/posts\/24347\/revisions\/24348"}],"wp:featuredmedia":[{"embeddable":true,"href":"https:\/\/guialimeira.com.br\/news\/wp-json\/wp\/v2\/media\/8210"}],"wp:attachment":[{"href":"https:\/\/guialimeira.com.br\/news\/wp-json\/wp\/v2\/media?parent=24347"}],"wp:term":[{"taxonomy":"category","embeddable":true,"href":"https:\/\/guialimeira.com.br\/news\/wp-json\/wp\/v2\/categories?post=24347"},{"taxonomy":"post_tag","embeddable":true,"href":"https:\/\/guialimeira.com.br\/news\/wp-json\/wp\/v2\/tags?post=24347"}],"curies":[{"name":"wp","href":"https:\/\/api.w.org\/{rel}","templated":true}]}}