{"id":2434,"date":"2024-04-23T10:23:44","date_gmt":"2024-04-23T13:23:44","guid":{"rendered":"https:\/\/guialimeira.com.br\/2024\/04\/23\/dia-nacional-do-choro-e-celebrado-no-rio\/"},"modified":"2024-04-23T10:23:44","modified_gmt":"2024-04-23T13:23:44","slug":"dia-nacional-do-choro-e-celebrado-no-rio","status":"publish","type":"post","link":"https:\/\/guialimeira.com.br\/news\/dia-nacional-do-choro-e-celebrado-no-rio\/","title":{"rendered":"Dia Nacional do Choro \u00e9 celebrado no Rio"},"content":{"rendered":"<p> <br \/>\n<\/p>\n<div>\n<p>Declarado patrim\u00f4nio cultural imaterial do Brasil em fevereiro deste ano, o choro tem seu dia nacional celebrado nesta ter\u00e7a-feira (23). Para comemorar a data, \u00e9 tradi\u00e7\u00e3o a realiza\u00e7\u00e3o de uma roda musical inusitada no Rio de Janeiro.<img data-recalc-dims=\"1\" decoding=\"async\" src=\"https:\/\/i0.wp.com\/agenciabrasil.ebc.com.br\/ebc.png?w=696&#038;ssl=1\" style=\"width:1px; height:1px; display:inline;\"\/><img data-recalc-dims=\"1\" decoding=\"async\" src=\"https:\/\/i0.wp.com\/agenciabrasil.ebc.com.br\/ebc.gif?w=696&#038;ssl=1\" style=\"width:1px; height:1px; display:inline;\"\/><\/p>\n<p>M\u00fasicos e f\u00e3s do choro se re\u00fanem na ic\u00f4nica Central do Brasil e embarcam em um trem com destino a Olaria, bairro da zona norte da cidade, que era reduto de Pixinguinha, um dos maiores representantes do g\u00eanero musical.<\/p>\n<p>Dentro das composi\u00e7\u00f5es, chor\u00f5es (m\u00fasicos que executam o choro) tocam can\u00e7\u00f5es do g\u00eanero surgido no Rio e tocado por v\u00e1rias gera\u00e7\u00f5es, como Carinhoso, de Pixinguinha e Braguinha.<\/p>\n<h2>M\u00fasicos mais novos<\/h2>\n<p>Organizador do Trem do Choro, que est\u00e1 em sua 11\u00aa edi\u00e7\u00e3o, Luiz Carlos Nunuka destaca que o estilo musical continua atraindo a aten\u00e7\u00e3o dos m\u00fasicos mais jovens.<\/p>\n<p>\u201cExiste o interesse principalmente dos jovens [pelo choro]. O choro tem uma complexidade que a pessoa que aprende a toc\u00e1-lo realmente toca qualquer tipo de g\u00eanero musical\u201d, explica Nunuka.<\/p>\n<p>*<em>Com informa\u00e7\u00f5es de Cristiane Ribeiro, rep\u00f3rter do Radiojornalismo<\/em><\/p>\n<\/p><\/div>\n<p><br \/>\n<br \/><a href=\"https:\/\/agenciabrasil.ebc.com.br\/geral\/noticia\/2024-04\/dia-nacional-do-choro-e-celebrado-no-rio\" rel=\"noopener\">Ag\u00eancia Brasil<\/a><\/p>\n","protected":false},"excerpt":{"rendered":"<p>Declarado patrim\u00f4nio cultural imaterial do Brasil em fevereiro deste ano, o choro tem seu dia nacional celebrado nesta ter\u00e7a-feira (23). Para comemorar a data, \u00e9 tradi\u00e7\u00e3o a realiza\u00e7\u00e3o de uma roda musical inusitada no Rio de Janeiro. M\u00fasicos e f\u00e3s do choro se re\u00fanem na ic\u00f4nica Central do Brasil e embarcam em um trem com [&hellip;]<\/p>\n","protected":false},"author":1,"featured_media":2435,"comment_status":"open","ping_status":"open","sticky":false,"template":"","format":"standard","meta":{"_jetpack_newsletter_access":"","_jetpack_dont_email_post_to_subs":false,"_jetpack_newsletter_tier_id":0,"_jetpack_memberships_contains_paywalled_content":false,"_mbp_banners":[],"_jetpack_feature_clip_id":0,"_jetpack_memberships_contains_paid_content":false,"footnotes":"","jetpack_publicize_message":"","jetpack_publicize_feature_enabled":true,"jetpack_social_post_already_shared":true,"jetpack_social_options":{"image_generator_settings":{"template":"highway","default_image_id":0,"font":"","enabled":false},"version":2},"jetpack_post_was_ever_published":false},"categories":[1],"tags":[],"class_list":["post-2434","post","type-post","status-publish","format-standard","has-post-thumbnail","category-geral"],"jetpack_publicize_connections":[],"jetpack-related-posts":[],"jetpack_shortlink":"https:\/\/wp.me\/p7Eq1F-Dg","jetpack_sharing_enabled":true,"jetpack_featured_media_url":"https:\/\/i0.wp.com\/guialimeira.com.br\/news\/wp-content\/uploads\/2024\/04\/trem_aa_do_choro.jpg?fit=1600%2C800&ssl=1","_links":{"self":[{"href":"https:\/\/guialimeira.com.br\/news\/wp-json\/wp\/v2\/posts\/2434","targetHints":{"allow":["GET"]}}],"collection":[{"href":"https:\/\/guialimeira.com.br\/news\/wp-json\/wp\/v2\/posts"}],"about":[{"href":"https:\/\/guialimeira.com.br\/news\/wp-json\/wp\/v2\/types\/post"}],"author":[{"embeddable":true,"href":"https:\/\/guialimeira.com.br\/news\/wp-json\/wp\/v2\/users\/1"}],"replies":[{"embeddable":true,"href":"https:\/\/guialimeira.com.br\/news\/wp-json\/wp\/v2\/comments?post=2434"}],"version-history":[{"count":0,"href":"https:\/\/guialimeira.com.br\/news\/wp-json\/wp\/v2\/posts\/2434\/revisions"}],"wp:featuredmedia":[{"embeddable":true,"href":"https:\/\/guialimeira.com.br\/news\/wp-json\/wp\/v2\/media\/2435"}],"wp:attachment":[{"href":"https:\/\/guialimeira.com.br\/news\/wp-json\/wp\/v2\/media?parent=2434"}],"wp:term":[{"taxonomy":"category","embeddable":true,"href":"https:\/\/guialimeira.com.br\/news\/wp-json\/wp\/v2\/categories?post=2434"},{"taxonomy":"post_tag","embeddable":true,"href":"https:\/\/guialimeira.com.br\/news\/wp-json\/wp\/v2\/tags?post=2434"}],"curies":[{"name":"wp","href":"https:\/\/api.w.org\/{rel}","templated":true}]}}