{"id":24332,"date":"2025-02-22T07:22:21","date_gmt":"2025-02-22T10:22:21","guid":{"rendered":"https:\/\/guialimeira.com.br\/?p=24332"},"modified":"2025-02-22T07:22:22","modified_gmt":"2025-02-22T10:22:22","slug":"uso-de-charretes-em-area-urbana-volta-a-pauta-da-comissao-de-meio-ambiente","status":"publish","type":"post","link":"https:\/\/guialimeira.com.br\/news\/uso-de-charretes-em-area-urbana-volta-a-pauta-da-comissao-de-meio-ambiente\/","title":{"rendered":"Uso de charretes em \u00e1rea urbana volta \u00e0 pauta da Comiss\u00e3o de Meio Ambiente"},"content":{"rendered":"\n<p class=\"wp-block-paragraph\">A Comiss\u00e3o de Meio Ambiente da C\u00e2mara voltou a discutir o uso de charretes na \u00e1rea urbana de Limeira na reuni\u00e3o desta quinta-feira, 20 de fevereiro. O colegiado recebeu um grupo de mun\u00edcipes que fazem uso do ve\u00edculo e est\u00e3o preocupados com as \u00faltimas informa\u00e7\u00f5es veiculadas pela Prefeitura durante fiscaliza\u00e7\u00f5es.<\/p>\n\n\n\n<p class=\"wp-block-paragraph\">Segundo os mun\u00edcipes, foram feitas abordagens nos \u00faltimos dias, algumas delas geraram apreens\u00e3o dos animais e outras notifica\u00e7\u00f5es aos propriet\u00e1rios. O grupo composto por charreteiros e cavaleiros expressou preocupa\u00e7\u00e3o sobre os procedimentos adotados pelo Executivo e pediu aux\u00edlio aos vereadores para entender as legisla\u00e7\u00f5es municipais que embasaram as a\u00e7\u00f5es.<\/p>\n\n\n\n<p class=\"wp-block-paragraph\">Para buscar esclarecimento sobre os acontecimentos, a Comiss\u00e3o deliberou pelo encaminhamento de of\u00edcio \u00e0 Prefeitura questionando quais legisla\u00e7\u00f5es basearam as abordagens que envolveram animais de grande porte. O colegiado pediu tamb\u00e9m a rela\u00e7\u00e3o de fiscaliza\u00e7\u00f5es, multas e procedimentos realizados no m\u00eas de fevereiro referentes \u00e0 apreens\u00e3o de animais de grande porte e charretes, bem como a quantidade de apreens\u00e3o e aplica\u00e7\u00e3o de advert\u00eancias e demais penalidades.&nbsp;<\/p>\n\n\n\n<p class=\"wp-block-paragraph\">O presidente da Comiss\u00e3o, Felipe Penedo (PL), aproveitou para falar aos mun\u00edcipes sobre a proposta de regulamenta\u00e7\u00e3o do uso de charretes na \u00e1rea urbana, que foi&nbsp;<a href=\"https:\/\/www.limeira.sp.leg.br\/noticias\/view\/2025-02-13_comissao-de-meio-ambiente-discute-proposta-para-regulamentar-o-uso-de-charretes-na-area-urbana\" rel=\"noopener\">discutida na \u00faltima reuni\u00e3o do colegiado<\/a>. Ele citou alguns pontos que poderiam integrar o projeto de lei, como a proibi\u00e7\u00e3o de utiliza\u00e7\u00e3o de animais doentes ou de trafegar em algumas vias da cidade em hor\u00e1rios de pico de tr\u00e2nsito, bem como a obrigatoriedade de ilumina\u00e7\u00e3o e refletores nas charretes. Ele esclareceu que o projeto ainda est\u00e1 em discuss\u00e3o e adapta\u00e7\u00e3o. \u201cEntendo que \u00e9 preciso ter uma regulamenta\u00e7\u00e3o m\u00ednima para proteger n\u00e3o s\u00f3 o animal, mas tamb\u00e9m os pr\u00f3prios charreteiros\u201d, afirmou.<\/p>\n\n\n\n<p class=\"wp-block-paragraph\">A Comiss\u00e3o \u00e9 composta pelos vereadores Felipe Penedo (PL), presidente; Tatiane Lopes (Avante), vice-presidente e Helder do Taxi (PSD) secret\u00e1rio. Tamb\u00e9m participaram da reuni\u00e3o os vereadores M\u00e1rcio do Estacionamento (DC), Waguinho da Santa Luzia (PP) e Lu Bogo (PL), e o ex-vereador Ju Neg\u00e3o.<\/p>\n\n\n\n<p class=\"wp-block-paragraph\">S\u00e3o atribui\u00e7\u00f5es dos membros fiscalizar a implementa\u00e7\u00e3o de pol\u00edticas p\u00fablicas com tem\u00e1tica relacionada \u00e0 legisla\u00e7\u00e3o de defesa do meio ambiente, agricultura, recursos h\u00eddricos, saneamento, polui\u00e7\u00e3o ambiental, flora, fauna, controle e prote\u00e7\u00e3o animal, solo e desenvolvimento sustent\u00e1vel. Compete ainda ao colegiado receber den\u00fancias de viola\u00e7\u00e3o dos direitos dos animais, al\u00e9m de estudar e propor altera\u00e7\u00f5es na legisla\u00e7\u00e3o ambiental. As reuni\u00f5es acontecem regimentalmente \u00e0s quintas-feiras \u00e0s 15h. Todas as delibera\u00e7\u00f5es foram registradas em&nbsp;<a href=\"https:\/\/consulta.limeira.sp.leg.br\/arquivo?Id=478498\" rel=\"noopener\">ata<\/a>.<\/p>\n","protected":false},"excerpt":{"rendered":"<p>A Comiss\u00e3o de Meio Ambiente da C\u00e2mara voltou a discutir o uso de charretes na \u00e1rea urbana de Limeira na reuni\u00e3o desta quinta-feira, 20 de fevereiro. O colegiado recebeu um grupo de mun\u00edcipes que fazem uso do ve\u00edculo e est\u00e3o preocupados com as \u00faltimas informa\u00e7\u00f5es veiculadas pela Prefeitura durante fiscaliza\u00e7\u00f5es. Segundo os mun\u00edcipes, foram feitas [&hellip;]<\/p>\n","protected":false},"author":1,"featured_media":24333,"comment_status":"open","ping_status":"open","sticky":false,"template":"","format":"standard","meta":{"_jetpack_newsletter_access":"","_jetpack_dont_email_post_to_subs":false,"_jetpack_newsletter_tier_id":0,"_jetpack_memberships_contains_paywalled_content":false,"_mbp_banners":[],"_jetpack_feature_clip_id":0,"_jetpack_memberships_contains_paid_content":false,"footnotes":"","jetpack_publicize_message":"","jetpack_publicize_feature_enabled":true,"jetpack_social_post_already_shared":true,"jetpack_social_options":{"image_generator_settings":{"template":"highway","default_image_id":0,"font":"","enabled":false},"version":2},"jetpack_post_was_ever_published":false},"categories":[19],"tags":[],"class_list":["post-24332","post","type-post","status-publish","format-standard","has-post-thumbnail","category-politica"],"jetpack_publicize_connections":[],"jetpack-related-posts":[],"jetpack_shortlink":"https:\/\/wp.me\/p7Eq1F-6ks","jetpack_sharing_enabled":true,"jetpack_featured_media_url":"https:\/\/i0.wp.com\/guialimeira.com.br\/news\/wp-content\/uploads\/2025\/02\/2025-02-20_uso-de-charretes-em-area-urbana-volta-a-pauta-da-comissao-de-meio-ambiente_1.jpg?fit=1280%2C640&ssl=1","_links":{"self":[{"href":"https:\/\/guialimeira.com.br\/news\/wp-json\/wp\/v2\/posts\/24332","targetHints":{"allow":["GET"]}}],"collection":[{"href":"https:\/\/guialimeira.com.br\/news\/wp-json\/wp\/v2\/posts"}],"about":[{"href":"https:\/\/guialimeira.com.br\/news\/wp-json\/wp\/v2\/types\/post"}],"author":[{"embeddable":true,"href":"https:\/\/guialimeira.com.br\/news\/wp-json\/wp\/v2\/users\/1"}],"replies":[{"embeddable":true,"href":"https:\/\/guialimeira.com.br\/news\/wp-json\/wp\/v2\/comments?post=24332"}],"version-history":[{"count":1,"href":"https:\/\/guialimeira.com.br\/news\/wp-json\/wp\/v2\/posts\/24332\/revisions"}],"predecessor-version":[{"id":24334,"href":"https:\/\/guialimeira.com.br\/news\/wp-json\/wp\/v2\/posts\/24332\/revisions\/24334"}],"wp:featuredmedia":[{"embeddable":true,"href":"https:\/\/guialimeira.com.br\/news\/wp-json\/wp\/v2\/media\/24333"}],"wp:attachment":[{"href":"https:\/\/guialimeira.com.br\/news\/wp-json\/wp\/v2\/media?parent=24332"}],"wp:term":[{"taxonomy":"category","embeddable":true,"href":"https:\/\/guialimeira.com.br\/news\/wp-json\/wp\/v2\/categories?post=24332"},{"taxonomy":"post_tag","embeddable":true,"href":"https:\/\/guialimeira.com.br\/news\/wp-json\/wp\/v2\/tags?post=24332"}],"curies":[{"name":"wp","href":"https:\/\/api.w.org\/{rel}","templated":true}]}}