{"id":24329,"date":"2025-02-22T07:16:30","date_gmt":"2025-02-22T10:16:30","guid":{"rendered":"https:\/\/guialimeira.com.br\/?p=24329"},"modified":"2025-02-22T07:16:32","modified_gmt":"2025-02-22T10:16:32","slug":"everton-ferreira-pede-mais-equipes-do-programa-de-assistencia-domiciliar-pad","status":"publish","type":"post","link":"https:\/\/guialimeira.com.br\/news\/everton-ferreira-pede-mais-equipes-do-programa-de-assistencia-domiciliar-pad\/","title":{"rendered":"Everton Ferreira pede mais equipes do Programa de Assist\u00eancia Domiciliar (PAD)"},"content":{"rendered":"\n<p class=\"wp-block-paragraph\">O vereador e presidente da C\u00e2mara Municipal, Everton Ferreira (PSD), apresentou nesta sexta-feira, 21 de fevereiro, um&nbsp;<a href=\"https:\/\/consulta.limeira.sp.leg.br\/Documentos\/Documento\/367308\" rel=\"noopener\">requerimento N\u00ba 92\/2025<\/a>&nbsp;solicitando a implanta\u00e7\u00e3o de ao menos mais uma equipe para o Programa de Assist\u00eancia Domiciliar (PAD). O parlamentar esteve na unidade, que tem sede na avenida Campinas, junto \u00e0 Unidade B\u00e1sica de Sa\u00fade (UBS) Cidade Jardim, para verificar como est\u00e1 a estrutura e o atendimento do programa.<\/p>\n\n\n\n<p class=\"wp-block-paragraph\">&nbsp;Segundo a Prefeitura, o PAD \u00e9 uma assist\u00eancia ambulatorial oferecida na resid\u00eancia do paciente, \u201cproporcionando a garantia de continuidade aos cuidados \u00e0 sa\u00fade, com foco na assist\u00eancia humanizada e integrada \u00e0s redes de aten\u00e7\u00e3o dispon\u00edveis na rede p\u00fablica de sa\u00fade\u201d.<\/p>\n\n\n\n<p class=\"wp-block-paragraph\">&nbsp;Everton explicou que a equipe \u00e9 formada por um m\u00e9dico, um nutricionista, uma psic\u00f3loga, um fisioterapeuta, um assistente social, um t\u00e9cnico de enfermagem, um dentista, um fonoaudi\u00f3logo e um motorista, que atendem 110 pacientes graus um e dois, ou seja, com dificuldade ou impossibilidade f\u00edsica de locomo\u00e7\u00e3o e que necessitam de curativos complexos, drenagem, adapta\u00e7\u00e3o a pr\u00f3tese e uso de aspirador, por exemplo.<\/p>\n\n\n\n<p class=\"wp-block-paragraph\">&nbsp;\u201cDestes 110 pacientes, 67 usam sonda e precisam de cuidados mais pr\u00f3ximos, ainda que os casos sejam mais leves. O simples fato de o paciente estar deitado incorretamente em sua cama pode resultar em uma broncoaspira\u00e7\u00e3o, causar pneumonia e o quadro cl\u00ednico evoluir para uma situa\u00e7\u00e3o irrevers\u00edvel\u201d, afirmou Everton.<\/p>\n\n\n\n<p class=\"wp-block-paragraph\">&nbsp;Por este motivo, o vereador busca junto \u00e0 Prefeitura de Limeira a implanta\u00e7\u00e3o de pelo menos mais uma equipe, o que teria um impacto positivo no tratamento destes pacientes. \u201cDe acordo com estudos, percebe-se que a quantidade adequada por equipe do PAD seria de 75 pacientes. Assim os profissionais teriam mais tempo com cada um\u201d, disse.<\/p>\n\n\n\n<p class=\"wp-block-paragraph\">&nbsp;Conforme Everton, os atendimentos ocorrem ao menos uma vez por m\u00eas, mas boa parte poderia ser semanal. \u201cCom a amplia\u00e7\u00e3o da equipe, haveria mais qualidade no atendimento cl\u00ednico e humano.\u201d<\/p>\n","protected":false},"excerpt":{"rendered":"<p>O vereador e presidente da C\u00e2mara Municipal, Everton Ferreira (PSD), apresentou nesta sexta-feira, 21 de fevereiro, um&nbsp;requerimento N\u00ba 92\/2025&nbsp;solicitando a implanta\u00e7\u00e3o de ao menos mais uma equipe para o Programa de Assist\u00eancia Domiciliar (PAD). O parlamentar esteve na unidade, que tem sede na avenida Campinas, junto \u00e0 Unidade B\u00e1sica de Sa\u00fade (UBS) Cidade Jardim, para [&hellip;]<\/p>\n","protected":false},"author":1,"featured_media":24330,"comment_status":"open","ping_status":"open","sticky":false,"template":"","format":"standard","meta":{"_jetpack_newsletter_access":"","_jetpack_dont_email_post_to_subs":false,"_jetpack_newsletter_tier_id":0,"_jetpack_memberships_contains_paywalled_content":false,"_mbp_banners":[],"_jetpack_feature_clip_id":0,"_jetpack_memberships_contains_paid_content":false,"footnotes":"","jetpack_publicize_message":"","jetpack_publicize_feature_enabled":true,"jetpack_social_post_already_shared":true,"jetpack_social_options":{"image_generator_settings":{"template":"highway","default_image_id":0,"font":"","enabled":false},"version":2},"jetpack_post_was_ever_published":false},"categories":[19],"tags":[],"class_list":["post-24329","post","type-post","status-publish","format-standard","has-post-thumbnail","category-politica"],"jetpack_publicize_connections":[],"jetpack-related-posts":[],"jetpack_shortlink":"https:\/\/wp.me\/p7Eq1F-6kp","jetpack_sharing_enabled":true,"jetpack_featured_media_url":"https:\/\/i0.wp.com\/guialimeira.com.br\/news\/wp-content\/uploads\/2025\/02\/2025-02-21_everton-ferreira-pede-mais-equipes-do-programa-de-assistencia-domiciliar-pad_1.jpg?fit=1280%2C640&ssl=1","_links":{"self":[{"href":"https:\/\/guialimeira.com.br\/news\/wp-json\/wp\/v2\/posts\/24329","targetHints":{"allow":["GET"]}}],"collection":[{"href":"https:\/\/guialimeira.com.br\/news\/wp-json\/wp\/v2\/posts"}],"about":[{"href":"https:\/\/guialimeira.com.br\/news\/wp-json\/wp\/v2\/types\/post"}],"author":[{"embeddable":true,"href":"https:\/\/guialimeira.com.br\/news\/wp-json\/wp\/v2\/users\/1"}],"replies":[{"embeddable":true,"href":"https:\/\/guialimeira.com.br\/news\/wp-json\/wp\/v2\/comments?post=24329"}],"version-history":[{"count":1,"href":"https:\/\/guialimeira.com.br\/news\/wp-json\/wp\/v2\/posts\/24329\/revisions"}],"predecessor-version":[{"id":24331,"href":"https:\/\/guialimeira.com.br\/news\/wp-json\/wp\/v2\/posts\/24329\/revisions\/24331"}],"wp:featuredmedia":[{"embeddable":true,"href":"https:\/\/guialimeira.com.br\/news\/wp-json\/wp\/v2\/media\/24330"}],"wp:attachment":[{"href":"https:\/\/guialimeira.com.br\/news\/wp-json\/wp\/v2\/media?parent=24329"}],"wp:term":[{"taxonomy":"category","embeddable":true,"href":"https:\/\/guialimeira.com.br\/news\/wp-json\/wp\/v2\/categories?post=24329"},{"taxonomy":"post_tag","embeddable":true,"href":"https:\/\/guialimeira.com.br\/news\/wp-json\/wp\/v2\/tags?post=24329"}],"curies":[{"name":"wp","href":"https:\/\/api.w.org\/{rel}","templated":true}]}}