{"id":24326,"date":"2025-02-22T06:58:17","date_gmt":"2025-02-22T09:58:17","guid":{"rendered":"https:\/\/guialimeira.com.br\/?p=24326"},"modified":"2025-02-22T06:58:18","modified_gmt":"2025-02-22T09:58:18","slug":"portaria-define-pontos-facultativos-em-limeira-para-o-ano-de-2025","status":"publish","type":"post","link":"https:\/\/guialimeira.com.br\/news\/portaria-define-pontos-facultativos-em-limeira-para-o-ano-de-2025\/","title":{"rendered":"Portaria define pontos facultativos em Limeira para o ano de 2025"},"content":{"rendered":"\n<p class=\"wp-block-paragraph\">Descubra os pontos facultativos em Limeira para 2025! Veja as datas oficiais estabelecidas pela Prefeitura:<\/p>\n\n\n\n<p class=\"wp-block-paragraph\">\u2705&nbsp;<strong>03 e 04 de mar\u00e7o<\/strong>&nbsp;\u2013 Segunda e ter\u00e7a-feira de Carnaval<br>\u2705&nbsp;<strong>02 de maio<\/strong>&nbsp;\u2013 Sexta-feira ap\u00f3s o Dia Mundial do Trabalho<br>\u2705&nbsp;<strong>20 de junho<\/strong>&nbsp;\u2013 Sexta-feira ap\u00f3s Corpus Christi<br>\u2705&nbsp;<strong>15 de outubro<\/strong>&nbsp;\u2013 Dia do Professor (<em>apenas para servidores da Educa\u00e7\u00e3o<\/em>)<br>\u2705&nbsp;<strong>28 de outubro<\/strong>&nbsp;\u2013 Dia do Funcion\u00e1rio P\u00fablico Municipal<br>\u2705&nbsp;<strong>21 de novembro<\/strong>&nbsp;\u2013 Sexta-feira ap\u00f3s o Dia da Consci\u00eancia Negra<br>\u2705&nbsp;<strong>24 de dezembro<\/strong>&nbsp;\u2013 Quarta-feira antes do Natal<br>\u2705&nbsp;<strong>26 de dezembro<\/strong>&nbsp;\u2013 Sexta-feira ap\u00f3s o Natal<br>\u2705&nbsp;<strong>31 de dezembro<\/strong>&nbsp;\u2013 Quarta-feira antes do Ano Novo<br>\u2705&nbsp;<strong>02 de janeiro de 2026<\/strong>&nbsp;\u2013 Sexta-feira ap\u00f3s o Ano Novo<\/p>\n\n\n\n<h2 class=\"wp-block-heading\"><strong>Altera\u00e7\u00e3o no expediente da Quarta-feira de Cinzas<\/strong><\/h2>\n\n\n\n<p class=\"wp-block-paragraph\">No dia&nbsp;<strong>05 de mar\u00e7o de 2025<\/strong>, quarta-feira de Cinzas, o expediente municipal ser\u00e1 das&nbsp;<strong>13h \u00e0s 18h<\/strong>, garantindo o funcionamento parcial das reparti\u00e7\u00f5es p\u00fablicas.<\/p>\n\n\n\n<h2 class=\"wp-block-heading\"><strong>Servi\u00e7os Essenciais<\/strong><\/h2>\n\n\n\n<p class=\"wp-block-paragraph\">Os servi\u00e7os essenciais, como&nbsp;<strong>Prontos-Atendimentos, SAMU, Guarda Civil Municipal, Defesa Civil e Agentes de Tr\u00e2nsito<\/strong>, funcionar\u00e3o normalmente em regime de plant\u00e3o para garantir atendimento \u00e0 popula\u00e7\u00e3o.<\/p>\n\n\n\n<h2 class=\"wp-block-heading\"><strong>Publica\u00e7\u00e3o Oficial<\/strong><\/h2>\n\n\n\n<p class=\"wp-block-paragraph\">Esta portaria entra em vigor na data de sua publica\u00e7\u00e3o, conforme determinado pelo prefeito&nbsp;<strong>Murilo Berbert A Vigo Felix<\/strong>.<\/p>\n\n\n\n<p class=\"wp-block-paragraph\"><strong>Publicado no Pa\u00e7o Municipal de Limeira, em 21 de fevereiro de 2025.<\/strong><\/p>\n","protected":false},"excerpt":{"rendered":"<p>Descubra os pontos facultativos em Limeira para 2025! Veja as datas oficiais estabelecidas pela Prefeitura: \u2705&nbsp;03 e 04 de mar\u00e7o&nbsp;\u2013 Segunda e ter\u00e7a-feira de Carnaval\u2705&nbsp;02 de maio&nbsp;\u2013 Sexta-feira ap\u00f3s o Dia Mundial do Trabalho\u2705&nbsp;20 de junho&nbsp;\u2013 Sexta-feira ap\u00f3s Corpus Christi\u2705&nbsp;15 de outubro&nbsp;\u2013 Dia do Professor (apenas para servidores da Educa\u00e7\u00e3o)\u2705&nbsp;28 de outubro&nbsp;\u2013 Dia do Funcion\u00e1rio [&hellip;]<\/p>\n","protected":false},"author":1,"featured_media":2713,"comment_status":"open","ping_status":"open","sticky":false,"template":"","format":"standard","meta":{"_jetpack_newsletter_access":"","_jetpack_dont_email_post_to_subs":false,"_jetpack_newsletter_tier_id":0,"_jetpack_memberships_contains_paywalled_content":false,"_mbp_banners":[],"_jetpack_feature_clip_id":0,"_jetpack_memberships_contains_paid_content":false,"footnotes":"","jetpack_publicize_message":"","jetpack_publicize_feature_enabled":true,"jetpack_social_post_already_shared":true,"jetpack_social_options":{"image_generator_settings":{"template":"highway","default_image_id":0,"font":"","enabled":false},"version":2},"jetpack_post_was_ever_published":false},"categories":[19],"tags":[],"class_list":["post-24326","post","type-post","status-publish","format-standard","has-post-thumbnail","category-politica"],"jetpack_publicize_connections":[],"jetpack-related-posts":[],"jetpack_shortlink":"https:\/\/wp.me\/p7Eq1F-6km","jetpack_sharing_enabled":true,"jetpack_featured_media_url":"https:\/\/i0.wp.com\/guialimeira.com.br\/news\/wp-content\/uploads\/2024\/04\/Prefeitura-executou-a-concretagem-da-ciclovia-Riverside-no-bosque-do-Engenho-Central-1024x576.jpg?fit=1024%2C576&ssl=1","_links":{"self":[{"href":"https:\/\/guialimeira.com.br\/news\/wp-json\/wp\/v2\/posts\/24326","targetHints":{"allow":["GET"]}}],"collection":[{"href":"https:\/\/guialimeira.com.br\/news\/wp-json\/wp\/v2\/posts"}],"about":[{"href":"https:\/\/guialimeira.com.br\/news\/wp-json\/wp\/v2\/types\/post"}],"author":[{"embeddable":true,"href":"https:\/\/guialimeira.com.br\/news\/wp-json\/wp\/v2\/users\/1"}],"replies":[{"embeddable":true,"href":"https:\/\/guialimeira.com.br\/news\/wp-json\/wp\/v2\/comments?post=24326"}],"version-history":[{"count":1,"href":"https:\/\/guialimeira.com.br\/news\/wp-json\/wp\/v2\/posts\/24326\/revisions"}],"predecessor-version":[{"id":24327,"href":"https:\/\/guialimeira.com.br\/news\/wp-json\/wp\/v2\/posts\/24326\/revisions\/24327"}],"wp:featuredmedia":[{"embeddable":true,"href":"https:\/\/guialimeira.com.br\/news\/wp-json\/wp\/v2\/media\/2713"}],"wp:attachment":[{"href":"https:\/\/guialimeira.com.br\/news\/wp-json\/wp\/v2\/media?parent=24326"}],"wp:term":[{"taxonomy":"category","embeddable":true,"href":"https:\/\/guialimeira.com.br\/news\/wp-json\/wp\/v2\/categories?post=24326"},{"taxonomy":"post_tag","embeddable":true,"href":"https:\/\/guialimeira.com.br\/news\/wp-json\/wp\/v2\/tags?post=24326"}],"curies":[{"name":"wp","href":"https:\/\/api.w.org\/{rel}","templated":true}]}}