{"id":24308,"date":"2025-02-21T22:16:58","date_gmt":"2025-02-22T01:16:58","guid":{"rendered":"https:\/\/guialimeira.com.br\/2025\/02\/21\/com-300-casos-por-100-mil-habitantes-sp-entra-em-epidemia-de-dengue\/"},"modified":"2025-02-21T22:16:58","modified_gmt":"2025-02-22T01:16:58","slug":"com-300-casos-por-100-mil-habitantes-sp-entra-em-epidemia-de-dengue","status":"publish","type":"post","link":"https:\/\/guialimeira.com.br\/news\/com-300-casos-por-100-mil-habitantes-sp-entra-em-epidemia-de-dengue\/","title":{"rendered":"Com 300 casos por 100 mil habitantes, SP entra em epidemia de dengue"},"content":{"rendered":"<p> <br \/>\n<\/p>\n<div>\n<p>O estado de S\u00e3o Paulo atingiu nesta sexta-feira (21)\u00a0o marco\u00a0de 300 casos de dengue para cada 100 mil habitantes, n\u00edvel considerado de\u00a0situa\u00e7\u00e3o de epidemia.<img data-recalc-dims=\"1\" decoding=\"async\" src=\"https:\/\/i0.wp.com\/agenciabrasil.ebc.com.br\/ebc.png?w=696&#038;ssl=1\" style=\"width:1px; height:1px; display:inline;\"\/><img data-recalc-dims=\"1\" decoding=\"async\" src=\"https:\/\/i0.wp.com\/agenciabrasil.ebc.com.br\/ebc.gif?w=696&#038;ssl=1\" style=\"width:1px; height:1px; display:inline;\"\/><\/p>\n<p>Foram\u00a0contabilizados 134 mil casos e 126 mortes\u00a0este ano. Outras 252 mortes est\u00e3o sob investiga\u00e7\u00e3o. O governo estadual decretou <a href=\"https:\/\/agenciabrasil.ebc.com.br\/saude\/noticia\/2025-02\/sao-paulo-decreta-emergencia-em-saude-publica-por-causa-da-dengue\" target=\"_blank\" rel=\"noopener\">emerg\u00eancia sanit\u00e1ria no estado<\/a> na \u00faltima quarta-feira (19).\u00a0<\/p>\n<p>Em 2024, na compara\u00e7\u00e3o com o mesmo per\u00edodo deste ano (8\u00aa semana epidemiol\u00f3gica), foram registrados 198 mil casos e 159 \u00f3bitos, com\u00a0incid\u00eancia de 446,3 casos para 100 mil habitantes.\u00a0<\/p>\n<h2>For\u00e7a-tarefa\u00a0<\/h2>\n<p>A secretaria estadual de Sa\u00fade\u00a0realiza uma for\u00e7a-tarefa nas cidades com maior incid\u00eancia, e passar\u00e1\u00a0pelas regi\u00f5es de Bauru, Ara\u00e7atuba, Mar\u00edlia e S\u00e3o Jos\u00e9 do Rio Preto. As equipes\u00a0estiveram\u00a0hoje na cidade de Conchas, que\u00a0est\u00e1 entre os munic\u00edpios\u00a0com o maior n\u00famero de casos do estado, equivalente a\u00a09,9 mil casos para 100 mil habitantes.<\/p>\n<p>\u201cTrouxemos nossa equipe de vigil\u00e2ncia em sa\u00fade e epidemiol\u00f3gica para apoiar os servi\u00e7os municipais. Alinhamos com a aten\u00e7\u00e3o b\u00e1sica local o apoio necess\u00e1rio para as tendas de hidrata\u00e7\u00e3o e regula\u00e7\u00e3o de casos mais graves de pacientes\u201d, declarou a secret\u00e1ria-executiva da pasta, Priscilla Perdicaris.<\/p>\n<p>As a\u00e7\u00f5es s\u00e3o\u00a0voltadas para o combate ao mosquito transmissor\u00a0e alerta para a\u00a0popula\u00e7\u00e3o sobre situa\u00e7\u00f5es de risco.<\/p>\n<p>Na \u00faltima quinta-feira (20), representantes do\u00a0Minist\u00e9rio da Sa\u00fade foram a\u00a0S\u00e3o Jos\u00e9 do Rio Preto, onde a For\u00e7a Nacional do SUS atua h\u00e1 duas semanas com 27 profissionais.<\/p>\n<p>Outros dez\u00a0m\u00e9dicos, 22 enfermeiros, 18 t\u00e9cnicos de enfermagem e quatro\u00a0farmac\u00eauticos se unir\u00e3o ao grupo nos pr\u00f3ximos 15 dias e ir\u00e3o apoiar a rede de atendimento do munic\u00edpio.<\/p>\n<p>      <!-- Relacionada --><\/p>\n<p>            <!-- Relacionada -->\n    <\/div>\n<p><br \/>\n<br \/><a href=\"https:\/\/agenciabrasil.ebc.com.br\/saude\/noticia\/2025-02\/com-300-casos-por-100-mil-habitantes-sp-entra-em-epidemia-de-dengue\" rel=\"noopener\">Ag\u00eancia Brasil <\/a><\/p>\n","protected":false},"excerpt":{"rendered":"<p>O estado de S\u00e3o Paulo atingiu nesta sexta-feira (21)\u00a0o marco\u00a0de 300 casos de dengue para cada 100 mil habitantes, n\u00edvel considerado de\u00a0situa\u00e7\u00e3o de epidemia. Foram\u00a0contabilizados 134 mil casos e 126 mortes\u00a0este ano. Outras 252 mortes est\u00e3o sob investiga\u00e7\u00e3o. O governo estadual decretou emerg\u00eancia sanit\u00e1ria no estado na \u00faltima quarta-feira (19).\u00a0 Em 2024, na compara\u00e7\u00e3o com [&hellip;]<\/p>\n","protected":false},"author":1,"featured_media":24309,"comment_status":"open","ping_status":"open","sticky":false,"template":"","format":"standard","meta":{"_jetpack_newsletter_access":"","_jetpack_dont_email_post_to_subs":false,"_jetpack_newsletter_tier_id":0,"_jetpack_memberships_contains_paywalled_content":false,"_mbp_banners":[],"_jetpack_feature_clip_id":0,"_jetpack_memberships_contains_paid_content":false,"footnotes":"","jetpack_publicize_message":"","jetpack_publicize_feature_enabled":true,"jetpack_social_post_already_shared":true,"jetpack_social_options":{"image_generator_settings":{"template":"highway","default_image_id":0,"font":"","enabled":false},"version":2},"jetpack_post_was_ever_published":false},"categories":[15],"tags":[],"class_list":["post-24308","post","type-post","status-publish","format-standard","has-post-thumbnail","category-saude"],"jetpack_publicize_connections":[],"jetpack-related-posts":[],"jetpack_shortlink":"https:\/\/wp.me\/p7Eq1F-6k4","jetpack_sharing_enabled":true,"jetpack_featured_media_url":"https:\/\/i0.wp.com\/guialimeira.com.br\/news\/wp-content\/uploads\/2025\/02\/20230330100906_mg_7113.jpg?fit=1600%2C800&ssl=1","_links":{"self":[{"href":"https:\/\/guialimeira.com.br\/news\/wp-json\/wp\/v2\/posts\/24308","targetHints":{"allow":["GET"]}}],"collection":[{"href":"https:\/\/guialimeira.com.br\/news\/wp-json\/wp\/v2\/posts"}],"about":[{"href":"https:\/\/guialimeira.com.br\/news\/wp-json\/wp\/v2\/types\/post"}],"author":[{"embeddable":true,"href":"https:\/\/guialimeira.com.br\/news\/wp-json\/wp\/v2\/users\/1"}],"replies":[{"embeddable":true,"href":"https:\/\/guialimeira.com.br\/news\/wp-json\/wp\/v2\/comments?post=24308"}],"version-history":[{"count":0,"href":"https:\/\/guialimeira.com.br\/news\/wp-json\/wp\/v2\/posts\/24308\/revisions"}],"wp:featuredmedia":[{"embeddable":true,"href":"https:\/\/guialimeira.com.br\/news\/wp-json\/wp\/v2\/media\/24309"}],"wp:attachment":[{"href":"https:\/\/guialimeira.com.br\/news\/wp-json\/wp\/v2\/media?parent=24308"}],"wp:term":[{"taxonomy":"category","embeddable":true,"href":"https:\/\/guialimeira.com.br\/news\/wp-json\/wp\/v2\/categories?post=24308"},{"taxonomy":"post_tag","embeddable":true,"href":"https:\/\/guialimeira.com.br\/news\/wp-json\/wp\/v2\/tags?post=24308"}],"curies":[{"name":"wp","href":"https:\/\/api.w.org\/{rel}","templated":true}]}}