{"id":24284,"date":"2025-02-21T18:28:55","date_gmt":"2025-02-21T21:28:55","guid":{"rendered":"https:\/\/guialimeira.com.br\/2025\/02\/21\/haddad-recorrera-a-tcu-para-liberar-recursos-do-plano-safra\/"},"modified":"2025-02-21T18:28:55","modified_gmt":"2025-02-21T21:28:55","slug":"haddad-recorrera-a-tcu-para-liberar-recursos-do-plano-safra","status":"publish","type":"post","link":"https:\/\/guialimeira.com.br\/news\/haddad-recorrera-a-tcu-para-liberar-recursos-do-plano-safra\/","title":{"rendered":"Haddad recorrer\u00e1 a TCU para liberar recursos do Plano Safra"},"content":{"rendered":"<p> <br \/>\n<\/p>\n<div>\n<p>O ministro da Fazenda, Fernando Haddad, pedir\u00e1 autoriza\u00e7\u00e3o ao Tribunal de Contas da Uni\u00e3o (TCU) para encontrar uma solu\u00e7\u00e3o que permita a retomada dos financiamentos do Plano Safra 2024\/2025. Por causa da n\u00e3o aprova\u00e7\u00e3o do Or\u00e7amento deste ano, previsto para ser votado apenas depois do carnaval, o Tesouro Nacional suspendeu as linhas de cr\u00e9dito do programa.<img data-recalc-dims=\"1\" decoding=\"async\" src=\"https:\/\/i0.wp.com\/agenciabrasil.ebc.com.br\/ebc.png?w=696&#038;ssl=1\" style=\"width:1px; height:1px; display:inline;\"\/><img data-recalc-dims=\"1\" decoding=\"async\" src=\"https:\/\/i0.wp.com\/agenciabrasil.ebc.com.br\/ebc.gif?w=696&#038;ssl=1\" style=\"width:1px; height:1px; display:inline;\"\/><\/p>\n<p>\u201cO Ministro da Fazenda, Fernando Haddad, que acaba de retornar do Oriente M\u00e9dio, encaminhar\u00e1 of\u00edcio ao Tribunal de Contas da Uni\u00e3o em busca de respaldo t\u00e9cnico e legal para a imediata retomada das linhas de cr\u00e9dito com recursos equalizados do Plano Safra 24\/25. As linhas foram suspensas pelo Tesouro Nacional por necessidade legal, devido \u00e0 n\u00e3o aprova\u00e7\u00e3o da Lei Or\u00e7ament\u00e1ria Anual (LOA) 2025\u201d, ressaltou o Minist\u00e9rio da Fazenda em nota.<\/p>\n<p>A pasta lembrou que as linhas do Programa Nacional de Fortalecimento da Agricultura Familiar (Pronaf), que atende aos pequenos produtores, continuam operando.<\/p>\n<p>Na tarde desta quinta-feira (20), o Tesouro Nacional enviou comunicado a 25 institui\u00e7\u00f5es financeiras que operam as linhas de cr\u00e9dito para o Plano Safra. A concess\u00e3o de novos financiamentos est\u00e1 suspensa a partir desta sexta-feira (21) por falta de recursos para subsidiar os juros do programa.<\/p>\n<p>Com R$ 400 bilh\u00f5es em cr\u00e9dito para m\u00e9dios e grandes produtores, o Plano Safra tem juros mais baixos que os de mercado. Para evitar preju\u00edzo para as institui\u00e7\u00f5es financeiras, o Tesouro Nacional cobre a diferen\u00e7a nos juros, num processo chamado de equaliza\u00e7\u00e3o.<\/p>\n<p>Por causa do aumento da Taxa Selic (juros b\u00e1sicos da economia) nos \u00faltimos meses, o Tesouro tem de gastar mais recursos para equalizar os juros. A Selic passou de 10,5% ao ano em setembro para 13,25% em janeiro.<\/p>\n<h2>Atraso<\/h2>\n<p>Originalmente, o Or\u00e7amento de 2025 deveria ter sido aprovado em dezembro, mas a vota\u00e7\u00e3o foi adiada por causa do atraso na aprova\u00e7\u00e3o da Lei de Diretrizes Or\u00e7ament\u00e1rias (LDO) deste ano e da vota\u00e7\u00e3o do pacote de corte de gastos no fim do ano passado. Segundo o relator no projeto da lei or\u00e7ament\u00e1ria, senador Angelo Coronel (PSD-BA), o texto s\u00f3 dever\u00e1 ser votado em 10 de mar\u00e7o, na semana seguinte ao carnaval.<\/p>\n<p>Como a renova\u00e7\u00e3o da Comiss\u00e3o Mista de Or\u00e7amento (CMO) do Congresso s\u00f3 est\u00e1 prevista para 25 de mar\u00e7o, a vota\u00e7\u00e3o pode atrasar ainda mais. Nos \u00faltimos 20 anos, o Or\u00e7amento s\u00f3 foi votado dentro do prazo tr\u00eas vezes: em 2013, em 2015 e em 2021. No entanto, naqueles anos, o relat\u00f3rio foi enviado antes de a CMO ser renovada.<\/p>\n<p>      <!-- Relacionada --><\/p>\n<p>            <!-- Relacionada -->\n    <\/div>\n<p><br \/>\n<br \/><a href=\"https:\/\/agenciabrasil.ebc.com.br\/economia\/noticia\/2025-02\/haddad-recorrera-tcu-para-liberar-recursos-do-plano-safra\" rel=\"noopener\">Ag\u00eancia Brasil<\/a><\/p>\n","protected":false},"excerpt":{"rendered":"<p>O ministro da Fazenda, Fernando Haddad, pedir\u00e1 autoriza\u00e7\u00e3o ao Tribunal de Contas da Uni\u00e3o (TCU) para encontrar uma solu\u00e7\u00e3o que permita a retomada dos financiamentos do Plano Safra 2024\/2025. Por causa da n\u00e3o aprova\u00e7\u00e3o do Or\u00e7amento deste ano, previsto para ser votado apenas depois do carnaval, o Tesouro Nacional suspendeu as linhas de cr\u00e9dito do [&hellip;]<\/p>\n","protected":false},"author":1,"featured_media":21088,"comment_status":"open","ping_status":"open","sticky":false,"template":"","format":"standard","meta":{"_jetpack_newsletter_access":"","_jetpack_dont_email_post_to_subs":false,"_jetpack_newsletter_tier_id":0,"_jetpack_memberships_contains_paywalled_content":false,"_mbp_banners":[],"_jetpack_feature_clip_id":0,"_jetpack_memberships_contains_paid_content":false,"footnotes":"","jetpack_publicize_message":"","jetpack_publicize_feature_enabled":true,"jetpack_social_post_already_shared":true,"jetpack_social_options":{"image_generator_settings":{"template":"highway","default_image_id":0,"font":"","enabled":false},"version":2},"jetpack_post_was_ever_published":false},"categories":[24],"tags":[],"class_list":["post-24284","post","type-post","status-publish","format-standard","has-post-thumbnail","category-economia"],"jetpack_publicize_connections":[],"jetpack-related-posts":[],"jetpack_shortlink":"https:\/\/wp.me\/p7Eq1F-6jG","jetpack_sharing_enabled":true,"jetpack_featured_media_url":"https:\/\/i0.wp.com\/guialimeira.com.br\/news\/wp-content\/uploads\/2025\/01\/fachada-ministerio_mcamgo_abr_100420231818-30.jpg?fit=1600%2C800&ssl=1","_links":{"self":[{"href":"https:\/\/guialimeira.com.br\/news\/wp-json\/wp\/v2\/posts\/24284","targetHints":{"allow":["GET"]}}],"collection":[{"href":"https:\/\/guialimeira.com.br\/news\/wp-json\/wp\/v2\/posts"}],"about":[{"href":"https:\/\/guialimeira.com.br\/news\/wp-json\/wp\/v2\/types\/post"}],"author":[{"embeddable":true,"href":"https:\/\/guialimeira.com.br\/news\/wp-json\/wp\/v2\/users\/1"}],"replies":[{"embeddable":true,"href":"https:\/\/guialimeira.com.br\/news\/wp-json\/wp\/v2\/comments?post=24284"}],"version-history":[{"count":0,"href":"https:\/\/guialimeira.com.br\/news\/wp-json\/wp\/v2\/posts\/24284\/revisions"}],"wp:featuredmedia":[{"embeddable":true,"href":"https:\/\/guialimeira.com.br\/news\/wp-json\/wp\/v2\/media\/21088"}],"wp:attachment":[{"href":"https:\/\/guialimeira.com.br\/news\/wp-json\/wp\/v2\/media?parent=24284"}],"wp:term":[{"taxonomy":"category","embeddable":true,"href":"https:\/\/guialimeira.com.br\/news\/wp-json\/wp\/v2\/categories?post=24284"},{"taxonomy":"post_tag","embeddable":true,"href":"https:\/\/guialimeira.com.br\/news\/wp-json\/wp\/v2\/tags?post=24284"}],"curies":[{"name":"wp","href":"https:\/\/api.w.org\/{rel}","templated":true}]}}