{"id":24263,"date":"2025-02-21T16:26:55","date_gmt":"2025-02-21T19:26:55","guid":{"rendered":"https:\/\/guialimeira.com.br\/2025\/02\/21\/cmn-prorroga-parcelas-de-credito-rural-a-afetados-por-seca-no-nordeste\/"},"modified":"2025-02-21T16:26:55","modified_gmt":"2025-02-21T19:26:55","slug":"cmn-prorroga-parcelas-de-credito-rural-a-afetados-por-seca-no-nordeste","status":"publish","type":"post","link":"https:\/\/guialimeira.com.br\/news\/cmn-prorroga-parcelas-de-credito-rural-a-afetados-por-seca-no-nordeste\/","title":{"rendered":"CMN prorroga parcelas de cr\u00e9dito rural a afetados por seca no Nordeste"},"content":{"rendered":"<p> <br \/>\n<\/p>\n<div>\n<p>Cerca de 61 mil produtores rurais da \u00e1rea de atua\u00e7\u00e3o da Superintend\u00eancia de Desenvolvimento do Nordeste (Sudene) afetados pela seca ter\u00e3o um ano a mais para pagar as parcelas da linha emergencial de cr\u00e9dito concedida ou renegociada no ano passado. Em reuni\u00e3o extraordin\u00e1ria, o Conselho Monet\u00e1rio Nacional (CMN) aprovou a prorroga\u00e7\u00e3o dos financiamentos.<img data-recalc-dims=\"1\" decoding=\"async\" src=\"https:\/\/i0.wp.com\/agenciabrasil.ebc.com.br\/ebc.png?w=696&#038;ssl=1\" style=\"width:1px; height:1px; display:inline;\"\/><img data-recalc-dims=\"1\" decoding=\"async\" src=\"https:\/\/i0.wp.com\/agenciabrasil.ebc.com.br\/ebc.gif?w=696&#038;ssl=1\" style=\"width:1px; height:1px; display:inline;\"\/><\/p>\n<p>As parcelas com vencimento em 2025 poder\u00e3o ser pagas at\u00e9 um ano ap\u00f3s o fim do contrato. O mutu\u00e1rio dever\u00e1 pedir, at\u00e9 30 de junho, a prorroga\u00e7\u00e3o nas ag\u00eancias banc\u00e1rias e justificar a dificuldade no pagamento das presta\u00e7\u00f5es neste ano.<\/p>\n<p>Segundo o Minist\u00e9rio da Fazenda, a medida beneficiar\u00e1 60.804 agricultores familiares e produtores rurais, no total de R$ 941,54 milh\u00f5es. Desse total, 50.290 s\u00e3o opera\u00e7\u00f5es de cr\u00e9dito rural de custeio e 11.549 opera\u00e7\u00f5es de investimento.<\/p>\n<p>Em fevereiro do ano passado, o CMN tinha concedido uma linha especial de cr\u00e9dito de custeio pecu\u00e1rio para os agricultores familiares e demais categorias de produtores rurais afetados pela seca na \u00e1rea da Sudene, que abrange o Nordeste e munic\u00edpios do norte de Minas Gerais.<\/p>\n<p>Al\u00e9m de instituir a linha emergencial de cr\u00e9dito rural de custeio pecu\u00e1rio, a resolu\u00e7\u00e3o do CMN de 2024 autorizou a renegocia\u00e7\u00e3o de opera\u00e7\u00f5es de cr\u00e9dito rural de custeio e investimento contratadas com recursos do Fundo Constitucional do Nordeste (FNE). A medida beneficiou produtores de munic\u00edpios que decretaram situa\u00e7\u00e3o de emerg\u00eancia ou estado de calamidade p\u00fablica por causa da estiagem na \u00e1rea de atua\u00e7\u00e3o da Sudene.<\/p>\n<p>A linha de cr\u00e9dito emergencial ficou dispon\u00edvel at\u00e9 30 de junho do ano passado. Os pedidos de renegocia\u00e7\u00e3o do FNE puderam ser feitos at\u00e9 30 de dezembro.<\/p>\n<p>\u00a0<\/p>\n<p>      <!-- Relacionada --><\/p>\n<p>            <!-- Relacionada -->\n    <\/div>\n<p><br \/>\n<br \/><a href=\"https:\/\/agenciabrasil.ebc.com.br\/economia\/noticia\/2025-02\/cmn-prorroga-parcelas-de-credito-rural-afetados-por-seca-no-nordeste\" rel=\"noopener\">Ag\u00eancia Brasil<\/a><\/p>\n","protected":false},"excerpt":{"rendered":"<p>Cerca de 61 mil produtores rurais da \u00e1rea de atua\u00e7\u00e3o da Superintend\u00eancia de Desenvolvimento do Nordeste (Sudene) afetados pela seca ter\u00e3o um ano a mais para pagar as parcelas da linha emergencial de cr\u00e9dito concedida ou renegociada no ano passado. Em reuni\u00e3o extraordin\u00e1ria, o Conselho Monet\u00e1rio Nacional (CMN) aprovou a prorroga\u00e7\u00e3o dos financiamentos. As parcelas [&hellip;]<\/p>\n","protected":false},"author":1,"featured_media":24264,"comment_status":"open","ping_status":"open","sticky":false,"template":"","format":"standard","meta":{"_jetpack_newsletter_access":"","_jetpack_dont_email_post_to_subs":false,"_jetpack_newsletter_tier_id":0,"_jetpack_memberships_contains_paywalled_content":false,"_mbp_banners":[],"_jetpack_feature_clip_id":0,"_jetpack_memberships_contains_paid_content":false,"footnotes":"","jetpack_publicize_message":"","jetpack_publicize_feature_enabled":true,"jetpack_social_post_already_shared":true,"jetpack_social_options":{"image_generator_settings":{"template":"highway","default_image_id":0,"font":"","enabled":false},"version":2},"jetpack_post_was_ever_published":false},"categories":[24],"tags":[],"class_list":["post-24263","post","type-post","status-publish","format-standard","has-post-thumbnail","category-economia"],"jetpack_publicize_connections":[],"jetpack-related-posts":[],"jetpack_shortlink":"https:\/\/wp.me\/p7Eq1F-6jl","jetpack_sharing_enabled":true,"jetpack_featured_media_url":"https:\/\/i0.wp.com\/guialimeira.com.br\/news\/wp-content\/uploads\/2025\/02\/lavoura_agricultura_familiar.jpg?fit=1600%2C800&ssl=1","_links":{"self":[{"href":"https:\/\/guialimeira.com.br\/news\/wp-json\/wp\/v2\/posts\/24263","targetHints":{"allow":["GET"]}}],"collection":[{"href":"https:\/\/guialimeira.com.br\/news\/wp-json\/wp\/v2\/posts"}],"about":[{"href":"https:\/\/guialimeira.com.br\/news\/wp-json\/wp\/v2\/types\/post"}],"author":[{"embeddable":true,"href":"https:\/\/guialimeira.com.br\/news\/wp-json\/wp\/v2\/users\/1"}],"replies":[{"embeddable":true,"href":"https:\/\/guialimeira.com.br\/news\/wp-json\/wp\/v2\/comments?post=24263"}],"version-history":[{"count":0,"href":"https:\/\/guialimeira.com.br\/news\/wp-json\/wp\/v2\/posts\/24263\/revisions"}],"wp:featuredmedia":[{"embeddable":true,"href":"https:\/\/guialimeira.com.br\/news\/wp-json\/wp\/v2\/media\/24264"}],"wp:attachment":[{"href":"https:\/\/guialimeira.com.br\/news\/wp-json\/wp\/v2\/media?parent=24263"}],"wp:term":[{"taxonomy":"category","embeddable":true,"href":"https:\/\/guialimeira.com.br\/news\/wp-json\/wp\/v2\/categories?post=24263"},{"taxonomy":"post_tag","embeddable":true,"href":"https:\/\/guialimeira.com.br\/news\/wp-json\/wp\/v2\/tags?post=24263"}],"curies":[{"name":"wp","href":"https:\/\/api.w.org\/{rel}","templated":true}]}}