{"id":24233,"date":"2025-02-21T12:22:48","date_gmt":"2025-02-21T15:22:48","guid":{"rendered":"https:\/\/guialimeira.com.br\/2025\/02\/21\/haddad-1o-passo-para-conter-inflacao-de-alimentos-e-plano-safra-maior\/"},"modified":"2025-02-21T12:22:48","modified_gmt":"2025-02-21T15:22:48","slug":"haddad-1o-passo-para-conter-inflacao-de-alimentos-e-plano-safra-maior","status":"publish","type":"post","link":"https:\/\/guialimeira.com.br\/news\/haddad-1o-passo-para-conter-inflacao-de-alimentos-e-plano-safra-maior\/","title":{"rendered":"Haddad: 1\u00ba passo para conter infla\u00e7\u00e3o de alimentos \u00e9 Plano Safra maior"},"content":{"rendered":"<p> <br \/>\n<\/p>\n<div>\n<p>Em entrevista nesta sexta-feira (21) ao ICL Not\u00edcias, o ministro da Fazenda, Fernando Haddad, disse\u00a0que a primeira provid\u00eancia do governo federal para conter a infla\u00e7\u00e3o de alimentos \u00e9 a expans\u00e3o do Plano Safra, que ap\u00f3ia o setor agropecu\u00e1rio e oferece linhas de cr\u00e9dito, incentivos e pol\u00edticas agr\u00edcolas aos produtores rurais.<img data-recalc-dims=\"1\" decoding=\"async\" src=\"https:\/\/i0.wp.com\/agenciabrasil.ebc.com.br\/ebc.png?w=696&#038;ssl=1\" style=\"width:1px; height:1px; display:inline;\"\/><img data-recalc-dims=\"1\" decoding=\"async\" src=\"https:\/\/i0.wp.com\/agenciabrasil.ebc.com.br\/ebc.gif?w=696&#038;ssl=1\" style=\"width:1px; height:1px; display:inline;\"\/><\/p>\n<p>\u201cA primeira provid\u00eancia \u00e9 a\u00a0seguinte: vamos fazer planos safras cada vez mais robustos, maiores e melhores. E o governo [do presidente] Lula vai para o seu terceiro ano preparando um terceiro grande plano. N\u00f3s batemos dois recordes em 2023 e 2024 e queremos fazer o mesmo em 2025. Assim que o or\u00e7amento for aprovado, vamos lan\u00e7ar o Plano Safra para a pr\u00f3xima colheita\u00a0e quero crer que o Brasil tem todas as condi\u00e7\u00f5es de continuar ampliando a produ\u00e7\u00e3o de\u00a0forma adequada, sem desmatamento, que caiu vertiginosamente no pa\u00eds\u201d, disse.<\/p>\n<p>De acordo com o ministro, os problemas causados pela seca\u00a0e as enchentes em 2024, al\u00e9m da manuten\u00e7\u00e3o dos juros americanos em patamares elevados e que impactaram o valor\u00a0do d\u00f3lar em todo o mundo, contribu\u00edram para a alta da infla\u00e7\u00e3o no Brasil. Esses problemas, ressaltou, precisam ser contornados pelo atual governo.<\/p>\n<p>\u201cTivemos epis\u00f3dios que precisam ser contornados. Tivemos problema de seca e inunda\u00e7\u00e3o no ano passado, isso afetou. Tivemos a manuten\u00e7\u00e3o dos juros americanos em patamares muito elevados, o que faz com que o d\u00f3lar fique muito forte no mundo inteiro. E quando o d\u00f3lar est\u00e1 muito forte, ele causa infla\u00e7\u00e3o no mundo inteiro\u201d, disse.<\/p>\n<p>Durante a entrevista aos jornalistas Leandro Demori e Deborah Magagna, do ICL Not\u00edcias, Haddad ressaltou que a expectativa parea este ano \u00e9 de que haja grande safra, talvez recorde, o que deve ajudar a baixar o pre\u00e7o dos alimentos. \u201cProvavelmente vamos colher uma grande safra a partir do final deste m\u00eas, come\u00e7o de mar\u00e7o. Uma grande safra,\u00a0se n\u00e3o for a maior\u00a0vai ser uma das maiores. E \u00e9 assim que\u00a0vamos continuar exportando muito alimento e garantindo o abastecimento interno\u201d, garantiu.<\/p>\n<p>Essa safra recorde, aliada \u00e0 queda do d\u00f3lar, disse o ministro, deve\u00a0ajudar na queda do pre\u00e7o dos alimentos. \u201cCom a queda do d\u00f3lar, que come\u00e7ou a baixar\u00a0para patamares mais aderentes aos fundamentos da economia brasileira, e com a safra que vai entrar a partir do final do m\u00eas, acreditamos que esses pre\u00e7os v\u00e3o se estabilizar num patamar mais adequado\u201d.<\/p>\n<p>Outra medida necess\u00e1ria para ajudar na queda dos pre\u00e7os dos alimentos, disse Haddad, vem sendo tomada pelo ministro da Agricultura, Carlos F\u00e1varo: a expans\u00e3o das produ\u00e7\u00f5es de determinada cultura agr\u00edcola para outras regi\u00f5es do pa\u00eds. \u201cEle tem feito v\u00e1rios instrumentos novos sobre a produ\u00e7\u00e3o de alimentos\u00a0pelo territ\u00f3rio nacional. Esse \u00e9 o caso do arroz, por exemplo, que t\u00e1 muito concentrado numa regi\u00e3o e agora h\u00e1 uma tentativa de espalhar as culturas por v\u00e1rios estados. Estamos num per\u00edodo de crise clim\u00e1tica. Vamos ter que lidar hoje com a quest\u00e3o da mudan\u00e7a clim\u00e1tica, diversificando as culturas pelo territ\u00f3rio\u201d, acrescentou.<\/p>\n<h2>Or\u00e7amento<\/h2>\n<p>Na entrevista, Haddad criticou a demora do Congresso na aprova\u00e7\u00e3o do or\u00e7amento. Para ele, o or\u00e7amento precisa ser aprovado o quanto antes para que o governo possa continuar subsidiando os produtores rurais. Hoje de\u00a0manh\u00e3, o Minist\u00e9rio da Fazenda disse ter encaminhado of\u00edcio para o Tribunal de Contas da Uni\u00e3o buscando \u201crespaldo t\u00e9cnico e legal para a imediata retomada das linhas de cr\u00e9dito com recursos equalizados do Plano Safra 24\/25\u201d.<\/p>\n<p>Segundo o ministro, os juros altos acabam tornando as pol\u00edticas p\u00fablicas de subs\u00eddio aos pequenos e m\u00e9dios produtores rurais ainda mais importantes para garantir a safra. &#8220;Em geral, a gente compensa o aumento da Selic para n\u00e3o comprometer a produ\u00e7\u00e3o&#8221;, explicou.\u00a0<\/p>\n<p>Sem a aprova\u00e7\u00e3o do or\u00e7amento, disse o ministro, esse subs\u00eddio ao pequeno ou m\u00e9dio produtor se torna dif\u00edcil de ser feito. \u201cO or\u00e7amento n\u00e3o foi aprovado ainda. Eu, inclusive, mandei para uma das lideran\u00e7as da FPA [Frente Parlamentar de Apoio \u00e0 Agropecu\u00e1ria] um comunicado, dizendo que n\u00f3s estamos oficiando o TCU hoje sobre esse problema da n\u00e3o aprova\u00e7\u00e3o do or\u00e7amento. N\u00e3o queremos nenhuma descontinuidade das linhas de cr\u00e9dito [do Plano Safra]\u201d, afirmou.<\/p>\n<p>Quero crer que, aprovado o or\u00e7amento, um or\u00e7amento equilibrado, vamos ter, no m\u00e9dio prazo, taxas de juros menores e com sustentabilidade fiscal, sem penalizar a popula\u00e7\u00e3o que depende do Estado, inclusive os produtores que tamb\u00e9m dependem do Estado para continuar produzindo alimentos baratos\u201d.<\/p>\n<h2>Governo anterior<\/h2>\n<p>Durante a entrevista, Haddad criticou a atua\u00e7\u00e3o do governo anterior durante o ano eleitoral. Para ele, o medo de perder as elei\u00e7\u00f5es em 2022 resultou em uso de recursos p\u00fablicos sem controle para tentar ganhar.<\/p>\n<p>De acordo com o ministro, isso levou a uma perda de controle sobre os gastos. Ao contr\u00e1rio do que, segundo ele, vem sendo feito pelo atual governo, que est\u00e1 melhorando a gest\u00e3o de programas como o BPC (Benef\u00edcio de Presta\u00e7\u00e3o Continuada).<\/p>\n<p>\u201cN\u00e3o tem nada a ver com corte, tem a ver com racionalidade e\u00a0responsabilidade de garantir que isso vai ter vida longa, n\u00e3o vai acabar em um governo, vai virar pol\u00edtica de Estado e ningu\u00e9m vai depois relar a m\u00e3o para tirar um direito social garantido por lei\u201d, disse.<\/p>\n<p>      <!-- Relacionada --><\/p>\n<p>            <!-- Relacionada -->\n    <\/div>\n<p><br \/>\n<br \/><a href=\"https:\/\/agenciabrasil.ebc.com.br\/economia\/noticia\/2025-02\/hddad-1a-medida-para-conter-inflacao-de-alimentos-e-plano-safra-maior\" rel=\"noopener\">Ag\u00eancia Brasil<\/a><\/p>\n","protected":false},"excerpt":{"rendered":"<p>Em entrevista nesta sexta-feira (21) ao ICL Not\u00edcias, o ministro da Fazenda, Fernando Haddad, disse\u00a0que a primeira provid\u00eancia do governo federal para conter a infla\u00e7\u00e3o de alimentos \u00e9 a expans\u00e3o do Plano Safra, que ap\u00f3ia o setor agropecu\u00e1rio e oferece linhas de cr\u00e9dito, incentivos e pol\u00edticas agr\u00edcolas aos produtores rurais. \u201cA primeira provid\u00eancia \u00e9 a\u00a0seguinte: [&hellip;]<\/p>\n","protected":false},"author":1,"featured_media":24234,"comment_status":"open","ping_status":"open","sticky":false,"template":"","format":"standard","meta":{"_jetpack_newsletter_access":"","_jetpack_dont_email_post_to_subs":false,"_jetpack_newsletter_tier_id":0,"_jetpack_memberships_contains_paywalled_content":false,"_mbp_banners":[],"_jetpack_feature_clip_id":0,"_jetpack_memberships_contains_paid_content":false,"footnotes":"","jetpack_publicize_message":"","jetpack_publicize_feature_enabled":true,"jetpack_social_post_already_shared":true,"jetpack_social_options":{"image_generator_settings":{"template":"highway","default_image_id":0,"font":"","enabled":false},"version":2},"jetpack_post_was_ever_published":false},"categories":[24],"tags":[],"class_list":["post-24233","post","type-post","status-publish","format-standard","has-post-thumbnail","category-economia"],"jetpack_publicize_connections":[],"jetpack-related-posts":[],"jetpack_shortlink":"https:\/\/wp.me\/p7Eq1F-6iR","jetpack_sharing_enabled":true,"jetpack_featured_media_url":"https:\/\/i0.wp.com\/guialimeira.com.br\/news\/wp-content\/uploads\/2025\/02\/nova-industria-brasil_mcamgo_abr_12022025-8.jpg?fit=1600%2C800&ssl=1","_links":{"self":[{"href":"https:\/\/guialimeira.com.br\/news\/wp-json\/wp\/v2\/posts\/24233","targetHints":{"allow":["GET"]}}],"collection":[{"href":"https:\/\/guialimeira.com.br\/news\/wp-json\/wp\/v2\/posts"}],"about":[{"href":"https:\/\/guialimeira.com.br\/news\/wp-json\/wp\/v2\/types\/post"}],"author":[{"embeddable":true,"href":"https:\/\/guialimeira.com.br\/news\/wp-json\/wp\/v2\/users\/1"}],"replies":[{"embeddable":true,"href":"https:\/\/guialimeira.com.br\/news\/wp-json\/wp\/v2\/comments?post=24233"}],"version-history":[{"count":0,"href":"https:\/\/guialimeira.com.br\/news\/wp-json\/wp\/v2\/posts\/24233\/revisions"}],"wp:featuredmedia":[{"embeddable":true,"href":"https:\/\/guialimeira.com.br\/news\/wp-json\/wp\/v2\/media\/24234"}],"wp:attachment":[{"href":"https:\/\/guialimeira.com.br\/news\/wp-json\/wp\/v2\/media?parent=24233"}],"wp:term":[{"taxonomy":"category","embeddable":true,"href":"https:\/\/guialimeira.com.br\/news\/wp-json\/wp\/v2\/categories?post=24233"},{"taxonomy":"post_tag","embeddable":true,"href":"https:\/\/guialimeira.com.br\/news\/wp-json\/wp\/v2\/tags?post=24233"}],"curies":[{"name":"wp","href":"https:\/\/api.w.org\/{rel}","templated":true}]}}