{"id":24164,"date":"2025-02-20T18:01:49","date_gmt":"2025-02-20T21:01:49","guid":{"rendered":"https:\/\/guialimeira.com.br\/2025\/02\/20\/governo-destina-r-3-bi-para-criacao-e-expansao-de-centros-de-inovacao\/"},"modified":"2025-02-20T18:01:49","modified_gmt":"2025-02-20T21:01:49","slug":"governo-destina-r-3-bi-para-criacao-e-expansao-de-centros-de-inovacao","status":"publish","type":"post","link":"https:\/\/guialimeira.com.br\/news\/governo-destina-r-3-bi-para-criacao-e-expansao-de-centros-de-inovacao\/","title":{"rendered":"Governo destina R$ 3 bi para cria\u00e7\u00e3o e expans\u00e3o de centros de inova\u00e7\u00e3o"},"content":{"rendered":"<p> <br \/>\n<\/p>\n<div>\n<p>Empresas do Brasil e do exterior podem se habilitar para receber recursos destinados \u00e0 implanta\u00e7\u00e3o ou expans\u00e3o de Centros de Pesquisa, Desenvolvimento Tecnol\u00f3gico e Inova\u00e7\u00e3o (PD&amp;I). O\u00a0Banco Nacional de Desenvolvimento Econ\u00f4mico e Social (BNDES) e a Financiadora de Estudos e Projetos (Finep), ag\u00eancia de fomento ligada ao Minist\u00e9rio da Ci\u00eancia, Tecnologia e Inova\u00e7\u00e3o, ir\u00e3o destinar R$ 3 bilh\u00f5es para a iniciativa.<img data-recalc-dims=\"1\" decoding=\"async\" src=\"https:\/\/i0.wp.com\/agenciabrasil.ebc.com.br\/ebc.png?w=696&#038;ssl=1\" style=\"width:1px; height:1px; display:inline;\"\/><img data-recalc-dims=\"1\" decoding=\"async\" src=\"https:\/\/i0.wp.com\/agenciabrasil.ebc.com.br\/ebc.gif?w=696&#038;ssl=1\" style=\"width:1px; height:1px; display:inline;\"\/><\/p>\n<p>O lan\u00e7amento da concorr\u00eancia p\u00fablica foi nesta quinta-feira (20), na sede da multinacional Bosch, em Campinas, interior de S\u00e3o Paulo, com a participa\u00e7\u00e3o do vice-presidente e ministro do Desenvolvimento, Ind\u00fastria, Com\u00e9rcio e Servi\u00e7os (MDIC), Geraldo Alckmin.<\/p>\n<p>Centros de PD&amp;I s\u00e3o instala\u00e7\u00f5es que concentram laborat\u00f3rios, espa\u00e7os de testes, desenvolvimento de produtos, pesquisas b\u00e1sicas e aplicadas, al\u00e9m de colabora\u00e7\u00e3o com universidades e outras institui\u00e7\u00f5es.<\/p>\n<p>Os recursos\u00a0ser\u00e3o\u00a0distribu\u00eddos em formas de subven\u00e7\u00f5es econ\u00f4micas, como empr\u00e9stimos, participa\u00e7\u00e3o acion\u00e1ria e recursos n\u00e3o reembols\u00e1veis para projetos cooperativos entre empresas e institui\u00e7\u00f5es tecnol\u00f3gicas.<\/p>\n<h2>Diretrizes<\/h2>\n<p>Para que as empresas sejam contempladas, \u00e9 preciso que as propostas sejam alinhadas a pelo menos uma das miss\u00f5es da <a href=\"https:\/\/agenciabrasil.ebc.com.br\/economia\/noticia\/2024-01\/governo-anuncia-nova-politica-para-desenvolvimento-da-industria\" target=\"_blank\" rel=\"noopener\">Nova Ind\u00fastria Brasil (NIB)<\/a>, pol\u00edtica de desenvolvimento industrial do governo federal.<\/p>\n<p>As miss\u00f5es s\u00e3o desenvolvimentos nas \u00e1reas de infraestrutura, moradia e mobilidade; agroind\u00fastria; complexo industrial de sa\u00fade; transforma\u00e7\u00e3o digital; bioeconomia e transi\u00e7\u00e3o energ\u00e9tica; e tecnologia de defesa.<\/p>\n<p>Os projetos de centro de PD&amp;I dever\u00e3o ter demanda m\u00ednima de cr\u00e9dito superior a R$ 20 milh\u00f5es, com exce\u00e7\u00e3o das regi\u00f5es Norte e Nordeste, onde o valor ser\u00e1 a partir de R$ 10 milh\u00f5es. O prazo de execu\u00e7\u00e3o das propostas pode ser de at\u00e9 36 meses.<\/p>\n<h2>Competitividade<\/h2>\n<p>O vice-presidente e ministro Geraldo Alckmin considera que a inova\u00e7\u00e3o \u00e9 um dos eixos da neoindustrializa\u00e7\u00e3o.<\/p>\n<blockquote>\n<p>\u201cA chamada p\u00fablica do BNDES e da Finep vai estimular nossas empresas a seguirem esse caminho, investindo em pesquisa e desenvolvimento; sofisticando nossos produtos e processos; e gerando emprego e renda no Brasil\u201d, afirma.<\/p>\n<\/blockquote>\n<p>Para o presidente do BNDES, Aloizio Mercadante, os centros aceleram o lan\u00e7amento de produtos e servi\u00e7os novos ou aprimorados, ampliando a competitividade, complexidade e diversifica\u00e7\u00e3o da economia brasileira. Ele destaca que o Brasil \u201ctem compet\u00eancia cient\u00edfica relevante, forma profissionais qualificados, produz conhecimento, tem instala\u00e7\u00f5es f\u00edsicas e diversidade de institutos de pesquisa\u201d.<\/p>\n<blockquote>\n<p>\u201cMas ainda tem um longo caminho a trilhar na transforma\u00e7\u00e3o desses ativos em inova\u00e7\u00f5es pelas empresas e na reten\u00e7\u00e3o de talentos\u201d, declarou Mercadante.<\/p>\n<\/blockquote>\n<p>De acordo com o presidente da Finep, Celso Pansera, os centros de PD&amp;I \u201ct\u00eam papel central na atra\u00e7\u00e3o e manuten\u00e7\u00e3o de empregos qualificados que elevam o patamar de renda e a complexidade econ\u00f4mica\u201d.<\/p>\n<p>Ele complementa que \u201cgrandes centros de pesquisa atraem ainda toda uma cadeia qualificada de fornecedores que geram um ciclo virtuoso de crescimento e inova\u00e7\u00e3o&#8221;.<\/p>\n<h2>Ranking de inova\u00e7\u00e3o<\/h2>\n<p>O Brasil est\u00e1 na 50\u00aa posi\u00e7\u00e3o no ranking do \u00cdndice Global de Inova\u00e7\u00e3o (IGI), divulgado em setembro de 2024, pela Organiza\u00e7\u00e3o Mundial da Propriedade Intelectual (OMPI). O pa\u00eds caiu uma posi\u00e7\u00e3o em rela\u00e7\u00e3o ao ano anterior. A lista inclui 133 pa\u00edses.<\/p>\n<p>Os dez primeiros colocados na classifica\u00e7\u00e3o s\u00e3o Su\u00ed\u00e7a, Su\u00e9cia, Estados Unidos, Singapura, Reino Unido, Coreia do Sul, Finl\u00e2ndia, Holanda, Alemanha e Dinamarca.<\/p>\n<p>      <!-- Relacionada --><\/p>\n<p>            <!-- Relacionada -->\n    <\/div>\n<p><br \/>\n<br \/><a href=\"https:\/\/agenciabrasil.ebc.com.br\/economia\/noticia\/2025-02\/governo-destina-r-3-bi-para-criacao-e-expansao-de-centros-de-inovacao\" rel=\"noopener\">Ag\u00eancia Brasil<\/a><\/p>\n","protected":false},"excerpt":{"rendered":"<p>Empresas do Brasil e do exterior podem se habilitar para receber recursos destinados \u00e0 implanta\u00e7\u00e3o ou expans\u00e3o de Centros de Pesquisa, Desenvolvimento Tecnol\u00f3gico e Inova\u00e7\u00e3o (PD&amp;I). O\u00a0Banco Nacional de Desenvolvimento Econ\u00f4mico e Social (BNDES) e a Financiadora de Estudos e Projetos (Finep), ag\u00eancia de fomento ligada ao Minist\u00e9rio da Ci\u00eancia, Tecnologia e Inova\u00e7\u00e3o, ir\u00e3o destinar [&hellip;]<\/p>\n","protected":false},"author":1,"featured_media":24165,"comment_status":"open","ping_status":"open","sticky":false,"template":"","format":"standard","meta":{"_jetpack_newsletter_access":"","_jetpack_dont_email_post_to_subs":false,"_jetpack_newsletter_tier_id":0,"_jetpack_memberships_contains_paywalled_content":false,"_mbp_banners":[],"_jetpack_feature_clip_id":0,"_jetpack_memberships_contains_paid_content":false,"footnotes":"","jetpack_publicize_message":"","jetpack_publicize_feature_enabled":true,"jetpack_social_post_already_shared":true,"jetpack_social_options":{"image_generator_settings":{"template":"highway","default_image_id":0,"font":"","enabled":false},"version":2},"jetpack_post_was_ever_published":false},"categories":[24],"tags":[],"class_list":["post-24164","post","type-post","status-publish","format-standard","has-post-thumbnail","category-economia"],"jetpack_publicize_connections":[],"jetpack-related-posts":[],"jetpack_shortlink":"https:\/\/wp.me\/p7Eq1F-6hK","jetpack_sharing_enabled":true,"jetpack_featured_media_url":"https:\/\/i0.wp.com\/guialimeira.com.br\/news\/wp-content\/uploads\/2025\/02\/visita_a_bosch02.jpg?fit=1600%2C800&ssl=1","_links":{"self":[{"href":"https:\/\/guialimeira.com.br\/news\/wp-json\/wp\/v2\/posts\/24164","targetHints":{"allow":["GET"]}}],"collection":[{"href":"https:\/\/guialimeira.com.br\/news\/wp-json\/wp\/v2\/posts"}],"about":[{"href":"https:\/\/guialimeira.com.br\/news\/wp-json\/wp\/v2\/types\/post"}],"author":[{"embeddable":true,"href":"https:\/\/guialimeira.com.br\/news\/wp-json\/wp\/v2\/users\/1"}],"replies":[{"embeddable":true,"href":"https:\/\/guialimeira.com.br\/news\/wp-json\/wp\/v2\/comments?post=24164"}],"version-history":[{"count":0,"href":"https:\/\/guialimeira.com.br\/news\/wp-json\/wp\/v2\/posts\/24164\/revisions"}],"wp:featuredmedia":[{"embeddable":true,"href":"https:\/\/guialimeira.com.br\/news\/wp-json\/wp\/v2\/media\/24165"}],"wp:attachment":[{"href":"https:\/\/guialimeira.com.br\/news\/wp-json\/wp\/v2\/media?parent=24164"}],"wp:term":[{"taxonomy":"category","embeddable":true,"href":"https:\/\/guialimeira.com.br\/news\/wp-json\/wp\/v2\/categories?post=24164"},{"taxonomy":"post_tag","embeddable":true,"href":"https:\/\/guialimeira.com.br\/news\/wp-json\/wp\/v2\/tags?post=24164"}],"curies":[{"name":"wp","href":"https:\/\/api.w.org\/{rel}","templated":true}]}}