{"id":24160,"date":"2025-02-20T17:48:48","date_gmt":"2025-02-20T20:48:48","guid":{"rendered":"https:\/\/guialimeira.com.br\/2025\/02\/20\/casos-respiratorios-graves-seguem-em-alta-apos-volta-as-aulas\/"},"modified":"2025-02-20T17:48:48","modified_gmt":"2025-02-20T20:48:48","slug":"casos-respiratorios-graves-seguem-em-alta-apos-volta-as-aulas","status":"publish","type":"post","link":"https:\/\/guialimeira.com.br\/news\/casos-respiratorios-graves-seguem-em-alta-apos-volta-as-aulas\/","title":{"rendered":"Casos respirat\u00f3rios graves seguem em alta ap\u00f3s volta \u00e0s aulas"},"content":{"rendered":"<p> <br \/>\n<\/p>\n<div>\n<p>Os casos de S\u00edndrome Respirat\u00f3ria Aguda Grave &#8211; SRAG &#8211; entre crian\u00e7as e adolescentes de at\u00e9 14 anos permanecem em alta ap\u00f3s a volta \u00e0s aulas no Distrito Federal e em cinco estados: Goi\u00e1s, Esp\u00edrito Santo, Rio de Janeiro, S\u00e3o Paulo e Sergipe.<img data-recalc-dims=\"1\" decoding=\"async\" src=\"https:\/\/i0.wp.com\/agenciabrasil.ebc.com.br\/ebc.png?w=696&#038;ssl=1\" style=\"width:1px; height:1px; display:inline;\"\/><img data-recalc-dims=\"1\" decoding=\"async\" src=\"https:\/\/i0.wp.com\/agenciabrasil.ebc.com.br\/ebc.gif?w=696&#038;ssl=1\" style=\"width:1px; height:1px; display:inline;\"\/><\/p>\n<p>\u00c9 o que aponta a \u00faltima edi\u00e7\u00e3o do Boletim Infrogripe, divulgado nesta quinta-feira (20), no Rio de Janeiro, pela Fiocruz. O termo SRAG designa os casos de s\u00edndrome gripal que evoluem com comprometimento da fun\u00e7\u00e3o respirat\u00f3ria, geralmente exigindo hospitaliza\u00e7\u00e3o.<\/p>\n<p>&#8220;As crian\u00e7as passam mais tempo em ambientes fechados e em maior contato, favorecendo a transmiss\u00e3o dos v\u00edrus respirat\u00f3rios&#8221;, explica a pesquisadora Tatiana Portella. O boletim acende tamb\u00e9m um alerta para as infec\u00e7\u00f5es por v\u00edrus sincicial respirat\u00f3rio &#8211; VSR &#8211; no Distrito Federal e em Goi\u00e1s, o que tem provocado aumento de casos de SRAG entre beb\u00eas de at\u00e9 dois anos.<\/p>\n<p>Geralmente, o VSR circula mais durante o inverno, mas somente este ano foram registrados mais de 460 casos de SRAG motivados pelo v\u00edrus em todo o pa\u00eds, com 16 mortes.<\/p>\n<h2>Covid-19<\/h2>\n<p>No entanto, a covid-19 continua sendo a infec\u00e7\u00e3o viral mais letal: as mortes por SRAG este ano passam de \u00a0mil e mais de 81% dos \u00f3bitos com diagnostico confirmado de algum v\u00edrus foram causados por covid-19. A maioria das v\u00edtimas era de idosas.<\/p>\n<p>Em quatro estados, a pesquisa observou aumento de casos com sinais caracter\u00edsticos de covid-19: Mato Grosso, Roraima, Sergipe e Tocantins, e neste \u00faltimo chama aten\u00e7\u00e3o a quantidade de ocorr\u00eancias entre jovens e adultos.<\/p>\n<p>Al\u00e9m disso, sete unidades federativas apresentam n\u00edveis de alerta ou risco nas tend\u00eancias de curto e longo prazo, independente da causa: Amazonas, Distrito Federal, Goi\u00e1s, Rond\u00f4nia, Roraima, Sergipe e Tocantins.<\/p>\n<p>      <!-- Relacionada --><\/p>\n<p>            <!-- Relacionada -->\n    <\/div>\n<p><br \/>\n<br \/><a href=\"https:\/\/agenciabrasil.ebc.com.br\/saude\/noticia\/2025-02\/casos-respiratorios-graves-seguem-em-alta-apos-volta-aulas\" rel=\"noopener\">Ag\u00eancia Brasil <\/a><\/p>\n","protected":false},"excerpt":{"rendered":"<p>Os casos de S\u00edndrome Respirat\u00f3ria Aguda Grave &#8211; SRAG &#8211; entre crian\u00e7as e adolescentes de at\u00e9 14 anos permanecem em alta ap\u00f3s a volta \u00e0s aulas no Distrito Federal e em cinco estados: Goi\u00e1s, Esp\u00edrito Santo, Rio de Janeiro, S\u00e3o Paulo e Sergipe. \u00c9 o que aponta a \u00faltima edi\u00e7\u00e3o do Boletim Infrogripe, divulgado nesta [&hellip;]<\/p>\n","protected":false},"author":1,"featured_media":2794,"comment_status":"open","ping_status":"open","sticky":false,"template":"","format":"standard","meta":{"_jetpack_newsletter_access":"","_jetpack_dont_email_post_to_subs":false,"_jetpack_newsletter_tier_id":0,"_jetpack_memberships_contains_paywalled_content":false,"_mbp_banners":[],"_jetpack_feature_clip_id":0,"_jetpack_memberships_contains_paid_content":false,"footnotes":"","jetpack_publicize_message":"","jetpack_publicize_feature_enabled":true,"jetpack_social_post_already_shared":true,"jetpack_social_options":{"image_generator_settings":{"template":"highway","default_image_id":0,"font":"","enabled":false},"version":2},"jetpack_post_was_ever_published":false},"categories":[15],"tags":[],"class_list":["post-24160","post","type-post","status-publish","format-standard","has-post-thumbnail","category-saude"],"jetpack_publicize_connections":[],"jetpack-related-posts":[],"jetpack_shortlink":"https:\/\/wp.me\/p7Eq1F-6hG","jetpack_sharing_enabled":true,"jetpack_featured_media_url":"https:\/\/i0.wp.com\/guialimeira.com.br\/news\/wp-content\/uploads\/2024\/04\/vacina_dengue_07.jpg?fit=1600%2C800&ssl=1","_links":{"self":[{"href":"https:\/\/guialimeira.com.br\/news\/wp-json\/wp\/v2\/posts\/24160","targetHints":{"allow":["GET"]}}],"collection":[{"href":"https:\/\/guialimeira.com.br\/news\/wp-json\/wp\/v2\/posts"}],"about":[{"href":"https:\/\/guialimeira.com.br\/news\/wp-json\/wp\/v2\/types\/post"}],"author":[{"embeddable":true,"href":"https:\/\/guialimeira.com.br\/news\/wp-json\/wp\/v2\/users\/1"}],"replies":[{"embeddable":true,"href":"https:\/\/guialimeira.com.br\/news\/wp-json\/wp\/v2\/comments?post=24160"}],"version-history":[{"count":0,"href":"https:\/\/guialimeira.com.br\/news\/wp-json\/wp\/v2\/posts\/24160\/revisions"}],"wp:featuredmedia":[{"embeddable":true,"href":"https:\/\/guialimeira.com.br\/news\/wp-json\/wp\/v2\/media\/2794"}],"wp:attachment":[{"href":"https:\/\/guialimeira.com.br\/news\/wp-json\/wp\/v2\/media?parent=24160"}],"wp:term":[{"taxonomy":"category","embeddable":true,"href":"https:\/\/guialimeira.com.br\/news\/wp-json\/wp\/v2\/categories?post=24160"},{"taxonomy":"post_tag","embeddable":true,"href":"https:\/\/guialimeira.com.br\/news\/wp-json\/wp\/v2\/tags?post=24160"}],"curies":[{"name":"wp","href":"https:\/\/api.w.org\/{rel}","templated":true}]}}