{"id":24116,"date":"2025-02-20T11:56:07","date_gmt":"2025-02-20T14:56:07","guid":{"rendered":"https:\/\/guialimeira.com.br\/2025\/02\/20\/alimentos-estao-mais-baratos-mas-precos-devem-cair-mais-diz-ministro\/"},"modified":"2025-02-20T11:56:07","modified_gmt":"2025-02-20T14:56:07","slug":"alimentos-estao-mais-baratos-mas-precos-devem-cair-mais-diz-ministro","status":"publish","type":"post","link":"https:\/\/guialimeira.com.br\/news\/alimentos-estao-mais-baratos-mas-precos-devem-cair-mais-diz-ministro\/","title":{"rendered":"Alimentos est\u00e3o mais baratos, mas pre\u00e7os devem cair mais, diz ministro"},"content":{"rendered":"<p> <br \/>\n<\/p>\n<div>\n<p>O ministro do Desenvolvimento Agr\u00e1rio, Paulo Teixeira, disse nesta quinta-feira (20) que j\u00e1 \u00e9 poss\u00edvel encontrar alimentos com pre\u00e7os mais em conta em supermercados do pa\u00eds. Em entrevista a emissoras de r\u00e1dio durante o programa Bom Dia, Ministro, ele avaliou, entretanto, que \u00e9 preciso que os pre\u00e7os caiam ainda mais.<img data-recalc-dims=\"1\" decoding=\"async\" src=\"https:\/\/i0.wp.com\/agenciabrasil.ebc.com.br\/ebc.png?w=696&#038;ssl=1\" style=\"width:1px; height:1px; display:inline;\"\/><img data-recalc-dims=\"1\" decoding=\"async\" src=\"https:\/\/i0.wp.com\/agenciabrasil.ebc.com.br\/ebc.gif?w=696&#038;ssl=1\" style=\"width:1px; height:1px; display:inline;\"\/><\/p>\n<blockquote>\n<p>\u201cSe voc\u00ea for ao supermercado hoje, vai ver que os pre\u00e7os est\u00e3o bem melhores que h\u00e1 um m\u00eas ou dois. \u00c9 o momento de o povo vivenciar [a queda dos pre\u00e7os]. Mas tem muito o que fazer ainda. Os produtos v\u00e3o baixar mais. Temos que tomar todas as medidas pra baixar os pre\u00e7os dos produtos.\u201d<\/p>\n<\/blockquote>\n<p>Teixeira lembrou que os pre\u00e7os dos alimentos no Brasil subiram, sobretudo, em meio \u00e0s elei\u00e7\u00f5es norte-americanas. \u201cO d\u00f3lar estava R$ 5,70 e passou para R$ 6,30. Todos os alimentos que est\u00e3o ancorados no d\u00f3lar, porque s\u00e3o export\u00e1veis, subiram junto\u201d, explicou o ministro.<\/p>\n<p>\u201cEsses alimentos que est\u00e3o ancorados no d\u00f3lar, \u00e0 medida que o d\u00f3lar baixou, est\u00e3o baixando. Mesmo as carnes est\u00e3o baixando. O que est\u00e1 muito fora de prop\u00f3sito hoje \u00e9 o ovo. Estamos fazendo um estudo desses alimentos que est\u00e3o fora da curva, as carnes e o ovo, o a\u00e7\u00facar, o caf\u00e9 e a laranja.\u201d<\/p>\n<p>      <!-- Relacionada --><\/p>\n<p>            <!-- Relacionada -->\n    <\/div>\n<p><br \/>\n<br \/><a href=\"https:\/\/agenciabrasil.ebc.com.br\/economia\/noticia\/2025-02\/alimentos-estao-mais-baratos-mas-precos-devem-cair-mais-diz-ministro\" rel=\"noopener\">Ag\u00eancia Brasil<\/a><\/p>\n","protected":false},"excerpt":{"rendered":"<p>O ministro do Desenvolvimento Agr\u00e1rio, Paulo Teixeira, disse nesta quinta-feira (20) que j\u00e1 \u00e9 poss\u00edvel encontrar alimentos com pre\u00e7os mais em conta em supermercados do pa\u00eds. Em entrevista a emissoras de r\u00e1dio durante o programa Bom Dia, Ministro, ele avaliou, entretanto, que \u00e9 preciso que os pre\u00e7os caiam ainda mais. \u201cSe voc\u00ea for ao supermercado [&hellip;]<\/p>\n","protected":false},"author":1,"featured_media":24117,"comment_status":"open","ping_status":"open","sticky":false,"template":"","format":"standard","meta":{"_jetpack_newsletter_access":"","_jetpack_dont_email_post_to_subs":false,"_jetpack_newsletter_tier_id":0,"_jetpack_memberships_contains_paywalled_content":false,"_mbp_banners":[],"_jetpack_feature_clip_id":0,"_jetpack_memberships_contains_paid_content":false,"footnotes":"","jetpack_publicize_message":"","jetpack_publicize_feature_enabled":true,"jetpack_social_post_already_shared":true,"jetpack_social_options":{"image_generator_settings":{"template":"highway","default_image_id":0,"font":"","enabled":false},"version":2},"jetpack_post_was_ever_published":false},"categories":[24],"tags":[],"class_list":["post-24116","post","type-post","status-publish","format-standard","has-post-thumbnail","category-economia"],"jetpack_publicize_connections":[],"jetpack-related-posts":[],"jetpack_shortlink":"https:\/\/wp.me\/p7Eq1F-6gY","jetpack_sharing_enabled":true,"jetpack_featured_media_url":"https:\/\/i0.wp.com\/guialimeira.com.br\/news\/wp-content\/uploads\/2025\/02\/pzzb1592.jpg?fit=1600%2C800&ssl=1","_links":{"self":[{"href":"https:\/\/guialimeira.com.br\/news\/wp-json\/wp\/v2\/posts\/24116","targetHints":{"allow":["GET"]}}],"collection":[{"href":"https:\/\/guialimeira.com.br\/news\/wp-json\/wp\/v2\/posts"}],"about":[{"href":"https:\/\/guialimeira.com.br\/news\/wp-json\/wp\/v2\/types\/post"}],"author":[{"embeddable":true,"href":"https:\/\/guialimeira.com.br\/news\/wp-json\/wp\/v2\/users\/1"}],"replies":[{"embeddable":true,"href":"https:\/\/guialimeira.com.br\/news\/wp-json\/wp\/v2\/comments?post=24116"}],"version-history":[{"count":0,"href":"https:\/\/guialimeira.com.br\/news\/wp-json\/wp\/v2\/posts\/24116\/revisions"}],"wp:featuredmedia":[{"embeddable":true,"href":"https:\/\/guialimeira.com.br\/news\/wp-json\/wp\/v2\/media\/24117"}],"wp:attachment":[{"href":"https:\/\/guialimeira.com.br\/news\/wp-json\/wp\/v2\/media?parent=24116"}],"wp:term":[{"taxonomy":"category","embeddable":true,"href":"https:\/\/guialimeira.com.br\/news\/wp-json\/wp\/v2\/categories?post=24116"},{"taxonomy":"post_tag","embeddable":true,"href":"https:\/\/guialimeira.com.br\/news\/wp-json\/wp\/v2\/tags?post=24116"}],"curies":[{"name":"wp","href":"https:\/\/api.w.org\/{rel}","templated":true}]}}