{"id":2406,"date":"2024-04-23T06:00:48","date_gmt":"2024-04-23T09:00:48","guid":{"rendered":"https:\/\/guialimeira.com.br\/2024\/04\/23\/judo-de-piracicaba-comemora-os-resultados-da-fase-regional-dos-jogos-da-juventude-portal-do-municipio-de-piracicaba\/"},"modified":"2024-04-23T06:00:48","modified_gmt":"2024-04-23T09:00:48","slug":"judo-de-piracicaba-comemora-os-resultados-da-fase-regional-dos-jogos-da-juventude-portal-do-municipio-de-piracicaba","status":"publish","type":"post","link":"https:\/\/guialimeira.com.br\/news\/judo-de-piracicaba-comemora-os-resultados-da-fase-regional-dos-jogos-da-juventude-portal-do-municipio-de-piracicaba\/","title":{"rendered":"Jud\u00f4 de Piracicaba comemora os resultados da fase regional dos Jogos da Juventude \u2013 Portal do Munic\u00edpio de Piracicaba"},"content":{"rendered":"<p> <br \/>\n<\/p>\n<div itemprop=\"articleBody\">\n<div class=\"m-auto col-lg-8\">\n<p><em>Munic\u00edpio conquistou quatro medalhas de bronze na competi\u00e7\u00e3o realizada no final de semana<\/em><\/p>\n<div class=\"wp-block-image\">\n<figure class=\"aligncenter size-full\"><img data-recalc-dims=\"1\" fetchpriority=\"high\" decoding=\"async\" width=\"696\" height=\"527\" src=\"https:\/\/i0.wp.com\/piracicaba.sp.gov.br\/wp-content\/uploads\/2024\/04\/Equipe-piracicabana-de-judo-na-fase-regional-dos-Jogos-da-Juventude.jpeg?resize=696%2C527&#038;ssl=1\" alt=\"\" class=\"wp-image-77540\" srcset=\"https:\/\/piracicaba.sp.gov.br\/wp-content\/uploads\/2024\/04\/Equipe-piracicabana-de-judo-na-fase-regional-dos-Jogos-da-Juventude.jpeg 924w, https:\/\/piracicaba.sp.gov.br\/wp-content\/uploads\/2024\/04\/Equipe-piracicabana-de-judo-na-fase-regional-dos-Jogos-da-Juventude-300x227.jpeg 300w, https:\/\/piracicaba.sp.gov.br\/wp-content\/uploads\/2024\/04\/Equipe-piracicabana-de-judo-na-fase-regional-dos-Jogos-da-Juventude-768x582.jpeg 768w\" sizes=\"(max-width: 924px) 100vw, 924px\"\/><figcaption class=\"wp-element-caption\"><strong>Equipe piracicabana de jud\u00f4 na fase regional dos Jogos da Juventude<\/strong><\/figcaption><\/figure>\n<\/div>\n<p>Piracicaba, representada pelos atletas da Academia Edinho Company, que desenvolve o trabalho com a modalidade no munic\u00edpio\u00a0por meio de\u00a0chamamento p\u00fablico, e do Clube de Campo de Piracicaba, conquistou quatro medalhas de bronze e um quarto lugar durante o torneio de jud\u00f4 da fase regional dos Jogos da Juventude, disputado no s\u00e1bado, 20\/4, no Centro de Especialidades em Artes Marciais Eliel Gomes, do munic\u00edpio de Hortol\u00e2ndia.<\/p>\n<p>A equipe piracicabana conquistou a terceira coloca\u00e7\u00e3o no torneio em quatro oportunidades com os judocas Isadora Oliveira, Alexandre Amorim, Eduardo e Ludmar Cortinovi. O atleta Ivan Previtalli terminou o torneio na quarta posi\u00e7\u00e3o.<\/p>\n<p>Para o t\u00e9cnico Edinho Everaldo, os resultados da equipe s\u00e3o positivos j\u00e1 que os atletas piracicabanos s\u00e3o muito jovens, com idade entre 15 e 16 anos, e competiram com judocas de at\u00e9 19 anos, que t\u00eam boa bagagem e experi\u00eancia em campeonatos oficiais. \u201cOs resultados das lutas foram definidos em detalhes. Nossos atletas est\u00e3o de parab\u00e9ns, j\u00e1 que esse torneio traz experi\u00eancia para as pr\u00f3ximas edi\u00e7\u00f5es dos Jogos da Juventude\u201d, ressalta Edinho.<\/p>\n<\/div>\n<\/div>\n<p><br \/>\n<br \/><a href=\"https:\/\/piracicaba.sp.gov.br\/noticias\/judo-de-piracicaba-comemora-os-resultados-da-fase-regional-dos-jogos-da-juventude\/\" rel=\"noopener\">Informa\u00e7\u00f5es PMP <\/a><\/p>\n","protected":false},"excerpt":{"rendered":"<p>Munic\u00edpio conquistou quatro medalhas de bronze na competi\u00e7\u00e3o realizada no final de semana Equipe piracicabana de jud\u00f4 na fase regional dos Jogos da Juventude Piracicaba, representada pelos atletas da Academia Edinho Company, que desenvolve o trabalho com a modalidade no munic\u00edpio\u00a0por meio de\u00a0chamamento p\u00fablico, e do Clube de Campo de Piracicaba, conquistou quatro medalhas de [&hellip;]<\/p>\n","protected":false},"author":1,"featured_media":2407,"comment_status":"open","ping_status":"open","sticky":false,"template":"","format":"standard","meta":{"_jetpack_newsletter_access":"","_jetpack_dont_email_post_to_subs":false,"_jetpack_newsletter_tier_id":0,"_jetpack_memberships_contains_paywalled_content":false,"_mbp_banners":[],"_jetpack_feature_clip_id":0,"_jetpack_memberships_contains_paid_content":false,"footnotes":"","jetpack_publicize_message":"","jetpack_publicize_feature_enabled":true,"jetpack_social_post_already_shared":true,"jetpack_social_options":{"image_generator_settings":{"template":"highway","default_image_id":0,"font":"","enabled":false},"version":2},"jetpack_post_was_ever_published":false},"categories":[20],"tags":[],"class_list":["post-2406","post","type-post","status-publish","format-standard","has-post-thumbnail","category-regiao"],"jetpack_publicize_connections":[],"jetpack-related-posts":[],"jetpack_shortlink":"https:\/\/wp.me\/p7Eq1F-CO","jetpack_sharing_enabled":true,"jetpack_featured_media_url":"https:\/\/i0.wp.com\/guialimeira.com.br\/news\/wp-content\/uploads\/2024\/04\/Equipe-piracicabana-de-judo-na-fase-regional-dos-Jogos-da-Juventude.jpeg?fit=924%2C700&ssl=1","_links":{"self":[{"href":"https:\/\/guialimeira.com.br\/news\/wp-json\/wp\/v2\/posts\/2406","targetHints":{"allow":["GET"]}}],"collection":[{"href":"https:\/\/guialimeira.com.br\/news\/wp-json\/wp\/v2\/posts"}],"about":[{"href":"https:\/\/guialimeira.com.br\/news\/wp-json\/wp\/v2\/types\/post"}],"author":[{"embeddable":true,"href":"https:\/\/guialimeira.com.br\/news\/wp-json\/wp\/v2\/users\/1"}],"replies":[{"embeddable":true,"href":"https:\/\/guialimeira.com.br\/news\/wp-json\/wp\/v2\/comments?post=2406"}],"version-history":[{"count":0,"href":"https:\/\/guialimeira.com.br\/news\/wp-json\/wp\/v2\/posts\/2406\/revisions"}],"wp:featuredmedia":[{"embeddable":true,"href":"https:\/\/guialimeira.com.br\/news\/wp-json\/wp\/v2\/media\/2407"}],"wp:attachment":[{"href":"https:\/\/guialimeira.com.br\/news\/wp-json\/wp\/v2\/media?parent=2406"}],"wp:term":[{"taxonomy":"category","embeddable":true,"href":"https:\/\/guialimeira.com.br\/news\/wp-json\/wp\/v2\/categories?post=2406"},{"taxonomy":"post_tag","embeddable":true,"href":"https:\/\/guialimeira.com.br\/news\/wp-json\/wp\/v2\/tags?post=2406"}],"curies":[{"name":"wp","href":"https:\/\/api.w.org\/{rel}","templated":true}]}}