{"id":2404,"date":"2024-04-23T04:59:46","date_gmt":"2024-04-23T07:59:46","guid":{"rendered":"https:\/\/guialimeira.com.br\/2024\/04\/23\/prefeitura-inicia-atendimentos-de-2024-do-projeto-ver-portal-do-municipio-de-piracicaba\/"},"modified":"2024-04-23T04:59:46","modified_gmt":"2024-04-23T07:59:46","slug":"prefeitura-inicia-atendimentos-de-2024-do-projeto-ver-portal-do-municipio-de-piracicaba","status":"publish","type":"post","link":"https:\/\/guialimeira.com.br\/news\/prefeitura-inicia-atendimentos-de-2024-do-projeto-ver-portal-do-municipio-de-piracicaba\/","title":{"rendered":"Prefeitura inicia atendimentos de 2024\u00a0do Projeto Ver \u2013 Portal do Munic\u00edpio de Piracicaba"},"content":{"rendered":"<p> <br \/>\n<\/p>\n<div>\n<figure class=\"wp-block-image size-large\"><img data-recalc-dims=\"1\" fetchpriority=\"high\" decoding=\"async\" width=\"696\" height=\"464\" src=\"https:\/\/i0.wp.com\/piracicaba.sp.gov.br\/wp-content\/uploads\/2024\/04\/Prefeitura-inicia-atendimentos-de-2024-do-Projeto-Ver-1024x682.jpg?resize=696%2C464&#038;ssl=1\" alt=\"\" class=\"wp-image-77545\" srcset=\"https:\/\/piracicaba.sp.gov.br\/wp-content\/uploads\/2024\/04\/Prefeitura-inicia-atendimentos-de-2024-do-Projeto-Ver-1024x682.jpg 1024w, https:\/\/piracicaba.sp.gov.br\/wp-content\/uploads\/2024\/04\/Prefeitura-inicia-atendimentos-de-2024-do-Projeto-Ver-300x200.jpg 300w, https:\/\/piracicaba.sp.gov.br\/wp-content\/uploads\/2024\/04\/Prefeitura-inicia-atendimentos-de-2024-do-Projeto-Ver-768x512.jpg 768w, https:\/\/piracicaba.sp.gov.br\/wp-content\/uploads\/2024\/04\/Prefeitura-inicia-atendimentos-de-2024-do-Projeto-Ver-1536x1024.jpg 1536w, https:\/\/piracicaba.sp.gov.br\/wp-content\/uploads\/2024\/04\/Prefeitura-inicia-atendimentos-de-2024-do-Projeto-Ver.jpg 2000w\" sizes=\"(max-width: 1024px) 100vw, 1024px\"\/><figcaption class=\"wp-element-caption\">Prefeitura inicia atendimentos de 2024 do Projeto Ver<\/figcaption><\/figure>\n<p>A Prefeitura de Piracicaba iniciou, por meio do Fundo Social de Solidariedade (Fussp), neste m\u00eas, o atendimento deste ano aos benefici\u00e1rios do Projeto Ver, iniciativa que oferece \u00f3culos de grau para a popula\u00e7\u00e3o de vulnerabilidade social e econ\u00f4mica. O investimento para este ano \u00e9 de R$ 77.784,06. De 2021 a 2023, 1.078 pessoas foram beneficiadas com novas arma\u00e7\u00f5es e lentes de grau.<\/p>\n<p>Para Andr\u00e9a Almeida, presidente do Fussp, o Projeto Ver impacta diretamente na melhora da qualidade de vida das pessoas em situa\u00e7\u00e3o de vulnerabilidade. \u201cCrian\u00e7as, adultos e idosos que necessitam dos \u00f3culos para suas atividades di\u00e1rias e n\u00e3o possuem meios de adquiri-los conseguem os itens de maneira f\u00e1cil e sem burocracias. Esse projeto existe desde 2007 e queremos ampliar a quantidade de pessoas beneficiadas. Com esse investimento, a previs\u00e3o \u00e9 atender cerca de 500 pessoas at\u00e9 o final de 2024\u201d, ressaltou.<\/p>\n<p>T\u00eam direito aos \u00f3culos pessoas preferencialmente inscritas no Cadastro \u00danico (Cad\u00danico), encaminhadas pela Rede Socioassistencial do munic\u00edpio. A Central de Projetos \u00e9 respons\u00e1vel pela avalia\u00e7\u00e3o socioecon\u00f4mica, mediante apresenta\u00e7\u00e3o de documentos como RG, CPF, comprovante de resid\u00eancia no munic\u00edpio, cart\u00e3o SUS, comprovante de renda e receita m\u00e9dica, preferencialmente, da rede p\u00fablica. O projeto n\u00e3o contempla lentes de contato. O atendimento acontece no Laborat\u00f3rio Maverick, localizado na rua Benjamin Constant, de segunda a quinta-feira, com agendamento pr\u00e9vio. Ap\u00f3s a entrega de receitas, escolha de arma\u00e7\u00f5es e medi\u00e7\u00e3o das lentes, o benefici\u00e1rio \u00e9 notificado para retirar seus novos \u00f3culos no mesmo local.<\/p>\n<p>De acordo com C\u00e1ssia Del Tio, assistente social da Central de Projetos, os encaminhamentos di\u00e1rios est\u00e3o acontecendo para suprir uma demanda reprimida dos \u00faltimos meses. \u201cDiariamente, estamos realizando o agendamento de 12 pessoas para escolha e confec\u00e7\u00e3o dos \u00f3culos. Depois de finalizarmos a lista de espera, os benefici\u00e1rios ser\u00e3o encaminhados imediatamente ap\u00f3s a avalia\u00e7\u00e3o social\u201d, explica.<\/p>\n<p>Para a assistente social, constatar que uma pessoa recebeu novos \u00f3culos \u00e9 muito gratificante. \u201cVerificamos que, se n\u00e3o fosse o Projeto Ver, crian\u00e7as, adultos e idosos continuariam sem enxergar nitidamente, porque elas realmente n\u00e3o t\u00eam condi\u00e7\u00e3o de comprar esse tipo de item. Ent\u00e3o, nossos esfor\u00e7os est\u00e3o voltados a esse projeto t\u00e3o importante\u201d, destacou.<\/p>\n<figure class=\"wp-block-image size-large\"><img data-recalc-dims=\"1\" loading=\"lazy\" decoding=\"async\" width=\"696\" height=\"464\" src=\"https:\/\/i0.wp.com\/piracicaba.sp.gov.br\/wp-content\/uploads\/2024\/04\/A-aposentada-J.-moradora-do-Vale-do-Sol-estava-ha-um-mes-sem-oculos-1024x682.jpg?resize=696%2C464&#038;ssl=1\" alt=\"\" class=\"wp-image-77546\" srcset=\"https:\/\/piracicaba.sp.gov.br\/wp-content\/uploads\/2024\/04\/A-aposentada-J.-moradora-do-Vale-do-Sol-estava-ha-um-mes-sem-oculos-1024x682.jpg 1024w, https:\/\/piracicaba.sp.gov.br\/wp-content\/uploads\/2024\/04\/A-aposentada-J.-moradora-do-Vale-do-Sol-estava-ha-um-mes-sem-oculos-300x200.jpg 300w, https:\/\/piracicaba.sp.gov.br\/wp-content\/uploads\/2024\/04\/A-aposentada-J.-moradora-do-Vale-do-Sol-estava-ha-um-mes-sem-oculos-768x512.jpg 768w, https:\/\/piracicaba.sp.gov.br\/wp-content\/uploads\/2024\/04\/A-aposentada-J.-moradora-do-Vale-do-Sol-estava-ha-um-mes-sem-oculos-1536x1024.jpg 1536w, https:\/\/piracicaba.sp.gov.br\/wp-content\/uploads\/2024\/04\/A-aposentada-J.-moradora-do-Vale-do-Sol-estava-ha-um-mes-sem-oculos.jpg 2000w\" sizes=\"auto, (max-width: 1024px) 100vw, 1024px\"\/><figcaption class=\"wp-element-caption\">A aposentada J., moradora do Vale do Sol, estava h\u00e1 um m\u00eas sem \u00f3culos<\/figcaption><\/figure>\n<p>A aposentada J., moradora do Vale do Sol, estava h\u00e1 um m\u00eas sem \u00f3culos. \u201cJ\u00e1 \u00e9 a segunda vez que adquiro minha arma\u00e7\u00e3o pelo Projeto Ver e gosto muito porque \u00e9 um processo bem r\u00e1pido. Fui at\u00e9 ao CRAS (Centro de Refer\u00eancia de Assist\u00eancia Social) Vila S\u00f4nia e o pessoal me encaminhou ao m\u00e9dico para fazer uma nova receita de \u00f3culos. J\u00e1 escolhi uma nova arma\u00e7\u00e3o e n\u00e3o vejo a hora de voltar a enxergar\u201d, disse.<\/p>\n<p>D., venezuelana que mora h\u00e1 6 meses em Piracicaba, vai utilizar \u00f3culos pela primeira vez. \u201cFui bem atendida pela equipe do Projeto Ver, e notei que h\u00e1 v\u00e1rios modelos de \u00f3culos. Fico feliz de poder contar com esse benef\u00edcio\u201d, conta.<\/p>\n<figure class=\"wp-block-image size-large\"><img data-recalc-dims=\"1\" loading=\"lazy\" decoding=\"async\" width=\"696\" height=\"464\" src=\"https:\/\/i0.wp.com\/piracicaba.sp.gov.br\/wp-content\/uploads\/2024\/04\/D.-venezuelana-que-mora-ha-6-meses-em-Piracicaba-vai-utilizar-oculos-pela-primeira-vez-1024x682.jpg?resize=696%2C464&#038;ssl=1\" alt=\"\" class=\"wp-image-77544\" srcset=\"https:\/\/piracicaba.sp.gov.br\/wp-content\/uploads\/2024\/04\/D.-venezuelana-que-mora-ha-6-meses-em-Piracicaba-vai-utilizar-oculos-pela-primeira-vez-1024x682.jpg 1024w, https:\/\/piracicaba.sp.gov.br\/wp-content\/uploads\/2024\/04\/D.-venezuelana-que-mora-ha-6-meses-em-Piracicaba-vai-utilizar-oculos-pela-primeira-vez-300x200.jpg 300w, https:\/\/piracicaba.sp.gov.br\/wp-content\/uploads\/2024\/04\/D.-venezuelana-que-mora-ha-6-meses-em-Piracicaba-vai-utilizar-oculos-pela-primeira-vez-768x512.jpg 768w, https:\/\/piracicaba.sp.gov.br\/wp-content\/uploads\/2024\/04\/D.-venezuelana-que-mora-ha-6-meses-em-Piracicaba-vai-utilizar-oculos-pela-primeira-vez-1536x1024.jpg 1536w, https:\/\/piracicaba.sp.gov.br\/wp-content\/uploads\/2024\/04\/D.-venezuelana-que-mora-ha-6-meses-em-Piracicaba-vai-utilizar-oculos-pela-primeira-vez.jpg 2000w\" sizes=\"auto, (max-width: 1024px) 100vw, 1024px\"\/><figcaption class=\"wp-element-caption\">D., venezuelana que mora h\u00e1 6 meses em Piracicaba, vai utilizar \u00f3culos pela primeira vez<\/figcaption><\/figure>\n<\/div>\n<p><br \/>\n<br \/><a href=\"https:\/\/piracicaba.sp.gov.br\/noticias\/prefeitura-inicia-atendimentos-de-2024-do-projeto-ver\/\" rel=\"noopener\">Informa\u00e7\u00f5es PMP <\/a><\/p>\n","protected":false},"excerpt":{"rendered":"<p>Prefeitura inicia atendimentos de 2024 do Projeto Ver A Prefeitura de Piracicaba iniciou, por meio do Fundo Social de Solidariedade (Fussp), neste m\u00eas, o atendimento deste ano aos benefici\u00e1rios do Projeto Ver, iniciativa que oferece \u00f3culos de grau para a popula\u00e7\u00e3o de vulnerabilidade social e econ\u00f4mica. O investimento para este ano \u00e9 de R$ 77.784,06. [&hellip;]<\/p>\n","protected":false},"author":1,"featured_media":2405,"comment_status":"open","ping_status":"open","sticky":false,"template":"","format":"standard","meta":{"_jetpack_newsletter_access":"","_jetpack_dont_email_post_to_subs":false,"_jetpack_newsletter_tier_id":0,"_jetpack_memberships_contains_paywalled_content":false,"_mbp_banners":[],"_jetpack_feature_clip_id":0,"_jetpack_memberships_contains_paid_content":false,"footnotes":"","jetpack_publicize_message":"","jetpack_publicize_feature_enabled":true,"jetpack_social_post_already_shared":true,"jetpack_social_options":{"image_generator_settings":{"template":"highway","default_image_id":0,"font":"","enabled":false},"version":2},"jetpack_post_was_ever_published":false},"categories":[20],"tags":[],"class_list":["post-2404","post","type-post","status-publish","format-standard","has-post-thumbnail","category-regiao"],"jetpack_publicize_connections":[],"jetpack-related-posts":[],"jetpack_shortlink":"https:\/\/wp.me\/p7Eq1F-CM","jetpack_sharing_enabled":true,"jetpack_featured_media_url":"https:\/\/i0.wp.com\/guialimeira.com.br\/news\/wp-content\/uploads\/2024\/04\/Prefeitura-inicia-atendimentos-de-2024-do-Projeto-Ver-1024x682.jpg?fit=1024%2C682&ssl=1","_links":{"self":[{"href":"https:\/\/guialimeira.com.br\/news\/wp-json\/wp\/v2\/posts\/2404","targetHints":{"allow":["GET"]}}],"collection":[{"href":"https:\/\/guialimeira.com.br\/news\/wp-json\/wp\/v2\/posts"}],"about":[{"href":"https:\/\/guialimeira.com.br\/news\/wp-json\/wp\/v2\/types\/post"}],"author":[{"embeddable":true,"href":"https:\/\/guialimeira.com.br\/news\/wp-json\/wp\/v2\/users\/1"}],"replies":[{"embeddable":true,"href":"https:\/\/guialimeira.com.br\/news\/wp-json\/wp\/v2\/comments?post=2404"}],"version-history":[{"count":0,"href":"https:\/\/guialimeira.com.br\/news\/wp-json\/wp\/v2\/posts\/2404\/revisions"}],"wp:featuredmedia":[{"embeddable":true,"href":"https:\/\/guialimeira.com.br\/news\/wp-json\/wp\/v2\/media\/2405"}],"wp:attachment":[{"href":"https:\/\/guialimeira.com.br\/news\/wp-json\/wp\/v2\/media?parent=2404"}],"wp:term":[{"taxonomy":"category","embeddable":true,"href":"https:\/\/guialimeira.com.br\/news\/wp-json\/wp\/v2\/categories?post=2404"},{"taxonomy":"post_tag","embeddable":true,"href":"https:\/\/guialimeira.com.br\/news\/wp-json\/wp\/v2\/tags?post=2404"}],"curies":[{"name":"wp","href":"https:\/\/api.w.org\/{rel}","templated":true}]}}