{"id":2402,"date":"2024-04-23T03:58:48","date_gmt":"2024-04-23T06:58:48","guid":{"rendered":"https:\/\/guialimeira.com.br\/2024\/04\/23\/museu-prudente-de-moraes-recebe-show-de-rubinho-de-avilla-portal-do-municipio-de-piracicaba\/"},"modified":"2024-04-23T03:58:48","modified_gmt":"2024-04-23T06:58:48","slug":"museu-prudente-de-moraes-recebe-show-de-rubinho-de-avilla-portal-do-municipio-de-piracicaba","status":"publish","type":"post","link":"https:\/\/guialimeira.com.br\/news\/museu-prudente-de-moraes-recebe-show-de-rubinho-de-avilla-portal-do-municipio-de-piracicaba\/","title":{"rendered":"Museu Prudente de Moraes recebe show de Rubinho de \u00c1villa \u2013 Portal do Munic\u00edpio de Piracicaba"},"content":{"rendered":"<p> <br \/>\n<\/p>\n<div>\n<figure class=\"text-center\">\n<img data-recalc-dims=\"1\" width=\"684\" height=\"1024\" src=\"https:\/\/i0.wp.com\/piracicaba.sp.gov.br\/wp-content\/uploads\/2024\/04\/Neste-show-que-acontece-no-auditorio-do-Prudente-de-Moraes-Rubinho-apresenta-a-cultura-dos-travadores-de-um-jeito-abrasileirado-684x1024.jpg?resize=684%2C1024&#038;ssl=1\" class=\"img-fluid img-thumbnail border-1 wp-post-image\" alt=\"Neste show, que acontece no audit\u00f3rio do Prudente de Moraes, Rubinho apresenta a cultura dos travadores de um jeito abrasileirado\" itemprop=\"image\" decoding=\"async\" fetchpriority=\"high\" srcset=\"https:\/\/piracicaba.sp.gov.br\/wp-content\/uploads\/2024\/04\/Neste-show-que-acontece-no-auditorio-do-Prudente-de-Moraes-Rubinho-apresenta-a-cultura-dos-travadores-de-um-jeito-abrasileirado-684x1024.jpg 684w, https:\/\/piracicaba.sp.gov.br\/wp-content\/uploads\/2024\/04\/Neste-show-que-acontece-no-auditorio-do-Prudente-de-Moraes-Rubinho-apresenta-a-cultura-dos-travadores-de-um-jeito-abrasileirado-200x300.jpg 200w, https:\/\/piracicaba.sp.gov.br\/wp-content\/uploads\/2024\/04\/Neste-show-que-acontece-no-auditorio-do-Prudente-de-Moraes-Rubinho-apresenta-a-cultura-dos-travadores-de-um-jeito-abrasileirado-768x1150.jpg 768w, https:\/\/piracicaba.sp.gov.br\/wp-content\/uploads\/2024\/04\/Neste-show-que-acontece-no-auditorio-do-Prudente-de-Moraes-Rubinho-apresenta-a-cultura-dos-travadores-de-um-jeito-abrasileirado.jpg 884w\" sizes=\"(max-width: 684px) 100vw, 684px\"\/><figcaption class=\"text-center small fw-bold fst-italic mt-1\">Neste show, que acontece no audit\u00f3rio do Prudente de Moraes, Rubinho apresenta a cultura dos travadores de um jeito abrasileirado<\/figcaption><\/figure>\n<p>O Museu Hist\u00f3rico e Pedag\u00f3gico Prudente de Moraes, mantido pela Prefeitura, por meio da Semac (Secretaria Municipal da A\u00e7\u00e3o Cultural), traz ao p\u00fablico a tradi\u00e7\u00e3o europeia dos trovadores, menestr\u00e9is e nardos no show Viol\u00edces de um Trovador, que ser\u00e1 apresentado pelo cantor, compositor e pesquisador de m\u00fasica Rubinho de \u00c1villa nesta quinta-feira, 25\/04, \u00e0s 19h30. A entrada \u00e9 gratuita.<\/p>\n<p>Neste show, que acontece no audit\u00f3rio do Prudente de Moraes, Rubinho apresenta a cultura dos travadores de um jeito abrasileirado em um repert\u00f3rio com maracatu, repente nordestino, cururu e cateret\u00ea do Sudeste.<\/p>\n<p>O cantor tamb\u00e9m falar\u00e1 do universo m\u00e1gico de hist\u00f3rias e causos maravilhosos do pa\u00eds, como Um Cabra Chamado Vento e O Causo do Z\u00e9 da Lambida, que imprimem um clima alegre \u00e0 apresenta\u00e7\u00e3o desta quinta no museu.<\/p>\n<p>Outras can\u00e7\u00f5es de dom\u00ednio p\u00fablico e composi\u00e7\u00f5es de Rubinho, como Soa a M\u00fasica, fazem parte do repert\u00f3rio, num mergulho de cultura popular, tradi\u00e7\u00e3o e ludicidade.<\/p>\n<p>O espet\u00e1culo, que estreou em S\u00e3o Paulo em agosto de 2023, nasceu de uma mentoria da artista Badi Assad e tem dire\u00e7\u00e3o art\u00edstica de Cris Miguel, multi-artista, integrante do grupo Mawaca e da Casa Passarinho na capital paulista.<\/p>\n<p>Natural de Piracicaba, Rubinho \u00e9 m\u00fasico, compositor e professor de m\u00fasica licenciado na Bahia. Estudou viola caipira na Universidade Livre de m\u00fasica Tom Jobim. Como produtor musical idealizou o hist\u00f3rico \u00e1lbum Cururu ao Vivo Nh\u00f4 Serra e Zico Moreira, gravado em 1997 no Sesc Piracicaba. Atualmente trabalha como educador musical e pesquisador da cultura popular do Brasil e do mundo, al\u00e9m de atuar na \u00e1rea de trilhas sonoras para audiovisual.<\/p>\n<p><strong>SERVI\u00c7O<\/strong>\u00a0\u2013 Show\u00a0Viol\u00edces\u00a0de um Trovador, com Rubinho de\u00a0\u00c1villa. Quinta-feira, 25\/04, \u00e0s 19h30, no Museu Hist\u00f3rico e Pedag\u00f3gico Prudente de Moraes. Rua Santo Ant\u00f4nio, 641 (entrada via rua 13 de Maio). Entrada gratuita. Informa\u00e7\u00f5es: (19) 3422-3069.\u00a0\u00a0<\/p>\n<\/div>\n<p><br \/>\n<br \/><a href=\"https:\/\/piracicaba.sp.gov.br\/noticias\/museu-prudente-de-moraes-recebe-show-de-rubinho-de-avilla\/\" rel=\"noopener\">Informa\u00e7\u00f5es PMP <\/a><\/p>\n","protected":false},"excerpt":{"rendered":"<p>Neste show, que acontece no audit\u00f3rio do Prudente de Moraes, Rubinho apresenta a cultura dos travadores de um jeito abrasileirado O Museu Hist\u00f3rico e Pedag\u00f3gico Prudente de Moraes, mantido pela Prefeitura, por meio da Semac (Secretaria Municipal da A\u00e7\u00e3o Cultural), traz ao p\u00fablico a tradi\u00e7\u00e3o europeia dos trovadores, menestr\u00e9is e nardos no show Viol\u00edces de [&hellip;]<\/p>\n","protected":false},"author":1,"featured_media":2403,"comment_status":"open","ping_status":"open","sticky":false,"template":"","format":"standard","meta":{"_jetpack_newsletter_access":"","_jetpack_dont_email_post_to_subs":false,"_jetpack_newsletter_tier_id":0,"_jetpack_memberships_contains_paywalled_content":false,"_mbp_banners":[],"_jetpack_feature_clip_id":0,"_jetpack_memberships_contains_paid_content":false,"footnotes":"","jetpack_publicize_message":"","jetpack_publicize_feature_enabled":true,"jetpack_social_post_already_shared":true,"jetpack_social_options":{"image_generator_settings":{"template":"highway","default_image_id":0,"font":"","enabled":false},"version":2},"jetpack_post_was_ever_published":false},"categories":[20],"tags":[],"class_list":["post-2402","post","type-post","status-publish","format-standard","has-post-thumbnail","category-regiao"],"jetpack_publicize_connections":[],"jetpack-related-posts":[],"jetpack_shortlink":"https:\/\/wp.me\/p7Eq1F-CK","jetpack_sharing_enabled":true,"jetpack_featured_media_url":"https:\/\/i0.wp.com\/guialimeira.com.br\/news\/wp-content\/uploads\/2024\/04\/Neste-show-que-acontece-no-auditorio-do-Prudente-de-Moraes-Rubinho-apresenta-a-cultura-dos-travadores-de-um-jeito-abrasileirado.jpg?fit=884%2C1324&ssl=1","_links":{"self":[{"href":"https:\/\/guialimeira.com.br\/news\/wp-json\/wp\/v2\/posts\/2402","targetHints":{"allow":["GET"]}}],"collection":[{"href":"https:\/\/guialimeira.com.br\/news\/wp-json\/wp\/v2\/posts"}],"about":[{"href":"https:\/\/guialimeira.com.br\/news\/wp-json\/wp\/v2\/types\/post"}],"author":[{"embeddable":true,"href":"https:\/\/guialimeira.com.br\/news\/wp-json\/wp\/v2\/users\/1"}],"replies":[{"embeddable":true,"href":"https:\/\/guialimeira.com.br\/news\/wp-json\/wp\/v2\/comments?post=2402"}],"version-history":[{"count":0,"href":"https:\/\/guialimeira.com.br\/news\/wp-json\/wp\/v2\/posts\/2402\/revisions"}],"wp:featuredmedia":[{"embeddable":true,"href":"https:\/\/guialimeira.com.br\/news\/wp-json\/wp\/v2\/media\/2403"}],"wp:attachment":[{"href":"https:\/\/guialimeira.com.br\/news\/wp-json\/wp\/v2\/media?parent=2402"}],"wp:term":[{"taxonomy":"category","embeddable":true,"href":"https:\/\/guialimeira.com.br\/news\/wp-json\/wp\/v2\/categories?post=2402"},{"taxonomy":"post_tag","embeddable":true,"href":"https:\/\/guialimeira.com.br\/news\/wp-json\/wp\/v2\/tags?post=2402"}],"curies":[{"name":"wp","href":"https:\/\/api.w.org\/{rel}","templated":true}]}}