{"id":2401,"date":"2024-04-23T02:57:53","date_gmt":"2024-04-23T05:57:53","guid":{"rendered":"https:\/\/guialimeira.com.br\/2024\/04\/23\/mpt-promove-capacitacao-para-identificar-e-atuar-em-casos-de-trabalho-analogo-a-escravidao-portal-do-municipio-de-piracicaba\/"},"modified":"2024-04-23T02:57:53","modified_gmt":"2024-04-23T05:57:53","slug":"mpt-promove-capacitacao-para-identificar-e-atuar-em-casos-de-trabalho-analogo-a-escravidao-portal-do-municipio-de-piracicaba","status":"publish","type":"post","link":"https:\/\/guialimeira.com.br\/news\/mpt-promove-capacitacao-para-identificar-e-atuar-em-casos-de-trabalho-analogo-a-escravidao-portal-do-municipio-de-piracicaba\/","title":{"rendered":"MPT promove capacita\u00e7\u00e3o para identificar e atuar em casos de trabalho an\u00e1logo \u00e0 escravid\u00e3o \u2013 Portal do Munic\u00edpio de Piracicaba"},"content":{"rendered":"<p> <br \/>\n<\/p>\n<div>\n<p>Est\u00e3o abertas at\u00e9 o dia 10\/05, as inscri\u00e7\u00f5es para a capacita\u00e7\u00e3o Identificando o trabalho an\u00e1logo \u00e0 escravid\u00e3o na contemporaneidade, realizada pelo Minist\u00e9rio P\u00fablico do Trabalho (MPT), em parceria com a Superintend\u00eancia Regional do Trabalho e a Defensoria P\u00fablica da Uni\u00e3o, com apoio da Secretaria Municipal de Assist\u00eancia e Desenvolvimento Social (Smads). O evento, voltado prioritariamente a trabalhadores do Sistema \u00danico de Assist\u00eancia Social (SUAS) e de Sa\u00fade (SUS) de Piracicaba e munic\u00edpios da regi\u00e3o metropolitana, ser\u00e1 realizado no dia 13\/05, das 8h30 \u00e0s 12h, no anfiteatro da Secretaria Municipal de Educa\u00e7\u00e3o (SME). Os interessados devem se inscrever pelo link:\u00a0<a href=\"https:\/\/forms.gle\/HEd3ciKZTNCscM6c8\" target=\"_blank\" rel=\"noreferrer noopener\"><u>https:\/\/forms.gle\/HEd3ciKZTNCscM6c8<\/u><\/a>.<\/p>\n<p>O objetivo do evento \u00e9\u00a0capacitar trabalhadores dos servi\u00e7os de sa\u00fade, assist\u00eancia social e outras pol\u00edticas na identifica\u00e7\u00e3o, apura\u00e7\u00e3o e den\u00fancia de pessoas em situa\u00e7\u00e3o de trabalho an\u00e1logo ao de escravo, de modo a conhecer e se apropriar dos fluxos existentes. A capacita\u00e7\u00e3o integra as a\u00e7\u00f5es promovidas pela Rede de Promo\u00e7\u00e3o do Trabalho Decente para imigrantes e refugiados.<\/p>\n<p>O debate contar\u00e1 com a participa\u00e7\u00e3o do procurador do trabalho Marcus Vin\u00edcius Gon\u00e7alves, atual coordenador regional da 15\u00aa Regi\u00e3o da Coordenadoria Nacional de Erradica\u00e7\u00e3o do Trabalho Escravo e Tr\u00e1fico de Pessoas (CONAETE); do auditor-fiscal do Trabalho, Paulo Roberto Warlet da Silva e do defensor p\u00fablico federal Ricardo Kifer Amorim.<\/p>\n<p>De acordo com a secret\u00e1ria municipal de Assist\u00eancia e Desenvolvimento Social, Euclidia Fioravante, devido ao aumento dos casos de trabalho an\u00e1logo \u00e0 escravid\u00e3o, h\u00e1 a necessidade de articula\u00e7\u00f5es com os demais setores das esferas p\u00fablicas, a fim de inserir no cotidiano profissional, um olhar mais apurado na identifica\u00e7\u00e3o e encaminhamentos mais eficazes.<\/p>\n<p>Para Larissa Bedo, coordenadora de Direitos Humanos da Smads, a expectativa com a capacita\u00e7\u00e3o \u00e9 a mudan\u00e7a do olhar profissional, \u201cde forma que propicie a identifica\u00e7\u00e3o de situa\u00e7\u00f5es que antes poderiam n\u00e3o ser enquadradas como trabalho an\u00e1logo a escravid\u00e3o, visando uma resposta r\u00e1pida \u00e0 vida de quem se encontra na situa\u00e7\u00e3o de explora\u00e7\u00e3o\u201d,diz.<\/p>\n<p>S\u00e3o p\u00fablico-alvo da capacita\u00e7\u00e3o os seguintes munic\u00edpios: \u00c1guas de Lind\u00f3ia, Americana, Louveira, Amparo, Monte Alegre do Sul, Artur Nogueira, Monte Mor, Atibaia, Morungaba, Bom Jesus dos Perd\u00f5es, Nazar\u00e9 Paulista, Bragan\u00e7a Paulista, Nova Odessa, Cabre\u00fava, Paul\u00ednia, Campinas, Pedra Bela, Campo Limpo Paulista, Pedreira, Cosm\u00f3polis, Pinhalzinho, Engenheiro Coelho, Piracaia, Holambra, Santa B\u00e1rbara d\u2019Oeste, Hortol\u00e2ndia, Santo Antonio de Posse, Indaiatuba, Serra Negra, Itatiba, Socorro, Itupeva, Sumar\u00e9, Jaguari\u00fana, Tuiuti, Jarinu, Valinhos, Joan\u00f3polis, Vargem, Jundia\u00ed, V\u00e1rzea Paulista, Vinhedo, \u00c1guas de S\u00e3o Pedro, Limeira, Anal\u00e2ndia, Mombuca, Araras, Piracicaba, Brotas, Pirassununga, Capivari, Rafard, Charqueada, Rio Claro, Conchal, Rio das Pedras, Cordeir\u00f3polis, Saltinho, Corumbata\u00ed, Santa Cruz da Concei\u00e7\u00e3o, Elias Fausto, Santa Gertrudes, Ipe\u00fana, Santa Maria da Serra, Iracem\u00e1polis, S\u00e3o Pedro, Itirapina, Torrinha, Leme e Lind\u00f3ia.<\/p>\n<\/div>\n<p><br \/>\n<br \/><a href=\"https:\/\/piracicaba.sp.gov.br\/noticias\/mpt-promove-capacitacao-para-identificar-e-atuar-em-casos-de-trabalho-analogo-a-escravidao\/\" rel=\"noopener\">Informa\u00e7\u00f5es PMP <\/a><\/p>\n","protected":false},"excerpt":{"rendered":"<p>Est\u00e3o abertas at\u00e9 o dia 10\/05, as inscri\u00e7\u00f5es para a capacita\u00e7\u00e3o Identificando o trabalho an\u00e1logo \u00e0 escravid\u00e3o na contemporaneidade, realizada pelo Minist\u00e9rio P\u00fablico do Trabalho (MPT), em parceria com a Superintend\u00eancia Regional do Trabalho e a Defensoria P\u00fablica da Uni\u00e3o, com apoio da Secretaria Municipal de Assist\u00eancia e Desenvolvimento Social (Smads). O evento, voltado prioritariamente [&hellip;]<\/p>\n","protected":false},"author":1,"featured_media":532,"comment_status":"open","ping_status":"open","sticky":false,"template":"","format":"standard","meta":{"_jetpack_newsletter_access":"","_jetpack_dont_email_post_to_subs":false,"_jetpack_newsletter_tier_id":0,"_jetpack_memberships_contains_paywalled_content":false,"_mbp_banners":[],"_jetpack_feature_clip_id":0,"_jetpack_memberships_contains_paid_content":false,"footnotes":"","jetpack_publicize_message":"","jetpack_publicize_feature_enabled":true,"jetpack_social_post_already_shared":true,"jetpack_social_options":{"image_generator_settings":{"template":"highway","default_image_id":0,"font":"","enabled":false},"version":2},"jetpack_post_was_ever_published":false},"categories":[20],"tags":[],"class_list":["post-2401","post","type-post","status-publish","format-standard","has-post-thumbnail","category-regiao"],"jetpack_publicize_connections":[],"jetpack-related-posts":[],"jetpack_shortlink":"https:\/\/wp.me\/p7Eq1F-CJ","jetpack_sharing_enabled":true,"jetpack_featured_media_url":"https:\/\/i0.wp.com\/guialimeira.com.br\/news\/wp-content\/uploads\/2024\/03\/brasao.png?fit=512%2C512&ssl=1","_links":{"self":[{"href":"https:\/\/guialimeira.com.br\/news\/wp-json\/wp\/v2\/posts\/2401","targetHints":{"allow":["GET"]}}],"collection":[{"href":"https:\/\/guialimeira.com.br\/news\/wp-json\/wp\/v2\/posts"}],"about":[{"href":"https:\/\/guialimeira.com.br\/news\/wp-json\/wp\/v2\/types\/post"}],"author":[{"embeddable":true,"href":"https:\/\/guialimeira.com.br\/news\/wp-json\/wp\/v2\/users\/1"}],"replies":[{"embeddable":true,"href":"https:\/\/guialimeira.com.br\/news\/wp-json\/wp\/v2\/comments?post=2401"}],"version-history":[{"count":0,"href":"https:\/\/guialimeira.com.br\/news\/wp-json\/wp\/v2\/posts\/2401\/revisions"}],"wp:featuredmedia":[{"embeddable":true,"href":"https:\/\/guialimeira.com.br\/news\/wp-json\/wp\/v2\/media\/532"}],"wp:attachment":[{"href":"https:\/\/guialimeira.com.br\/news\/wp-json\/wp\/v2\/media?parent=2401"}],"wp:term":[{"taxonomy":"category","embeddable":true,"href":"https:\/\/guialimeira.com.br\/news\/wp-json\/wp\/v2\/categories?post=2401"},{"taxonomy":"post_tag","embeddable":true,"href":"https:\/\/guialimeira.com.br\/news\/wp-json\/wp\/v2\/tags?post=2401"}],"curies":[{"name":"wp","href":"https:\/\/api.w.org\/{rel}","templated":true}]}}