{"id":23998,"date":"2025-02-19T08:20:08","date_gmt":"2025-02-19T11:20:08","guid":{"rendered":"https:\/\/guialimeira.com.br\/2025\/02\/19\/queda-da-inflacao-na-argentina-e-resultado-de-recessao-diz-economista\/"},"modified":"2025-02-19T08:20:08","modified_gmt":"2025-02-19T11:20:08","slug":"queda-da-inflacao-na-argentina-e-resultado-de-recessao-diz-economista","status":"publish","type":"post","link":"https:\/\/guialimeira.com.br\/news\/queda-da-inflacao-na-argentina-e-resultado-de-recessao-diz-economista\/","title":{"rendered":"Queda da infla\u00e7\u00e3o na Argentina \u00e9 resultado de recess\u00e3o, diz economista"},"content":{"rendered":"<p> <br \/>\n<\/p>\n<div>\n<p>A redu\u00e7\u00e3o da infla\u00e7\u00e3o na Argentina registrada nos \u00faltimos meses foi motivada pela queda da atividade econ\u00f4mica do pa\u00eds, que deve fechar o ano passado com recess\u00e3o de 3% a 4% do Produto Interno Bruto (PIB). Em abril do ano passado, a infla\u00e7\u00e3o registrada foi de 289% e, em janeiro de 2025 o \u00edndice caiu para 84% (ambos no acumulado de 12 meses).\u00a0<img data-recalc-dims=\"1\" decoding=\"async\" src=\"https:\/\/i0.wp.com\/agenciabrasil.ebc.com.br\/ebc.png?w=696&#038;ssl=1\" style=\"width:1px; height:1px; display:inline;\"\/><img data-recalc-dims=\"1\" decoding=\"async\" src=\"https:\/\/i0.wp.com\/agenciabrasil.ebc.com.br\/ebc.gif?w=696&#038;ssl=1\" style=\"width:1px; height:1px; display:inline;\"\/><\/p>\n<div class=\"dnd-widget-wrapper context-medio_4colunas type-image atom-align-right\">\n<div class=\"dnd-atom-rendered\"><!-- scald=414368:medio_4colunas {\"additionalClasses\":\"\"} --><br \/>\n            <img data-recalc-dims=\"1\" decoding=\"async\" src=\"https:\/\/i0.wp.com\/imagens.ebc.com.br\/4AdHrHRd6I554DjlN533WjuJuu0%3D\/365x0\/smart\/https%3A\/\/agenciabrasil.ebc.com.br\/sites\/default\/files\/thumbnails\/image\/2025\/02\/18\/paulo-gala-economia-argentina.jpg?w=696&#038;ssl=1\" alt=\"Bras\u00edlia (DF) 18\/02\/2025 - Economista-chefe do Banco Master, Paulo Gala. Foto: Paulo Gala\/Arquivo pessoal\" title=\"Paulo Gala\/Arquivo pessoal\"\/><br \/>\n        <img data-recalc-dims=\"1\" decoding=\"async\" src=\"https:\/\/i0.wp.com\/imagens.ebc.com.br\/4AdHrHRd6I554DjlN533WjuJuu0%3D\/365x0\/smart\/https%3A\/\/agenciabrasil.ebc.com.br\/sites\/default\/files\/thumbnails\/image\/2025\/02\/18\/paulo-gala-economia-argentina.jpg?w=696&#038;ssl=1\" alt=\"Bras\u00edlia (DF) 18\/02\/2025 - Economista-chefe do Banco Master, Paulo Gala. Foto: Paulo Gala\/Arquivo pessoal\" title=\"Paulo Gala\/Arquivo pessoal\"\/><br \/>\n    <!-- END scald=414368 --><\/div>\n<p><h6 class=\"meta\"><!--copyright=414368--><em>Bras\u00edlia (DF) 18\/02\/2025 &#8211; Economista-chefe do Banco Master, Paulo Gala. Foto: <strong>Arquivo pessoal<\/strong><\/em><!--END copyright=414368--><\/h6>\n<\/p>\n<\/div>\n<p>A avalia\u00e7\u00e3o \u00e9 do especialista Paulo Gala, economista-chefe do Banco Master, que tamb\u00e9m ministra cursos sobre a economia dos pa\u00edses, incluindo a Argentina. Segundo ele, a recess\u00e3o foi estimulada pelo \u201cbrutal\u201d corte de gastos p\u00fablicos promovido pelo governo do ultraliberal Javier Milei, atualmente envolvido no chamado <a href=\"https:\/\/agenciabrasil.ebc.com.br\/internacional\/noticia\/2025-02\/cripto-gate-governo-argentino-enfrenta-nova-crise-politica\" rel=\"noopener\">esc\u00e2ndalo do Cripto Gate<\/a>.\u00a0<\/p>\n<p>\u201cA grande explica\u00e7\u00e3o para a queda da infla\u00e7\u00e3o na Argentina est\u00e1 na queda do PIB. Ou seja, a economia mergulhou em recess\u00e3o e a consequ\u00eancia disso \u00e9 a queda da infla\u00e7\u00e3o porque voc\u00ea tem uma economia que para de funcionar e se contrai. N\u00e3o temos ainda o dado consolidado do PIB, mas ele deve cair de 3% a 4% no ano passado. \u00c9 o completo oposto do Brasil, que deve ter crescido 3,5%\u201d, explicou o especialista.<\/p>\n<p>Paulo Gala acrescenta que o ajuste fiscal promovido pelo governo, com a suspens\u00e3o de obras, demiss\u00f5es de funcion\u00e1rios, corte no repasse para prov\u00edncias e redu\u00e7\u00e3o de despesas com educa\u00e7\u00e3o, entre outras, fez da Argentina o pa\u00eds da Am\u00e9rica Latina com maior super\u00e1vit fiscal da regi\u00e3o.\u00a0\u00a0<\/p>\n<p>\u201cO que Milei est\u00e1 fazendo na Argentina \u00e9 o que a gente chama de um choque cl\u00e1ssico de contra\u00e7\u00e3o de gasto p\u00fablico. Ele segurou os gastos ao m\u00e1ximo, fez um ajuste fiscal gigante, muito duro. A consequ\u00eancia \u00e9 uma desacelera\u00e7\u00e3o econ\u00f4mica muito grande\u201d, completou.<\/p>\n<p>Para o especialista, apesar da melhoria dos indicadores econ\u00f4micos a partir do final do ano passado, a <a href=\"https:\/\/agenciabrasil.ebc.com.br\/internacional\/noticia\/2024-09\/medidas-de-austeridade-de-milei-levam-metade-da-argentina-para-pobreza\" rel=\"noopener\">situa\u00e7\u00e3o ainda \u00e9 grav\u00edssima<\/a>. \u201cAinda \u00e9 um caso de UTI. O ano passado foi um ano muito dif\u00edcil. Ent\u00e3o, dificilmente 2025 vai ser pior do que o ano passado. Agora, a d\u00favida \u00e9 qu\u00e3o robusta e sustent\u00e1vel vai ser essa recupera\u00e7\u00e3o. A infla\u00e7\u00e3o ainda \u00e9 muito alta, pr\u00f3xima de 100%. O desemprego tamb\u00e9m est\u00e1 muito elevado\u201d, comentou.<\/p>\n<p>A produ\u00e7\u00e3o industrial da Argentina registrou uma queda de -9,4% no acumulado de 2024. Apesar do n\u00famero negativo, a taxa \u00e9 menor que a de abril de 2024, quando a ind\u00fastria registrou uma retra\u00e7\u00e3o de -15,4%, considerando os 12 meses anteriores. Os dados do Instituto Nacional de Estat\u00edstica e Censos da Argentina (Indec).<\/p>\n<p>Por sua vez, o presidente Javier Milei tem sustentando que a economia est\u00e1 em &#8220;franca recupera\u00e7\u00e3o&#8221;, destacando como grande m\u00e9rito da sua gest\u00e3o a queda da infla\u00e7\u00e3o e a redu\u00e7\u00e3o das despesas p\u00fablicas.\u00a0<\/p>\n<div class=\"dnd-widget-wrapper context-grande_6colunas type-image atom-align-center\">\n<div class=\"dnd-atom-rendered\"><!-- scald=414393:grande_6colunas {\"additionalClasses\":\"\"} --><br \/>\n            <img data-recalc-dims=\"1\" decoding=\"async\" src=\"https:\/\/i0.wp.com\/imagens.ebc.com.br\/t1AS1N-vJiLGn167gYE0UKGBL8I%3D\/463x0\/smart\/https%3A\/\/agenciabrasil.ebc.com.br\/sites\/default\/files\/thumbnails\/image\/2025\/02\/18\/arte1.png?w=696&#038;ssl=1\" alt=\"Infla\u00e7\u00e3o Argentina acumulada dos \u00faltimos 12 meses&#13;&#10;\" title=\"Arte\/EBC\"\/><br \/>\n        <img data-recalc-dims=\"1\" decoding=\"async\" src=\"https:\/\/i0.wp.com\/imagens.ebc.com.br\/t1AS1N-vJiLGn167gYE0UKGBL8I%3D\/463x0\/smart\/https%3A\/\/agenciabrasil.ebc.com.br\/sites\/default\/files\/thumbnails\/image\/2025\/02\/18\/arte1.png?w=696&#038;ssl=1\" alt=\"Infla\u00e7\u00e3o Argentina acumulada dos \u00faltimos 12 meses&#13;&#10;\" title=\"Arte\/EBC\"\/><br \/>\n    <!-- END scald=414393 --><\/div>\n<p><h6 class=\"meta rtecenter\"><!--copyright=414393--><em>Infla\u00e7\u00e3o Argentina acumulada dos \u00faltimos 12 meses &#8211; <strong>Arte\/EBC<\/strong><\/em><!--END copyright=414393--><\/h6>\n<\/p>\n<\/div>\n<h2>Pobreza<\/h2>\n<p>A recess\u00e3o do pa\u00eds vizinho fez a pobreza disparar na Argentina de 38,7% da popula\u00e7\u00e3o, no primeiro trimestre de 2023, assim que Milei assumiu o governo, para 54,8% da popula\u00e7\u00e3o no primeiro trimestre de 2024, segundo o Observat\u00f3rio da D\u00edvida Social da Argentina, da Universidade Cat\u00f3lica do pa\u00eds.<\/p>\n<p>Ao longo do ano passado, os indicadores de pobreza melhoraram, chegando novamente em torno dos 38% da popula\u00e7\u00e3o no terceiro trimestre de 2024. Segundo os pesquisadores do Observat\u00f3rio, a queda na pobreza deve ser analisada com cautela, uma vez que outros servi\u00e7os registraram aumento de custos.<\/p>\n<p>\u201cA queda do n\u00edvel de pobreza n\u00e3o implica que as fam\u00edlias tenham recuperado os n\u00edveis de consumo j\u00e1 reduzidos que existiam antes do ajuste: o aumento dos custos fixos dos servi\u00e7os de transporte, comunica\u00e7\u00e3o, eletricidade, \u00e1gua, g\u00e1s, etc. faz que a capacidade de consumir alimentos e outros bens b\u00e1sicos na verdade caiu\u201d, afirmam.<\/p>\n<p>S\u00e3o consideradas pobres as fam\u00edlias que t\u00eam uma renda que consegue cobrir os custos da cesta b\u00e1sica de alimenta\u00e7\u00e3o, mas n\u00e3o sobra dinheiro para outros gastos, como sa\u00fade, educa\u00e7\u00e3o e roupas. J\u00e1 a classifica\u00e7\u00e3o de indigente \u00e9 para as fam\u00edlias que t\u00eam uma renda abaixo do valor da cesta b\u00e1sica alimentar.<\/p>\n<p>Outro indicador utilizado para medir a pobreza \u00e9 a chamada pobreza multidimensional que, al\u00e9m de considerar a renda das fam\u00edlias, avalia se elas t\u00eam acesso a servi\u00e7os b\u00e1sicos, como moradia digna, \u00e1gua, saneamento, emprego e seguridade social.<\/p>\n<p>No caso desse indicador, houve uma piora em 2024, com a pobreza multidimensional passando de 39,8% em 2023 para 41,6% da popula\u00e7\u00e3o no ano passado. \u201cEsses dados permitem-nos inferir na realidade uma acentua\u00e7\u00e3o de priva\u00e7\u00f5es estruturais entre as fam\u00edlias sujeitas \u00e0 pobreza de renda\u201d, afirmou o Observat\u00f3rio.<\/p>\n<div class=\"dnd-widget-wrapper context-grande_6colunas type-image atom-align-center\">\n<div class=\"dnd-atom-rendered\"><!-- scald=414394:grande_6colunas {\"additionalClasses\":\"\"} --><br \/>\n            <img data-recalc-dims=\"1\" decoding=\"async\" src=\"https:\/\/i0.wp.com\/imagens.ebc.com.br\/EzsAIt0bLRm5-kclntEicx2BIg8%3D\/463x0\/smart\/https%3A\/\/agenciabrasil.ebc.com.br\/sites\/default\/files\/thumbnails\/image\/2025\/02\/18\/arte3.png?w=696&#038;ssl=1\" alt=\"\u00cdndice de pobreza e indig\u00eancia na Argentina\" title=\"Arte\/EBC\"\/><br \/>\n        <img data-recalc-dims=\"1\" decoding=\"async\" src=\"https:\/\/i0.wp.com\/imagens.ebc.com.br\/EzsAIt0bLRm5-kclntEicx2BIg8%3D\/463x0\/smart\/https%3A\/\/agenciabrasil.ebc.com.br\/sites\/default\/files\/thumbnails\/image\/2025\/02\/18\/arte3.png?w=696&#038;ssl=1\" alt=\"\u00cdndice de pobreza e indig\u00eancia na Argentina\" title=\"Arte\/EBC\"\/><br \/>\n    <!-- END scald=414394 --><\/div>\n<p><h6 class=\"meta rtecenter\"><!--copyright=414394--><em>\u00cdndice de pobreza e indig\u00eancia na Argentina &#8211; <strong>Arte\/EBC<\/strong><\/em><!--END copyright=414394--><\/h6>\n<\/p>\n<\/div>\n<p>\u00a0<\/p>\n<p>      <!-- Relacionada --><\/p>\n<p>            <!-- Relacionada -->\n    <\/div>\n<p><br \/>\n<br \/><a href=\"https:\/\/agenciabrasil.ebc.com.br\/internacional\/noticia\/2025-02\/queda-da-inflacao-na-argentina-e-resultado-de-recessao-diz-economista\" rel=\"noopener\">Ag\u00eancia Brasil <\/a><\/p>\n","protected":false},"excerpt":{"rendered":"<p>A redu\u00e7\u00e3o da infla\u00e7\u00e3o na Argentina registrada nos \u00faltimos meses foi motivada pela queda da atividade econ\u00f4mica do pa\u00eds, que deve fechar o ano passado com recess\u00e3o de 3% a 4% do Produto Interno Bruto (PIB). Em abril do ano passado, a infla\u00e7\u00e3o registrada foi de 289% e, em janeiro de 2025 o \u00edndice caiu [&hellip;]<\/p>\n","protected":false},"author":1,"featured_media":7259,"comment_status":"open","ping_status":"open","sticky":false,"template":"","format":"standard","meta":{"_jetpack_newsletter_access":"","_jetpack_dont_email_post_to_subs":false,"_jetpack_newsletter_tier_id":0,"_jetpack_memberships_contains_paywalled_content":false,"_mbp_banners":[],"_jetpack_feature_clip_id":0,"_jetpack_memberships_contains_paid_content":false,"footnotes":"","jetpack_publicize_message":"","jetpack_publicize_feature_enabled":true,"jetpack_social_post_already_shared":true,"jetpack_social_options":{"image_generator_settings":{"template":"highway","default_image_id":0,"font":"","enabled":false},"version":2},"jetpack_post_was_ever_published":false},"categories":[25],"tags":[],"class_list":["post-23998","post","type-post","status-publish","format-standard","has-post-thumbnail","category-internacional"],"jetpack_publicize_connections":[],"jetpack-related-posts":[],"jetpack_shortlink":"https:\/\/wp.me\/p7Eq1F-6f4","jetpack_sharing_enabled":true,"jetpack_featured_media_url":"https:\/\/i0.wp.com\/guialimeira.com.br\/news\/wp-content\/uploads\/2024\/06\/2024-03-12t145041z_1_lynxnpek2b0jk_rtroptp_4_argentina-inflacao-alimentos.jpg?fit=1600%2C800&ssl=1","_links":{"self":[{"href":"https:\/\/guialimeira.com.br\/news\/wp-json\/wp\/v2\/posts\/23998","targetHints":{"allow":["GET"]}}],"collection":[{"href":"https:\/\/guialimeira.com.br\/news\/wp-json\/wp\/v2\/posts"}],"about":[{"href":"https:\/\/guialimeira.com.br\/news\/wp-json\/wp\/v2\/types\/post"}],"author":[{"embeddable":true,"href":"https:\/\/guialimeira.com.br\/news\/wp-json\/wp\/v2\/users\/1"}],"replies":[{"embeddable":true,"href":"https:\/\/guialimeira.com.br\/news\/wp-json\/wp\/v2\/comments?post=23998"}],"version-history":[{"count":0,"href":"https:\/\/guialimeira.com.br\/news\/wp-json\/wp\/v2\/posts\/23998\/revisions"}],"wp:featuredmedia":[{"embeddable":true,"href":"https:\/\/guialimeira.com.br\/news\/wp-json\/wp\/v2\/media\/7259"}],"wp:attachment":[{"href":"https:\/\/guialimeira.com.br\/news\/wp-json\/wp\/v2\/media?parent=23998"}],"wp:term":[{"taxonomy":"category","embeddable":true,"href":"https:\/\/guialimeira.com.br\/news\/wp-json\/wp\/v2\/categories?post=23998"},{"taxonomy":"post_tag","embeddable":true,"href":"https:\/\/guialimeira.com.br\/news\/wp-json\/wp\/v2\/tags?post=23998"}],"curies":[{"name":"wp","href":"https:\/\/api.w.org\/{rel}","templated":true}]}}