{"id":2399,"date":"2024-04-23T01:56:45","date_gmt":"2024-04-23T04:56:45","guid":{"rendered":"https:\/\/guialimeira.com.br\/2024\/04\/23\/saude-inicia-cirurgias-de-catarata-e-entrega-unidade-de-saude-parque-piracicaba-portal-do-municipio-de-piracicaba\/"},"modified":"2024-04-23T01:56:45","modified_gmt":"2024-04-23T04:56:45","slug":"saude-inicia-cirurgias-de-catarata-e-entrega-unidade-de-saude-parque-piracicaba-portal-do-municipio-de-piracicaba","status":"publish","type":"post","link":"https:\/\/guialimeira.com.br\/news\/saude-inicia-cirurgias-de-catarata-e-entrega-unidade-de-saude-parque-piracicaba-portal-do-municipio-de-piracicaba\/","title":{"rendered":"Sa\u00fade inicia cirurgias de catarata e entrega unidade de sa\u00fade Parque Piracicaba \u2013 Portal do Munic\u00edpio de Piracicaba"},"content":{"rendered":"<p> <br \/>\n<\/p>\n<div>\n<figure class=\"text-center\">\n          <img data-recalc-dims=\"1\" width=\"696\" height=\"464\" src=\"https:\/\/i0.wp.com\/piracicaba.sp.gov.br\/wp-content\/uploads\/2024\/04\/Prefeito-Luciano-Almeida-enfatizou-a-importancia-da-unidade-e-tambem-do-projeto-de-Mutirao-de-Catarata-1024x683.jpg?resize=696%2C464&#038;ssl=1\" class=\"img-fluid img-thumbnail border-1 wp-post-image\" alt=\"Prefeito Luciano Almeida enfatizou a import\u00e2ncia da unidade e tamb\u00e9m do projeto de Mutir\u00e3o de Catarata\" itemprop=\"image\" decoding=\"async\" fetchpriority=\"high\" srcset=\"https:\/\/piracicaba.sp.gov.br\/wp-content\/uploads\/2024\/04\/Prefeito-Luciano-Almeida-enfatizou-a-importancia-da-unidade-e-tambem-do-projeto-de-Mutirao-de-Catarata-1024x683.jpg 1024w, https:\/\/piracicaba.sp.gov.br\/wp-content\/uploads\/2024\/04\/Prefeito-Luciano-Almeida-enfatizou-a-importancia-da-unidade-e-tambem-do-projeto-de-Mutirao-de-Catarata-300x200.jpg 300w, https:\/\/piracicaba.sp.gov.br\/wp-content\/uploads\/2024\/04\/Prefeito-Luciano-Almeida-enfatizou-a-importancia-da-unidade-e-tambem-do-projeto-de-Mutirao-de-Catarata-768x512.jpg 768w, https:\/\/piracicaba.sp.gov.br\/wp-content\/uploads\/2024\/04\/Prefeito-Luciano-Almeida-enfatizou-a-importancia-da-unidade-e-tambem-do-projeto-de-Mutirao-de-Catarata-1536x1024.jpg 1536w, https:\/\/piracicaba.sp.gov.br\/wp-content\/uploads\/2024\/04\/Prefeito-Luciano-Almeida-enfatizou-a-importancia-da-unidade-e-tambem-do-projeto-de-Mutirao-de-Catarata-2048x1365.jpg 2048w\" sizes=\"(max-width: 1024px) 100vw, 1024px\"\/><figcaption class=\"text-center small fw-bold fst-italic mt-1\">Prefeito Luciano Almeida enfatizou a import\u00e2ncia da unidade e tamb\u00e9m do projeto de Mutir\u00e3o de Catarata<\/figcaption><\/figure>\n<p>Duas importantes a\u00e7\u00f5es na \u00e1rea de Sa\u00fade marcaram a manh\u00e3 desta segunda-feira, 22\/04. A Prefeitura de Piracicaba inaugurou o novo pr\u00e9dio da unidade de Sa\u00fade do Parque Piracicaba \u2013 Ivete Cipulla de Souza Madeira e, tamb\u00e9m, deu in\u00edcio \u00e0s cirurgias de corre\u00e7\u00e3o de vis\u00e3o por meio do projeto Pira+Vis\u00e3o Mutir\u00e3o de Catarata em consult\u00f3rios instalados na mesma unidade. Estas duas atividades atendem solicita\u00e7\u00e3o da popula\u00e7\u00e3o da regi\u00e3o por uma nova e ampla unidade, bem como de muitos piracicabanos que aguardavam pelo procedimento oftalmol\u00f3gico. A solenidade contou com a participa\u00e7\u00e3o da popula\u00e7\u00e3o do bairro e contou com a presen\u00e7a de autoridades locais, secret\u00e1rios municipais e vereadores.<\/p>\n<figure class=\"wp-block-image size-large\"><img data-recalc-dims=\"1\" loading=\"lazy\" decoding=\"async\" width=\"696\" height=\"464\" src=\"https:\/\/i0.wp.com\/piracicaba.sp.gov.br\/wp-content\/uploads\/2024\/04\/Nova-unidade-de-saude-do-Parque-Piracicaba-foi-inugurada-na-manha-desta-segunda-feira-22-04-1024x683.jpg?resize=696%2C464&#038;ssl=1\" alt=\"Nova unidade de sa\u00fade do Parque Piracicaba foi inaugurada na manh\u00e3 desta segunda-feira\" class=\"wp-image-77560\" srcset=\"https:\/\/piracicaba.sp.gov.br\/wp-content\/uploads\/2024\/04\/Nova-unidade-de-saude-do-Parque-Piracicaba-foi-inugurada-na-manha-desta-segunda-feira-22-04-1024x683.jpg 1024w, https:\/\/piracicaba.sp.gov.br\/wp-content\/uploads\/2024\/04\/Nova-unidade-de-saude-do-Parque-Piracicaba-foi-inugurada-na-manha-desta-segunda-feira-22-04-300x200.jpg 300w, https:\/\/piracicaba.sp.gov.br\/wp-content\/uploads\/2024\/04\/Nova-unidade-de-saude-do-Parque-Piracicaba-foi-inugurada-na-manha-desta-segunda-feira-22-04-768x512.jpg 768w, https:\/\/piracicaba.sp.gov.br\/wp-content\/uploads\/2024\/04\/Nova-unidade-de-saude-do-Parque-Piracicaba-foi-inugurada-na-manha-desta-segunda-feira-22-04-1536x1024.jpg 1536w, https:\/\/piracicaba.sp.gov.br\/wp-content\/uploads\/2024\/04\/Nova-unidade-de-saude-do-Parque-Piracicaba-foi-inugurada-na-manha-desta-segunda-feira-22-04-2048x1365.jpg 2048w\" sizes=\"auto, (max-width: 1024px) 100vw, 1024px\"\/><figcaption class=\"wp-element-caption\"><strong><em>Nova unidade de sa\u00fade do Parque Piracicaba foi inaugurada na manh\u00e3 desta segunda-feira, 22\/04<\/em><\/strong><\/figcaption><\/figure>\n<p>O prefeito de Piracicaba, Luciano Almeida, lembrou da cobran\u00e7a da popula\u00e7\u00e3o pela nova unidade e dos entraves enfrentados pela atual administra\u00e7\u00e3o para que a entrega pudesse ser entregue. \u201cPegamos a constru\u00e7\u00e3o desta unidade j\u00e1 em atraso, com uma empresa com muitos problemas e a execu\u00e7\u00e3o da obra com muitas falhas. Foi um processo moroso, mas nossas equipes se empenharam muito para finalizar adequadamente esta obra e ela est\u00e1 aqui, de portas abertas para a popula\u00e7\u00e3o\u201d, destacou.<\/p>\n<figure class=\"wp-block-image size-large\"><img data-recalc-dims=\"1\" loading=\"lazy\" decoding=\"async\" width=\"696\" height=\"464\" src=\"https:\/\/i0.wp.com\/piracicaba.sp.gov.br\/wp-content\/uploads\/2024\/04\/Novos-consultorios-permitem-um-melhor-acolhimento-dos-pacientes-na-unidade-de-saude-do-Parque-Piracicaba-1024x683.jpg?resize=696%2C464&#038;ssl=1\" alt=\"Novos consult\u00f3rios permitem um melhor acolhimento dos pacientes na unidade de sa\u00fade do Parque Piracicaba\" class=\"wp-image-77561\" srcset=\"https:\/\/piracicaba.sp.gov.br\/wp-content\/uploads\/2024\/04\/Novos-consultorios-permitem-um-melhor-acolhimento-dos-pacientes-na-unidade-de-saude-do-Parque-Piracicaba-1024x683.jpg 1024w, https:\/\/piracicaba.sp.gov.br\/wp-content\/uploads\/2024\/04\/Novos-consultorios-permitem-um-melhor-acolhimento-dos-pacientes-na-unidade-de-saude-do-Parque-Piracicaba-300x200.jpg 300w, https:\/\/piracicaba.sp.gov.br\/wp-content\/uploads\/2024\/04\/Novos-consultorios-permitem-um-melhor-acolhimento-dos-pacientes-na-unidade-de-saude-do-Parque-Piracicaba-768x512.jpg 768w, https:\/\/piracicaba.sp.gov.br\/wp-content\/uploads\/2024\/04\/Novos-consultorios-permitem-um-melhor-acolhimento-dos-pacientes-na-unidade-de-saude-do-Parque-Piracicaba-1536x1024.jpg 1536w, https:\/\/piracicaba.sp.gov.br\/wp-content\/uploads\/2024\/04\/Novos-consultorios-permitem-um-melhor-acolhimento-dos-pacientes-na-unidade-de-saude-do-Parque-Piracicaba-2048x1365.jpg 2048w\" sizes=\"auto, (max-width: 1024px) 100vw, 1024px\"\/><figcaption class=\"wp-element-caption\"><strong><em>Novos consult\u00f3rios permitem um melhor acolhimento dos pacientes na unidade de sa\u00fade do Parque Piracicaba<\/em><\/strong><\/figcaption><\/figure>\n<p>Luciano Almeida tamb\u00e9m refor\u00e7ou outras a\u00e7\u00f5es de melhorias que est\u00e3o chegando ao bairro. \u201cHoje temos aqui o Mutir\u00e3o de Catarata, que come\u00e7ou na semana passada com consultas pr\u00e9-operat\u00f3rias, e hoje j\u00e1 estamos aqui dando a oportunidade dos piracicabanos terem acesso \u00e0 cirurgia e voltarem a enxergar bem de novo. \u00c9 importante lembrar que um pedido muito antigo aqui dos moradores dessa regi\u00e3o, pedestres e motoristas, est\u00e1 na melhoria vi\u00e1ria da rodovia Geraldo de Barros, especificamente na rotat\u00f3ria que passa atr\u00e1s desta unidade de sa\u00fade. Ap\u00f3s muita cobran\u00e7a, o governo do estado j\u00e1 autorizou a constru\u00e7\u00e3o de um viaduto para organiza\u00e7\u00e3o do tr\u00e2nsito e trazer essa seguran\u00e7a\u201d, completou o prefeito.<\/p>\n<p>Cl\u00e1udia Aparecida Santana do Livramento, enfermeira respons\u00e1vel pela unidade do Parque Piracicaba e que tamb\u00e9m atua na regi\u00e3o h\u00e1 mais de 10 anos, elogiou a nova casa. \u201cEst\u00e1vamos ansiosos para poder vir a casa nova e hoje \u00e9 o dia que tanto esper\u00e1vamos. \u00c9 uma unidade muito ampla, novinha, com tudo que n\u00f3s precisamos. Agrade\u00e7o ao prefeito pelo empenho e tamb\u00e9m aos nossos servidores da sa\u00fade e lideran\u00e7as comunit\u00e1rias por tamb\u00e9m colaborarem para que este momento acontecesse\u201d, afirmou.<\/p>\n<figure class=\"wp-block-image size-large\"><img data-recalc-dims=\"1\" loading=\"lazy\" decoding=\"async\" width=\"696\" height=\"464\" src=\"https:\/\/i0.wp.com\/piracicaba.sp.gov.br\/wp-content\/uploads\/2024\/04\/Claudia-Aparecida-Santana-do-Livramento-e-enfermeira-responsavel-pela-unidade-do-Parque-Piracicaba-1024x683.jpg?resize=696%2C464&#038;ssl=1\" alt=\"Claudia Aparecida Santana do Livramento \u00e9 enfermeira respons\u00e1vel pela unidade do Parque Piracicaba\" class=\"wp-image-77557\" srcset=\"https:\/\/piracicaba.sp.gov.br\/wp-content\/uploads\/2024\/04\/Claudia-Aparecida-Santana-do-Livramento-e-enfermeira-responsavel-pela-unidade-do-Parque-Piracicaba-1024x683.jpg 1024w, https:\/\/piracicaba.sp.gov.br\/wp-content\/uploads\/2024\/04\/Claudia-Aparecida-Santana-do-Livramento-e-enfermeira-responsavel-pela-unidade-do-Parque-Piracicaba-300x200.jpg 300w, https:\/\/piracicaba.sp.gov.br\/wp-content\/uploads\/2024\/04\/Claudia-Aparecida-Santana-do-Livramento-e-enfermeira-responsavel-pela-unidade-do-Parque-Piracicaba-768x512.jpg 768w, https:\/\/piracicaba.sp.gov.br\/wp-content\/uploads\/2024\/04\/Claudia-Aparecida-Santana-do-Livramento-e-enfermeira-responsavel-pela-unidade-do-Parque-Piracicaba-1536x1024.jpg 1536w, https:\/\/piracicaba.sp.gov.br\/wp-content\/uploads\/2024\/04\/Claudia-Aparecida-Santana-do-Livramento-e-enfermeira-responsavel-pela-unidade-do-Parque-Piracicaba-2048x1365.jpg 2048w\" sizes=\"auto, (max-width: 1024px) 100vw, 1024px\"\/><figcaption class=\"wp-element-caption\"><strong><em>Claudia Aparecida Santana do Livramento \u00e9 enfermeira respons\u00e1vel pela unidade do Parque Piracicaba<\/em><\/strong><\/figcaption><\/figure>\n<p>Augusto Muzilli J\u00fanior, secret\u00e1rio de Sa\u00fade, enfatizou que a unidade \u00e9 da popula\u00e7\u00e3o. \u201cEsta obra, esta unidade \u00e9 de voc\u00eas, moradores aqui do bairro Parque Piracicaba. Hoje ela segue o padr\u00e3o de sa\u00fade que todos queremos para Piracicaba e queremos que todos nos ajudem a cuidar e manter este pr\u00e9dio como refer\u00eancia no atendimento na cidade\u201d, completou.<\/p>\n<figure class=\"wp-block-image size-large\"><img data-recalc-dims=\"1\" loading=\"lazy\" decoding=\"async\" width=\"696\" height=\"464\" src=\"https:\/\/i0.wp.com\/piracicaba.sp.gov.br\/wp-content\/uploads\/2024\/04\/Enfermeira-Claudia-Santana-agradeceu-ao-prefeito-pelo-empenho-na-entrega-da-unidade-de-saude-1024x683.jpg?resize=696%2C464&#038;ssl=1\" alt=\"Enfermeira Claudia Santana agradeceu ao prefeito pelo empenho na entrega da unidade de sa\u00fade\" class=\"wp-image-77558\" srcset=\"https:\/\/piracicaba.sp.gov.br\/wp-content\/uploads\/2024\/04\/Enfermeira-Claudia-Santana-agradeceu-ao-prefeito-pelo-empenho-na-entrega-da-unidade-de-saude-1024x683.jpg 1024w, https:\/\/piracicaba.sp.gov.br\/wp-content\/uploads\/2024\/04\/Enfermeira-Claudia-Santana-agradeceu-ao-prefeito-pelo-empenho-na-entrega-da-unidade-de-saude-300x200.jpg 300w, https:\/\/piracicaba.sp.gov.br\/wp-content\/uploads\/2024\/04\/Enfermeira-Claudia-Santana-agradeceu-ao-prefeito-pelo-empenho-na-entrega-da-unidade-de-saude-768x512.jpg 768w, https:\/\/piracicaba.sp.gov.br\/wp-content\/uploads\/2024\/04\/Enfermeira-Claudia-Santana-agradeceu-ao-prefeito-pelo-empenho-na-entrega-da-unidade-de-saude-1536x1024.jpg 1536w, https:\/\/piracicaba.sp.gov.br\/wp-content\/uploads\/2024\/04\/Enfermeira-Claudia-Santana-agradeceu-ao-prefeito-pelo-empenho-na-entrega-da-unidade-de-saude-2048x1365.jpg 2048w\" sizes=\"auto, (max-width: 1024px) 100vw, 1024px\"\/><figcaption class=\"wp-element-caption\"><strong><em>Enfermeira Claudia Santana agradeceu ao prefeito pelo empenho na entrega da unidade de sa\u00fade<\/em><\/strong><\/figcaption><\/figure>\n<p>Representando a C\u00e2mara Municipal e os vereadores que participaram da solenidade, o vereador Gustavo Pompeu fez quest\u00e3o de deixar claro que a popula\u00e7\u00e3o est\u00e1 tendo a merecida aten\u00e7\u00e3o do poder p\u00fablico. \u201cO nosso bairro n\u00e3o est\u00e1 abandonado, temos muitas obras acontecendo aqui, com reformas de escolas, recapeamento e tapa buraco, entrega de uniformes para os estudantes, agora esta unidade de sa\u00fade nova. Temos e vamos continuar fazendo melhorias aqui para todos. Fomos cobrados e estamos mostrando as realiza\u00e7\u00f5es, principalmente o Mutir\u00e3o de Catarata que est\u00e1 acontecendo aqui nesta unidade\u201d, disse.<\/p>\n<p><strong>UNIDADE DE SA\u00daDE \u2013<\/strong>\u00a0Este novo equipamento de sa\u00fade tem instala\u00e7\u00f5es modernas e o dobro do tamanho da antiga UBS (Unidade B\u00e1sica de Sa\u00fade), com 883,34 m\u00b2 de \u00e1rea constru\u00edda em terreno de 2.276 m\u00b2 (metros quadrados). O espa\u00e7o contempla ampla sala de espera, sanit\u00e1rios masculinos e femininos para pessoas com defici\u00eancia, frald\u00e1rio, quatro consult\u00f3rios de cl\u00ednica m\u00e9dica, dois consult\u00f3rios para ginecologia, um consult\u00f3rio de pediatria, uma sala de curativo, uma ampla sala de reuni\u00e3o, sala de procedimentos e coletas, sala de vacina, sala de descanso para funcion\u00e1rios, entre outros espa\u00e7os.<\/p>\n<figure class=\"wp-block-image size-large\"><img data-recalc-dims=\"1\" loading=\"lazy\" decoding=\"async\" width=\"696\" height=\"464\" src=\"https:\/\/i0.wp.com\/piracicaba.sp.gov.br\/wp-content\/uploads\/2024\/04\/Mudanca-para-a-nova-unidade-aconteceu-ao-longo-do-fim-de-semana-e-hoje-oa-atendimentos-ja-aconteceram-no-novo-predio-1024x683.jpg?resize=696%2C464&#038;ssl=1\" alt=\"Mudan\u00e7a para a nova unidade aconteceu ao longo do fim de semana e hoje os atendimentos j\u00e1 aconteceram no novo pr\u00e9dio\" class=\"wp-image-77559\" srcset=\"https:\/\/piracicaba.sp.gov.br\/wp-content\/uploads\/2024\/04\/Mudanca-para-a-nova-unidade-aconteceu-ao-longo-do-fim-de-semana-e-hoje-oa-atendimentos-ja-aconteceram-no-novo-predio-1024x683.jpg 1024w, https:\/\/piracicaba.sp.gov.br\/wp-content\/uploads\/2024\/04\/Mudanca-para-a-nova-unidade-aconteceu-ao-longo-do-fim-de-semana-e-hoje-oa-atendimentos-ja-aconteceram-no-novo-predio-300x200.jpg 300w, https:\/\/piracicaba.sp.gov.br\/wp-content\/uploads\/2024\/04\/Mudanca-para-a-nova-unidade-aconteceu-ao-longo-do-fim-de-semana-e-hoje-oa-atendimentos-ja-aconteceram-no-novo-predio-768x512.jpg 768w, https:\/\/piracicaba.sp.gov.br\/wp-content\/uploads\/2024\/04\/Mudanca-para-a-nova-unidade-aconteceu-ao-longo-do-fim-de-semana-e-hoje-oa-atendimentos-ja-aconteceram-no-novo-predio-1536x1024.jpg 1536w, https:\/\/piracicaba.sp.gov.br\/wp-content\/uploads\/2024\/04\/Mudanca-para-a-nova-unidade-aconteceu-ao-longo-do-fim-de-semana-e-hoje-oa-atendimentos-ja-aconteceram-no-novo-predio-2048x1365.jpg 2048w\" sizes=\"auto, (max-width: 1024px) 100vw, 1024px\"\/><figcaption class=\"wp-element-caption\"><strong><em>Mudan\u00e7a para a nova unidade aconteceu ao longo do fim de semana e hoje os atendimentos j\u00e1 aconteceram no novo pr\u00e9dio<\/em><\/strong><\/figcaption><\/figure>\n<p>A unidade atende a uma popula\u00e7\u00e3o estimada de 20 mil pessoas nos bairros: Parque Piracicaba, Altos do S\u00e3o Francisco, Jardim Pacaembu, Jardim Maria, Parque S\u00e3o Matheus, Parque das \u00c1guas, Parque S\u00e3o Matheus 2, Vale do Sol, residencial Alto da Boa Vista, residencial Ra\u00edzes e residencial Conviva, localizados na regi\u00e3o Norte da cidade. A unidade est\u00e1 localizada \u00e0 rua Palmital, s\/n\u00b0.<\/p>\n<figure class=\"wp-block-image size-large\"><img data-recalc-dims=\"1\" loading=\"lazy\" decoding=\"async\" width=\"696\" height=\"464\" src=\"https:\/\/i0.wp.com\/piracicaba.sp.gov.br\/wp-content\/uploads\/2024\/04\/Adesao-de-pacientes-ao-projeto-PiraVisao-e-positivo-1024x683.jpg?resize=696%2C464&#038;ssl=1\" alt=\"Ades\u00e3o de pacientes ao projeto Pira+Vis\u00e3o \u00e9 positivo\" class=\"wp-image-77555\" srcset=\"https:\/\/piracicaba.sp.gov.br\/wp-content\/uploads\/2024\/04\/Adesao-de-pacientes-ao-projeto-PiraVisao-e-positivo-1024x683.jpg 1024w, https:\/\/piracicaba.sp.gov.br\/wp-content\/uploads\/2024\/04\/Adesao-de-pacientes-ao-projeto-PiraVisao-e-positivo-300x200.jpg 300w, https:\/\/piracicaba.sp.gov.br\/wp-content\/uploads\/2024\/04\/Adesao-de-pacientes-ao-projeto-PiraVisao-e-positivo-768x512.jpg 768w, https:\/\/piracicaba.sp.gov.br\/wp-content\/uploads\/2024\/04\/Adesao-de-pacientes-ao-projeto-PiraVisao-e-positivo-1536x1024.jpg 1536w, https:\/\/piracicaba.sp.gov.br\/wp-content\/uploads\/2024\/04\/Adesao-de-pacientes-ao-projeto-PiraVisao-e-positivo-2048x1365.jpg 2048w\" sizes=\"auto, (max-width: 1024px) 100vw, 1024px\"\/><figcaption class=\"wp-element-caption\"><strong><em>Ades\u00e3o de pacientes ao projeto Pira+Vis\u00e3o \u00e9 positivo<\/em><\/strong><\/figcaption><\/figure>\n<p><strong>PIRA+VIS\u00c3O \u2013<\/strong>\u00a0O projeto de Mutir\u00e3o de Catarata deve atender, at\u00e9 julho, cerca de 1.500 pessoas por meio do programa Zera Fila na Sa\u00fade \u2013 em parceria com o Cismetro (Cons\u00f3rcio Intermunicipal de Sa\u00fade) \u2013 que consiste na contrata\u00e7\u00e3o de servi\u00e7os em diversas especialidades para encerrar com a lista de espera para consultas, exames e demais procedimentos represados durante os \u00faltimos anos, principalmente em decorr\u00eancia da pandemia da Covid-19.<\/p>\n<figure class=\"wp-block-image size-large\"><img data-recalc-dims=\"1\" loading=\"lazy\" decoding=\"async\" width=\"696\" height=\"464\" src=\"https:\/\/i0.wp.com\/piracicaba.sp.gov.br\/wp-content\/uploads\/2024\/04\/Aparecida-Moreira-Volpato-de-68-anos-foi-uma-das-primeiras-a-serem-atendidas-pelo-Mutirao-de-Catarata-1024x683.jpg?resize=696%2C464&#038;ssl=1\" alt=\"\" class=\"wp-image-77556\" srcset=\"https:\/\/piracicaba.sp.gov.br\/wp-content\/uploads\/2024\/04\/Aparecida-Moreira-Volpato-de-68-anos-foi-uma-das-primeiras-a-serem-atendidas-pelo-Mutirao-de-Catarata-1024x683.jpg 1024w, https:\/\/piracicaba.sp.gov.br\/wp-content\/uploads\/2024\/04\/Aparecida-Moreira-Volpato-de-68-anos-foi-uma-das-primeiras-a-serem-atendidas-pelo-Mutirao-de-Catarata-300x200.jpg 300w, https:\/\/piracicaba.sp.gov.br\/wp-content\/uploads\/2024\/04\/Aparecida-Moreira-Volpato-de-68-anos-foi-uma-das-primeiras-a-serem-atendidas-pelo-Mutirao-de-Catarata-768x512.jpg 768w, https:\/\/piracicaba.sp.gov.br\/wp-content\/uploads\/2024\/04\/Aparecida-Moreira-Volpato-de-68-anos-foi-uma-das-primeiras-a-serem-atendidas-pelo-Mutirao-de-Catarata-1536x1024.jpg 1536w, https:\/\/piracicaba.sp.gov.br\/wp-content\/uploads\/2024\/04\/Aparecida-Moreira-Volpato-de-68-anos-foi-uma-das-primeiras-a-serem-atendidas-pelo-Mutirao-de-Catarata-2048x1365.jpg 2048w\" sizes=\"auto, (max-width: 1024px) 100vw, 1024px\"\/><figcaption class=\"wp-element-caption\"><strong><em>Aparecida Moreira Volpato, de 68 anos, foi uma das primeiras a serem atendidas pelo Mutir\u00e3o de Catarata<\/em><\/strong><\/figcaption><\/figure>\n<p>Uma das primeiras pacientes a serem atendidas na manh\u00e3 de hoje foi Aparecida Moreira Volpato, de 68 anos. \u201cMeu caso era muito urgente e eu estava quase sem enxergar quando recebi o telefonema da Prefeitura avisando que minha cirurgia ia acontecer\u201d, disse.<\/p>\n<figure class=\"wp-block-image size-large\"><img data-recalc-dims=\"1\" loading=\"lazy\" decoding=\"async\" width=\"696\" height=\"464\" src=\"https:\/\/i0.wp.com\/piracicaba.sp.gov.br\/wp-content\/uploads\/2024\/04\/PiraVisao-segue-ate-julho-realizando-cirurgias-de-catarata-1024x683.jpg?resize=696%2C464&#038;ssl=1\" alt=\"Pira+Vis\u00e3o segue at\u00e9 julho realizando cirurgias de catarata\" class=\"wp-image-77562\" srcset=\"https:\/\/piracicaba.sp.gov.br\/wp-content\/uploads\/2024\/04\/PiraVisao-segue-ate-julho-realizando-cirurgias-de-catarata-1024x683.jpg 1024w, https:\/\/piracicaba.sp.gov.br\/wp-content\/uploads\/2024\/04\/PiraVisao-segue-ate-julho-realizando-cirurgias-de-catarata-300x200.jpg 300w, https:\/\/piracicaba.sp.gov.br\/wp-content\/uploads\/2024\/04\/PiraVisao-segue-ate-julho-realizando-cirurgias-de-catarata-768x512.jpg 768w, https:\/\/piracicaba.sp.gov.br\/wp-content\/uploads\/2024\/04\/PiraVisao-segue-ate-julho-realizando-cirurgias-de-catarata-1536x1024.jpg 1536w, https:\/\/piracicaba.sp.gov.br\/wp-content\/uploads\/2024\/04\/PiraVisao-segue-ate-julho-realizando-cirurgias-de-catarata-2048x1365.jpg 2048w\" sizes=\"auto, (max-width: 1024px) 100vw, 1024px\"\/><figcaption class=\"wp-element-caption\"><strong><em>Pira+Vis\u00e3o segue at\u00e9 julho realizando cirurgias de catarata<\/em><\/strong><\/figcaption><\/figure>\n<p>A aposentada disse que tamb\u00e9m ficou surpresa com a qualidade do atendimento. \u201cNunca imaginava uma estrutura dessa no SUS, bonita e moderna. L\u00e1 na Esta\u00e7\u00e3o fui muito bem acolhida tamb\u00e9m, pelos atendentes, m\u00e9dicos e enfermeiros e aqui n\u00e3o est\u00e1 sendo diferente. Vou operar meu olho esquerdo e, depois vou fazer o direito. Espero em breve estar tudo bonito como antigamente\u201d, enfatizou Aparecida.<\/p>\n<\/p><\/div>\n<p><br \/>\n<br \/><a href=\"https:\/\/piracicaba.sp.gov.br\/noticias\/saude-inicia-cirurgias-de-catarata-e-entrega-unidade-de-saude-parque-piracicaba\/\" rel=\"noopener\">Informa\u00e7\u00f5es PMP <\/a><\/p>\n","protected":false},"excerpt":{"rendered":"<p>Prefeito Luciano Almeida enfatizou a import\u00e2ncia da unidade e tamb\u00e9m do projeto de Mutir\u00e3o de Catarata Duas importantes a\u00e7\u00f5es na \u00e1rea de Sa\u00fade marcaram a manh\u00e3 desta segunda-feira, 22\/04. A Prefeitura de Piracicaba inaugurou o novo pr\u00e9dio da unidade de Sa\u00fade do Parque Piracicaba \u2013 Ivete Cipulla de Souza Madeira e, tamb\u00e9m, deu in\u00edcio \u00e0s [&hellip;]<\/p>\n","protected":false},"author":1,"featured_media":2400,"comment_status":"open","ping_status":"open","sticky":false,"template":"","format":"standard","meta":{"_jetpack_newsletter_access":"","_jetpack_dont_email_post_to_subs":false,"_jetpack_newsletter_tier_id":0,"_jetpack_memberships_contains_paywalled_content":false,"_mbp_banners":[],"_jetpack_feature_clip_id":0,"_jetpack_memberships_contains_paid_content":false,"footnotes":"","jetpack_publicize_message":"","jetpack_publicize_feature_enabled":true,"jetpack_social_post_already_shared":true,"jetpack_social_options":{"image_generator_settings":{"template":"highway","default_image_id":0,"font":"","enabled":false},"version":2},"jetpack_post_was_ever_published":false},"categories":[20],"tags":[],"class_list":["post-2399","post","type-post","status-publish","format-standard","has-post-thumbnail","category-regiao"],"jetpack_publicize_connections":[],"jetpack-related-posts":[],"jetpack_shortlink":"https:\/\/wp.me\/p7Eq1F-CH","jetpack_sharing_enabled":true,"jetpack_featured_media_url":"https:\/\/i0.wp.com\/guialimeira.com.br\/news\/wp-content\/uploads\/2024\/04\/Prefeito-Luciano-Almeida-enfatizou-a-importancia-da-unidade-e-tambem-do-projeto-de-Mutirao-de-Catarata-scaled.jpg?fit=2560%2C1706&ssl=1","_links":{"self":[{"href":"https:\/\/guialimeira.com.br\/news\/wp-json\/wp\/v2\/posts\/2399","targetHints":{"allow":["GET"]}}],"collection":[{"href":"https:\/\/guialimeira.com.br\/news\/wp-json\/wp\/v2\/posts"}],"about":[{"href":"https:\/\/guialimeira.com.br\/news\/wp-json\/wp\/v2\/types\/post"}],"author":[{"embeddable":true,"href":"https:\/\/guialimeira.com.br\/news\/wp-json\/wp\/v2\/users\/1"}],"replies":[{"embeddable":true,"href":"https:\/\/guialimeira.com.br\/news\/wp-json\/wp\/v2\/comments?post=2399"}],"version-history":[{"count":0,"href":"https:\/\/guialimeira.com.br\/news\/wp-json\/wp\/v2\/posts\/2399\/revisions"}],"wp:featuredmedia":[{"embeddable":true,"href":"https:\/\/guialimeira.com.br\/news\/wp-json\/wp\/v2\/media\/2400"}],"wp:attachment":[{"href":"https:\/\/guialimeira.com.br\/news\/wp-json\/wp\/v2\/media?parent=2399"}],"wp:term":[{"taxonomy":"category","embeddable":true,"href":"https:\/\/guialimeira.com.br\/news\/wp-json\/wp\/v2\/categories?post=2399"},{"taxonomy":"post_tag","embeddable":true,"href":"https:\/\/guialimeira.com.br\/news\/wp-json\/wp\/v2\/tags?post=2399"}],"curies":[{"name":"wp","href":"https:\/\/api.w.org\/{rel}","templated":true}]}}