{"id":23978,"date":"2025-02-18T22:19:03","date_gmt":"2025-02-19T01:19:03","guid":{"rendered":"https:\/\/guialimeira.com.br\/2025\/02\/18\/mistura-de-biodiesel-no-diesel-e-mantida-em-14-para-conter-inflacao\/"},"modified":"2025-02-18T22:19:03","modified_gmt":"2025-02-19T01:19:03","slug":"mistura-de-biodiesel-no-diesel-e-mantida-em-14-para-conter-inflacao","status":"publish","type":"post","link":"https:\/\/guialimeira.com.br\/news\/mistura-de-biodiesel-no-diesel-e-mantida-em-14-para-conter-inflacao\/","title":{"rendered":"Mistura de biodiesel no diesel \u00e9 mantida em 14% para conter infla\u00e7\u00e3o"},"content":{"rendered":"<p> <br \/>\n<\/p>\n<div>\n<p>O percentual de biodiesel misturado ao \u00f3leo diesel ficar\u00e1 em 14% para conter a alta no pre\u00e7o dos alimentos, decidiu nesta ter\u00e7a-feira (18) o Conselho Nacional de Pol\u00edtica Energ\u00e9tica (CNPE). O percentual subiria para 15% em 1\u00ba de mar\u00e7o.<img data-recalc-dims=\"1\" decoding=\"async\" src=\"https:\/\/i0.wp.com\/agenciabrasil.ebc.com.br\/ebc.png?w=696&#038;ssl=1\" style=\"width:1px; height:1px; display:inline;\"\/><img data-recalc-dims=\"1\" decoding=\"async\" src=\"https:\/\/i0.wp.com\/agenciabrasil.ebc.com.br\/ebc.gif?w=696&#038;ssl=1\" style=\"width:1px; height:1px; display:inline;\"\/><\/p>\n<p>Embora a maior parte do biodiesel no pa\u00eds tenha origem na soja, produto majoritariamente exportado e pouco consumido pelos brasileiros, a decis\u00e3o ajuda a segurar o pre\u00e7o dos alimentos. Isso porque a eleva\u00e7\u00e3o da mistura para 15% encareceria o combust\u00edvel, usado no transporte de cargas, com impacto no pre\u00e7o da comida. Atualmente, o \u00f3leo diesel representa 35% do valor do frete.<\/p>\n<p>\u201cO pre\u00e7o dos alimentos \u00e9 a grande prioridade do nosso governo. Considerando a necessidade de buscarmos todos os mecanismos para que o pre\u00e7o seja mais barato na g\u00f4ndola do supermercado, mantemos a mistura em B14 [teor de 14% de biodiesel] at\u00e9 que tenhamos resultados no pre\u00e7o dos alimentos da popula\u00e7\u00e3o, j\u00e1 que boa parte da produ\u00e7\u00e3o do biodiesel vem da soja\u201d, afirmou, em nota, o ministro de Minas e Energia, Alexandre Silveira.<\/p>\n<p>Apesar de ser menos poluente e renov\u00e1vel, o biodiesel \u00e9 mais caro que o diesel, combust\u00edvel f\u00f3ssil. Quanto maior o teor de biodiesel no diesel, mais alto fica o pre\u00e7o na bomba.<\/p>\n<p>Caso o percentual de mistura subisse, o diesel teria o segundo aumento em um m\u00eas. No fim de janeiro, a Petrobras <a href=\"https:\/\/agenciabrasil.ebc.com.br\/economia\/noticia\/2025-01\/petrobras-reajusta-preco-do-diesel-em-r-022-distribuidoras\" rel=\"noopener\">elevou o pre\u00e7o do combust\u00edvel<\/a> para as distribuidoras em R$ 0,22\u00a0para diminuir a defasagem em rela\u00e7\u00e3o ao pre\u00e7o internacional.<\/p>\n<p>O biodiesel, que \u00e9 adicionado ao diesel f\u00f3ssil, esteve em trajet\u00f3ria de alta nas \u00faltimas semanas.<\/p>\n<p>Sancionada em outubro de 2024, a Lei Combust\u00edvel do Futuro estabelece que a parcela de biodiesel varie de 13% a 25%. No entanto, a adi\u00e7\u00e3o \u00e9 obrigat\u00f3ria desde 2008, como pol\u00edtica nacional para reduzir o n\u00edvel de polui\u00e7\u00e3o do transporte de cargas.<\/p>\n<p>\u00a0<\/p>\n<p>      <!-- Relacionada --><\/p>\n<p>            <!-- Relacionada -->\n    <\/div>\n<p><br \/>\n<br \/><a href=\"https:\/\/agenciabrasil.ebc.com.br\/economia\/noticia\/2025-02\/mistura-de-biodiesel-no-diesel-e-mantida-em-14-para-conter-inflacao\" rel=\"noopener\">Ag\u00eancia Brasil<\/a><\/p>\n","protected":false},"excerpt":{"rendered":"<p>O percentual de biodiesel misturado ao \u00f3leo diesel ficar\u00e1 em 14% para conter a alta no pre\u00e7o dos alimentos, decidiu nesta ter\u00e7a-feira (18) o Conselho Nacional de Pol\u00edtica Energ\u00e9tica (CNPE). O percentual subiria para 15% em 1\u00ba de mar\u00e7o. Embora a maior parte do biodiesel no pa\u00eds tenha origem na soja, produto majoritariamente exportado e [&hellip;]<\/p>\n","protected":false},"author":1,"featured_media":23979,"comment_status":"open","ping_status":"open","sticky":false,"template":"","format":"standard","meta":{"_jetpack_newsletter_access":"","_jetpack_dont_email_post_to_subs":false,"_jetpack_newsletter_tier_id":0,"_jetpack_memberships_contains_paywalled_content":false,"_mbp_banners":[],"_jetpack_feature_clip_id":0,"_jetpack_memberships_contains_paid_content":false,"footnotes":"","jetpack_publicize_message":"","jetpack_publicize_feature_enabled":true,"jetpack_social_post_already_shared":true,"jetpack_social_options":{"image_generator_settings":{"template":"highway","default_image_id":0,"font":"","enabled":false},"version":2},"jetpack_post_was_ever_published":false},"categories":[24],"tags":[],"class_list":["post-23978","post","type-post","status-publish","format-standard","has-post-thumbnail","category-economia"],"jetpack_publicize_connections":[],"jetpack-related-posts":[],"jetpack_shortlink":"https:\/\/wp.me\/p7Eq1F-6eK","jetpack_sharing_enabled":true,"jetpack_featured_media_url":"https:\/\/i0.wp.com\/guialimeira.com.br\/news\/wp-content\/uploads\/2025\/02\/diesel_bomba_de_combustivel.jpg?fit=1600%2C800&ssl=1","_links":{"self":[{"href":"https:\/\/guialimeira.com.br\/news\/wp-json\/wp\/v2\/posts\/23978","targetHints":{"allow":["GET"]}}],"collection":[{"href":"https:\/\/guialimeira.com.br\/news\/wp-json\/wp\/v2\/posts"}],"about":[{"href":"https:\/\/guialimeira.com.br\/news\/wp-json\/wp\/v2\/types\/post"}],"author":[{"embeddable":true,"href":"https:\/\/guialimeira.com.br\/news\/wp-json\/wp\/v2\/users\/1"}],"replies":[{"embeddable":true,"href":"https:\/\/guialimeira.com.br\/news\/wp-json\/wp\/v2\/comments?post=23978"}],"version-history":[{"count":0,"href":"https:\/\/guialimeira.com.br\/news\/wp-json\/wp\/v2\/posts\/23978\/revisions"}],"wp:featuredmedia":[{"embeddable":true,"href":"https:\/\/guialimeira.com.br\/news\/wp-json\/wp\/v2\/media\/23979"}],"wp:attachment":[{"href":"https:\/\/guialimeira.com.br\/news\/wp-json\/wp\/v2\/media?parent=23978"}],"wp:term":[{"taxonomy":"category","embeddable":true,"href":"https:\/\/guialimeira.com.br\/news\/wp-json\/wp\/v2\/categories?post=23978"},{"taxonomy":"post_tag","embeddable":true,"href":"https:\/\/guialimeira.com.br\/news\/wp-json\/wp\/v2\/tags?post=23978"}],"curies":[{"name":"wp","href":"https:\/\/api.w.org\/{rel}","templated":true}]}}