{"id":23972,"date":"2025-02-18T21:17:48","date_gmt":"2025-02-19T00:17:48","guid":{"rendered":"https:\/\/guialimeira.com.br\/2025\/02\/18\/anp-leiloa-quatro-blocos-do-pre-sal-na-bacia-de-campos\/"},"modified":"2025-02-18T21:17:48","modified_gmt":"2025-02-19T00:17:48","slug":"anp-leiloa-quatro-blocos-do-pre-sal-na-bacia-de-campos","status":"publish","type":"post","link":"https:\/\/guialimeira.com.br\/news\/anp-leiloa-quatro-blocos-do-pre-sal-na-bacia-de-campos\/","title":{"rendered":"ANP leiloa quatro blocos do pr\u00e9-sal na Bacia de Campos"},"content":{"rendered":"<p> <br \/>\n<\/p>\n<div>\n<p>Mais quatro blocos do pr\u00e9-sal ser\u00e3o licitados\u00a0em regime de partilha de produ\u00e7\u00e3o\u00a0no sistema de Oferta Permanente da Ag\u00eancia Nacional do Petr\u00f3leo, G\u00e1s Natural e Biocombust\u00edveis (ANP).\u00a0Eles ficam na Bacia de Campos, entre Esp\u00edrito Santo e Rio de Janeiro. A decis\u00e3o foi tomada nesta ter\u00e7a-feira (18) pelo Conselho Nacional de Pol\u00edtica Energ\u00e9tica (CNPE).<img data-recalc-dims=\"1\" decoding=\"async\" src=\"https:\/\/i0.wp.com\/agenciabrasil.ebc.com.br\/ebc.png?w=696&#038;ssl=1\" style=\"width:1px; height:1px; display:inline;\"\/><img data-recalc-dims=\"1\" decoding=\"async\" src=\"https:\/\/i0.wp.com\/agenciabrasil.ebc.com.br\/ebc.gif?w=696&#038;ssl=1\" style=\"width:1px; height:1px; display:inline;\"\/><\/p>\n<p>A expectativa \u00e9 arrecadar mais de R$ 522 bilh\u00f5es durante a vida \u00fatil dos projetos. Quase R$ 1 bilh\u00e3o em b\u00f4nus de assinatura\u00a0devem entrar neste ano. Tamb\u00e9m s\u00e3o esperados R$ 511 bilh\u00f5es em investimentos.<\/p>\n<p>Os quatro blocos se juntam, ent\u00e3o, a outros 24 que j\u00e1 estavam autorizados. Segundo o Minist\u00e9rio de Minas e Energia, o pr\u00f3ximo leil\u00e3o,\u00a0previsto para junho, pode ser o maior j\u00e1 realizado.<\/p>\n<p>No regime de partilha, a empresa que explora o local d\u00e1 parte da produ\u00e7\u00e3o ao governo federal, que pode revender o \u00f3leo. Segundo a Ag\u00eancia Nacional do Petr\u00f3leo, quase 80% da produ\u00e7\u00e3o dos 4,3 milh\u00f5es de\u00a0barris de petr\u00f3leo no ano passado foram extra\u00eddos\u00a0no pr\u00e9-sal.<\/p>\n<p>      <!-- Relacionada --><\/p>\n<p>            <!-- Relacionada -->\n    <\/div>\n<p><br \/>\n<br \/><a href=\"https:\/\/agenciabrasil.ebc.com.br\/economia\/noticia\/2025-02\/anp-leiloa-quatro-blocos-do-pre-sal-na-bacia-de-campos\" rel=\"noopener\">Ag\u00eancia Brasil<\/a><\/p>\n","protected":false},"excerpt":{"rendered":"<p>Mais quatro blocos do pr\u00e9-sal ser\u00e3o licitados\u00a0em regime de partilha de produ\u00e7\u00e3o\u00a0no sistema de Oferta Permanente da Ag\u00eancia Nacional do Petr\u00f3leo, G\u00e1s Natural e Biocombust\u00edveis (ANP).\u00a0Eles ficam na Bacia de Campos, entre Esp\u00edrito Santo e Rio de Janeiro. A decis\u00e3o foi tomada nesta ter\u00e7a-feira (18) pelo Conselho Nacional de Pol\u00edtica Energ\u00e9tica (CNPE). A expectativa \u00e9 [&hellip;]<\/p>\n","protected":false},"author":1,"featured_media":23973,"comment_status":"open","ping_status":"open","sticky":false,"template":"","format":"standard","meta":{"_jetpack_newsletter_access":"","_jetpack_dont_email_post_to_subs":false,"_jetpack_newsletter_tier_id":0,"_jetpack_memberships_contains_paywalled_content":false,"_mbp_banners":[],"_jetpack_feature_clip_id":0,"_jetpack_memberships_contains_paid_content":false,"footnotes":"","jetpack_publicize_message":"","jetpack_publicize_feature_enabled":true,"jetpack_social_post_already_shared":true,"jetpack_social_options":{"image_generator_settings":{"template":"highway","default_image_id":0,"font":"","enabled":false},"version":2},"jetpack_post_was_ever_published":false},"categories":[24],"tags":[],"class_list":["post-23972","post","type-post","status-publish","format-standard","has-post-thumbnail","category-economia"],"jetpack_publicize_connections":[],"jetpack-related-posts":[],"jetpack_shortlink":"https:\/\/wp.me\/p7Eq1F-6eE","jetpack_sharing_enabled":true,"jetpack_featured_media_url":"https:\/\/i0.wp.com\/guialimeira.com.br\/news\/wp-content\/uploads\/2025\/02\/bacia_de_campos_divulgacaopetrobras.jpg?fit=1600%2C800&ssl=1","_links":{"self":[{"href":"https:\/\/guialimeira.com.br\/news\/wp-json\/wp\/v2\/posts\/23972","targetHints":{"allow":["GET"]}}],"collection":[{"href":"https:\/\/guialimeira.com.br\/news\/wp-json\/wp\/v2\/posts"}],"about":[{"href":"https:\/\/guialimeira.com.br\/news\/wp-json\/wp\/v2\/types\/post"}],"author":[{"embeddable":true,"href":"https:\/\/guialimeira.com.br\/news\/wp-json\/wp\/v2\/users\/1"}],"replies":[{"embeddable":true,"href":"https:\/\/guialimeira.com.br\/news\/wp-json\/wp\/v2\/comments?post=23972"}],"version-history":[{"count":0,"href":"https:\/\/guialimeira.com.br\/news\/wp-json\/wp\/v2\/posts\/23972\/revisions"}],"wp:featuredmedia":[{"embeddable":true,"href":"https:\/\/guialimeira.com.br\/news\/wp-json\/wp\/v2\/media\/23973"}],"wp:attachment":[{"href":"https:\/\/guialimeira.com.br\/news\/wp-json\/wp\/v2\/media?parent=23972"}],"wp:term":[{"taxonomy":"category","embeddable":true,"href":"https:\/\/guialimeira.com.br\/news\/wp-json\/wp\/v2\/categories?post=23972"},{"taxonomy":"post_tag","embeddable":true,"href":"https:\/\/guialimeira.com.br\/news\/wp-json\/wp\/v2\/tags?post=23972"}],"curies":[{"name":"wp","href":"https:\/\/api.w.org\/{rel}","templated":true}]}}