{"id":23966,"date":"2025-02-18T20:16:58","date_gmt":"2025-02-18T23:16:58","guid":{"rendered":"https:\/\/guialimeira.com.br\/2025\/02\/18\/dolar-cai-para-r-568-e-fecha-no-menor-nivel-desde-novembro\/"},"modified":"2025-02-18T20:16:58","modified_gmt":"2025-02-18T23:16:58","slug":"dolar-cai-para-r-568-e-fecha-no-menor-nivel-desde-novembro","status":"publish","type":"post","link":"https:\/\/guialimeira.com.br\/news\/dolar-cai-para-r-568-e-fecha-no-menor-nivel-desde-novembro\/","title":{"rendered":"D\u00f3lar cai para R$ 5,68 e fecha no menor n\u00edvel desde novembro"},"content":{"rendered":"<p> <br \/>\n<\/p>\n<div>\n<p>Apesar de oscila\u00e7\u00f5es ao longo do dia, o d\u00f3lar caiu e voltou a fechar abaixo de R$ 5,70, no menor n\u00edvel em mais de tr\u00eas meses, influenciado por um leil\u00e3o do Banco Central (BC) e pela valoriza\u00e7\u00e3o de <em>commodities<\/em> (bens prim\u00e1rios com cota\u00e7\u00e3o internacional). A bolsa de valores teve pequena queda e fechou praticamente est\u00e1vel.<img data-recalc-dims=\"1\" decoding=\"async\" src=\"https:\/\/i0.wp.com\/agenciabrasil.ebc.com.br\/ebc.png?w=696&#038;ssl=1\" style=\"width:1px; height:1px; display:inline;\"\/><img data-recalc-dims=\"1\" decoding=\"async\" src=\"https:\/\/i0.wp.com\/agenciabrasil.ebc.com.br\/ebc.gif?w=696&#038;ssl=1\" style=\"width:1px; height:1px; display:inline;\"\/><\/p>\n<p>O d\u00f3lar comercial encerrou esta ter\u00e7a-feira (18) vendido a R$ 5,689, com queda de R$ 0,016 (-0,41%). A cota\u00e7\u00e3o iniciou o dia em alta, chegando a R$ 5,72 por volta das 11h, mas caiu ap\u00f3s o BC leiloar US$ 3 bilh\u00f5es das reservas internacionais e de o Tesouro anunciar a emiss\u00e3o de t\u00edtulos de dez anos no mercado externo.<\/p>\n<p>A moeda norte-americana est\u00e1 no menor n\u00edvel desde 7 de novembro, quando era vendida a R$ 5,67. Em 2025, a divisa cai 7,93%.<\/p>\n<p>O mercado de a\u00e7\u00f5es teve um dia mais vol\u00e1til. O \u00edndice Ibovespa, da B3, fechou aos 128.532 pontos, com queda de apenas 0,02%, ap\u00f3s tr\u00eas dias seguidos de alta. O indicador chegou a subir 0,58% \u00e0s 12h46, mas recuou num movimento de realiza\u00e7\u00f5es de lucros, quando os investidores vendem pap\u00e9is para embolsarem ganhos recentes.<\/p>\n<p>No exterior, o d\u00f3lar subiu perante a maioria das moedas, mas caiu em rela\u00e7\u00e3o aos pesos colombiano e mexicano, al\u00e9m do real. A valoriza\u00e7\u00e3o das <em>commodities<\/em> estimulou a entrada de recursos no Brasil, al\u00e9m do leil\u00e3o de linha do BC.<\/p>\n<p>Nesta ter\u00e7a-feira, a autoridade monet\u00e1ria vendeu US$ 3 bilh\u00f5es em leil\u00e3o de linha, quando o dinheiro sai das reservas internacionais com o compromisso de ser recomprado pelo BC daqui a alguns meses. Essa foi a quarta interven\u00e7\u00e3o cambial desde o in\u00edcio do ano, quando o Banco Central passou a ser comandado por Gabriel Gal\u00edpolo.<\/p>\n<p>A emiss\u00e3o de <a href=\"https:\/\/agenciabrasil.ebc.com.br\/economia\/noticia\/2025-02\/tesouro-capta-us-25-bi-no-exterior-com-queda-no-spread\" target=\"_blank\" rel=\"noopener\">US$ 2,5 bilh\u00f5es em t\u00edtulos do Tesouro Nacional<\/a> no exterior\u00a0tamb\u00e9m ajudou a impulsionar a confian\u00e7a no Brasil. O governo obteve juros de 6,75% ao ano, a maior taxa em 20 anos, mas conseguiu spread (diferen\u00e7a em rela\u00e7\u00e3o aos juros norte-americanos) de 2,2 pontos percentuais, o menor desde 2019.<\/p>\n<p>* com informa\u00e7\u00f5es da Reuters<\/p>\n<p>      <!-- Relacionada --><\/p>\n<p>            <!-- Relacionada -->\n    <\/div>\n<p><br \/>\n<br \/><a href=\"https:\/\/agenciabrasil.ebc.com.br\/economia\/noticia\/2025-02\/dolar-cai-para-r-568-e-fecha-no-menor-nivel-desde-novembro\" rel=\"noopener\">Ag\u00eancia Brasil<\/a><\/p>\n","protected":false},"excerpt":{"rendered":"<p>Apesar de oscila\u00e7\u00f5es ao longo do dia, o d\u00f3lar caiu e voltou a fechar abaixo de R$ 5,70, no menor n\u00edvel em mais de tr\u00eas meses, influenciado por um leil\u00e3o do Banco Central (BC) e pela valoriza\u00e7\u00e3o de commodities (bens prim\u00e1rios com cota\u00e7\u00e3o internacional). A bolsa de valores teve pequena queda e fechou praticamente est\u00e1vel. [&hellip;]<\/p>\n","protected":false},"author":1,"featured_media":14460,"comment_status":"open","ping_status":"open","sticky":false,"template":"","format":"standard","meta":{"_jetpack_newsletter_access":"","_jetpack_dont_email_post_to_subs":false,"_jetpack_newsletter_tier_id":0,"_jetpack_memberships_contains_paywalled_content":false,"_mbp_banners":[],"_jetpack_feature_clip_id":0,"_jetpack_memberships_contains_paid_content":false,"footnotes":"","jetpack_publicize_message":"","jetpack_publicize_feature_enabled":true,"jetpack_social_post_already_shared":true,"jetpack_social_options":{"image_generator_settings":{"template":"highway","default_image_id":0,"font":"","enabled":false},"version":2},"jetpack_post_was_ever_published":false},"categories":[24],"tags":[],"class_list":["post-23966","post","type-post","status-publish","format-standard","has-post-thumbnail","category-economia"],"jetpack_publicize_connections":[],"jetpack-related-posts":[],"jetpack_shortlink":"https:\/\/wp.me\/p7Eq1F-6ey","jetpack_sharing_enabled":true,"jetpack_featured_media_url":"https:\/\/i0.wp.com\/guialimeira.com.br\/news\/wp-content\/uploads\/2024\/09\/2020-09-28t121101z_1_lynxmpeg8r165_rtroptp_4_dolar-abre.jpg?fit=1600%2C800&ssl=1","_links":{"self":[{"href":"https:\/\/guialimeira.com.br\/news\/wp-json\/wp\/v2\/posts\/23966","targetHints":{"allow":["GET"]}}],"collection":[{"href":"https:\/\/guialimeira.com.br\/news\/wp-json\/wp\/v2\/posts"}],"about":[{"href":"https:\/\/guialimeira.com.br\/news\/wp-json\/wp\/v2\/types\/post"}],"author":[{"embeddable":true,"href":"https:\/\/guialimeira.com.br\/news\/wp-json\/wp\/v2\/users\/1"}],"replies":[{"embeddable":true,"href":"https:\/\/guialimeira.com.br\/news\/wp-json\/wp\/v2\/comments?post=23966"}],"version-history":[{"count":0,"href":"https:\/\/guialimeira.com.br\/news\/wp-json\/wp\/v2\/posts\/23966\/revisions"}],"wp:featuredmedia":[{"embeddable":true,"href":"https:\/\/guialimeira.com.br\/news\/wp-json\/wp\/v2\/media\/14460"}],"wp:attachment":[{"href":"https:\/\/guialimeira.com.br\/news\/wp-json\/wp\/v2\/media?parent=23966"}],"wp:term":[{"taxonomy":"category","embeddable":true,"href":"https:\/\/guialimeira.com.br\/news\/wp-json\/wp\/v2\/categories?post=23966"},{"taxonomy":"post_tag","embeddable":true,"href":"https:\/\/guialimeira.com.br\/news\/wp-json\/wp\/v2\/tags?post=23966"}],"curies":[{"name":"wp","href":"https:\/\/api.w.org\/{rel}","templated":true}]}}