{"id":23953,"date":"2025-02-18T19:03:54","date_gmt":"2025-02-18T22:03:54","guid":{"rendered":"https:\/\/guialimeira.com.br\/2025\/02\/18\/dengue-pelo-menos-10-capitais-nao-vao-ampliar-faixa-etaria-de-vacina\/"},"modified":"2025-02-18T19:03:54","modified_gmt":"2025-02-18T22:03:54","slug":"dengue-pelo-menos-10-capitais-nao-vao-ampliar-faixa-etaria-de-vacina","status":"publish","type":"post","link":"https:\/\/guialimeira.com.br\/news\/dengue-pelo-menos-10-capitais-nao-vao-ampliar-faixa-etaria-de-vacina\/","title":{"rendered":"Dengue: pelo menos 10 capitais n\u00e3o v\u00e3o ampliar faixa et\u00e1ria de vacina"},"content":{"rendered":"<p> <br \/>\n<\/p>\n<div>\n<p>Apesar de o Minist\u00e9rio da Sa\u00fade ter autorizado a <a href=\"https:\/\/agenciabrasil.ebc.com.br\/saude\/noticia\/2025-02\/ministerio-da-saude-amplia-idade-para-receber-vacina-contra-dengue\" target=\"_blank\" rel=\"noopener\">amplia\u00e7\u00e3o da faixa et\u00e1ria<\/a> para o uso de vacinas contra a dengue pr\u00f3ximas ao vencimento, <strong>pelo menos 10\u00a0capitais<\/strong> v\u00e3o manter o esquema priorit\u00e1rio de vacina\u00e7\u00e3o. S\u00e3o elas: Aracaju, Bel\u00e9m, Belo Horizonte, <a href=\"https:\/\/agenciabrasil.ebc.com.br\/saude\/noticia\/2025-02\/df-nao-vai-ampliar-faixa-etaria-para-vacinacao-contra-dengue#:~:text=A%20Secretaria%20de%20Sa%C3%BAde%20do,a%20vacina%C3%A7%C3%A3o%20contra%20a%20dengue.\" target=\"_blank\" rel=\"noopener\">Bras\u00edlia<\/a>, Manaus, Natal, Porto Velho, Recife,\u00a0S\u00e3o Paulo, Salvador e Vit\u00f3ria.<img data-recalc-dims=\"1\" decoding=\"async\" src=\"https:\/\/i0.wp.com\/agenciabrasil.ebc.com.br\/ebc.png?w=696&#038;ssl=1\" style=\"width:1px; height:1px; display:inline;\"\/><img data-recalc-dims=\"1\" decoding=\"async\" src=\"https:\/\/i0.wp.com\/agenciabrasil.ebc.com.br\/ebc.gif?w=696&#038;ssl=1\" style=\"width:1px; height:1px; display:inline;\"\/><\/p>\n<p>A justificativa das prefeituras \u00e9 que <strong>n\u00e3o h\u00e1 doses a vencer nas pr\u00f3ximas semanas<\/strong>. Desta forma,\u00a0a vacina continuar\u00e1 sendo aplicada apenas em adolescentes de 10 a 14 anos nestas capitais.<\/p>\n<p>No\u00a0Rio de Janeiro, j\u00e1 havia\u00a0ampliado a faixa et\u00e1ria em janeiro e assim vai manter o esquema, com vacina\u00e7\u00e3o para quem tem de 10\u00a0e 16 anos.<\/p>\n<p>Em Porto Velho, capital de Rond\u00f4nia, todas as doses recebidas j\u00e1 foram aplicadas. De acordo com a prefeitura, a falta de estoque foi comunicada ao Minist\u00e9rio da Sa\u00fade, &#8220;que prometeu reabastecimento em breve&#8221;.<\/p>\n<p>Em Aracaju, no Sergipe, restam poucas vacinas. A cidade j\u00e1 aplicou 19.488 doses, das 20.327. Restam portanto, cerca de 800 doses dispon\u00edveis nos postos de sa\u00fade. Com isso, a cidade tem hoje a maior cobertura entre as capitais que enviaram informa\u00e7\u00f5es \u00e0 <strong>Ag\u00eancia Brasil<\/strong>: 69,90%, considerando apenas a primeira dose.<\/p>\n<p>Em Vit\u00f3ria, no Esp\u00edrito Santo, a\u00a0primeira etapa da imuniza\u00e7\u00e3o\u00a0superou 66% do p\u00fablico-alvo. Por outro lado, em Bel\u00e9m, no Par\u00e1, apenas 10,63% do p\u00fablico-alvo recebeu a primeira dose, o que representa menos de 9 mil pessoas.<\/p>\n<p>O esquema de vacina\u00e7\u00e3o contra dengue prev\u00ea a aplica\u00e7\u00e3o de duas doses, com intervalo de tr\u00eas meses entre a primeira e a segunda, o que tem sido um desafio em v\u00e1rias capitais. \u00a0Em Salvador, mais de 95 mil vacinas foram administradas, mas menos de 27 mil crian\u00e7as e adolescentes tomaram as duas doses, o que corresponde a cerca de apenas 12% do p\u00fablico-alvo.<\/p>\n<p>Situa\u00e7\u00e3o semelhante \u00e9 vista em Natal, no Rio Grande do Norte, onde quase 20 mil pessoas receberam a primeira dose do imunizante, sendo que mais de 10 mil j\u00e1 deveriam ter recebido a segunda, mas ainda n\u00e3o compareceram ao posto de sa\u00fade. Em Belo Horizonte, Minas Gerais, a diferen\u00e7a \u00e9 ainda maior: mais de 100 mil vacinas foram aplicadas como primeira dose e menos de 37 mil como segunda. Atualmente, a cobertura vacinal est\u00e1 em 45% considerando a primeira dose e 16,35% na segunda dose.<\/p>\n<p>Tamb\u00e9m chama aten\u00e7\u00e3o a disparidade em Recife, onde a cobertura continua muito abaixo do ideal mesmo na primeira dose &#8211; 24,8% -, e est\u00e1 em apenas 6,5%, considerando o esquema vacinal completo.<\/p>\n<p>As duas maiores cidades do pa\u00eds apresentam n\u00fameros parecidos. No Rio de Janeiro, quase quase 240 mil doses\u00a0foram aplicadas, mas apenas 68 mil crian\u00e7as e adolescentes, aproximadamente, est\u00e3o completamente imunizadas, o que corresponde a 20% do p\u00fablico-alvo total. A propor\u00e7\u00e3o \u00e9 semelhante em S\u00e3o Paulo, que j\u00e1 aplicou mais de 274 mil primeiras doses, ou 40,91% da meta, mas menos de 140 mil pessoas receberam o esquema completo.<\/p>\n<h2>Veja na TV Brasil<\/h2>\n<h2>\u00a0<\/h2>\n<p><span class=\"embed-youtube\" style=\"text-align:center; display: block;\"><iframe loading=\"lazy\" class=\"youtube-player\" width=\"696\" height=\"392\" src=\"https:\/\/www.youtube.com\/embed\/db6zKqAvF6Y?version=3&#038;rel=1&#038;showsearch=0&#038;showinfo=1&#038;iv_load_policy=1&#038;fs=1&#038;hl=pt-BR&#038;autohide=2&#038;wmode=transparent\" allowfullscreen=\"true\" style=\"border:0;\" sandbox=\"allow-scripts allow-same-origin allow-popups allow-presentation allow-popups-to-escape-sandbox\"><\/iframe><\/span><\/p>\n<p>      <!-- Relacionada --><\/p>\n<p>            <!-- Relacionada -->\n    <\/div>\n<p><br \/>\n<br \/><a href=\"https:\/\/agenciabrasil.ebc.com.br\/saude\/noticia\/2025-02\/dengue-pelo-menos-10-capitais-nao-vao-ampliar-faixa-etaria-de-vacina\" rel=\"noopener\">Ag\u00eancia Brasil <\/a><\/p>\n","protected":false},"excerpt":{"rendered":"<p>Apesar de o Minist\u00e9rio da Sa\u00fade ter autorizado a amplia\u00e7\u00e3o da faixa et\u00e1ria para o uso de vacinas contra a dengue pr\u00f3ximas ao vencimento, pelo menos 10\u00a0capitais v\u00e3o manter o esquema priorit\u00e1rio de vacina\u00e7\u00e3o. S\u00e3o elas: Aracaju, Bel\u00e9m, Belo Horizonte, Bras\u00edlia, Manaus, Natal, Porto Velho, Recife,\u00a0S\u00e3o Paulo, Salvador e Vit\u00f3ria. A justificativa das prefeituras \u00e9 [&hellip;]<\/p>\n","protected":false},"author":1,"featured_media":1429,"comment_status":"open","ping_status":"open","sticky":false,"template":"","format":"standard","meta":{"_jetpack_newsletter_access":"","_jetpack_dont_email_post_to_subs":false,"_jetpack_newsletter_tier_id":0,"_jetpack_memberships_contains_paywalled_content":false,"_mbp_banners":[],"_jetpack_feature_clip_id":0,"_jetpack_memberships_contains_paid_content":false,"footnotes":"","jetpack_publicize_message":"","jetpack_publicize_feature_enabled":true,"jetpack_social_post_already_shared":true,"jetpack_social_options":{"image_generator_settings":{"template":"highway","default_image_id":0,"font":"","enabled":false},"version":2},"jetpack_post_was_ever_published":false},"categories":[15],"tags":[],"class_list":["post-23953","post","type-post","status-publish","format-standard","has-post-thumbnail","category-saude"],"jetpack_publicize_connections":[],"jetpack-related-posts":[],"jetpack_shortlink":"https:\/\/wp.me\/p7Eq1F-6el","jetpack_sharing_enabled":true,"jetpack_featured_media_url":"https:\/\/i0.wp.com\/guialimeira.com.br\/news\/wp-content\/uploads\/2024\/04\/img_9341.jpg?fit=1600%2C800&ssl=1","_links":{"self":[{"href":"https:\/\/guialimeira.com.br\/news\/wp-json\/wp\/v2\/posts\/23953","targetHints":{"allow":["GET"]}}],"collection":[{"href":"https:\/\/guialimeira.com.br\/news\/wp-json\/wp\/v2\/posts"}],"about":[{"href":"https:\/\/guialimeira.com.br\/news\/wp-json\/wp\/v2\/types\/post"}],"author":[{"embeddable":true,"href":"https:\/\/guialimeira.com.br\/news\/wp-json\/wp\/v2\/users\/1"}],"replies":[{"embeddable":true,"href":"https:\/\/guialimeira.com.br\/news\/wp-json\/wp\/v2\/comments?post=23953"}],"version-history":[{"count":0,"href":"https:\/\/guialimeira.com.br\/news\/wp-json\/wp\/v2\/posts\/23953\/revisions"}],"wp:featuredmedia":[{"embeddable":true,"href":"https:\/\/guialimeira.com.br\/news\/wp-json\/wp\/v2\/media\/1429"}],"wp:attachment":[{"href":"https:\/\/guialimeira.com.br\/news\/wp-json\/wp\/v2\/media?parent=23953"}],"wp:term":[{"taxonomy":"category","embeddable":true,"href":"https:\/\/guialimeira.com.br\/news\/wp-json\/wp\/v2\/categories?post=23953"},{"taxonomy":"post_tag","embeddable":true,"href":"https:\/\/guialimeira.com.br\/news\/wp-json\/wp\/v2\/tags?post=23953"}],"curies":[{"name":"wp","href":"https:\/\/api.w.org\/{rel}","templated":true}]}}