{"id":2395,"date":"2024-04-22T23:54:44","date_gmt":"2024-04-23T02:54:44","guid":{"rendered":"https:\/\/guialimeira.com.br\/2024\/04\/22\/espetaculo-presta-homenagem-ao-maestro-umberto-cantoni-portal-do-municipio-de-piracicaba\/"},"modified":"2024-04-22T23:54:44","modified_gmt":"2024-04-23T02:54:44","slug":"espetaculo-presta-homenagem-ao-maestro-umberto-cantoni-portal-do-municipio-de-piracicaba","status":"publish","type":"post","link":"https:\/\/guialimeira.com.br\/news\/espetaculo-presta-homenagem-ao-maestro-umberto-cantoni-portal-do-municipio-de-piracicaba\/","title":{"rendered":"Espet\u00e1culo presta homenagem ao maestro Umberto Cantoni \u2013 Portal do Munic\u00edpio de Piracicaba"},"content":{"rendered":"<p> <br \/>\n<\/p>\n<div>\n<figure class=\"text-center\">\n<img data-recalc-dims=\"1\" width=\"696\" height=\"464\" src=\"https:\/\/i0.wp.com\/piracicaba.sp.gov.br\/wp-content\/uploads\/2024\/04\/O-espetaculo-rememora-a-vida-e-obra-do-maestro-Umberto-Cantoni-1024x682.jpeg?resize=696%2C464&#038;ssl=1\" class=\"img-fluid img-thumbnail border-1 wp-post-image\" alt=\"O espet\u00e1culo rememora a vida e obra do maestro Umberto Cantoni\" itemprop=\"image\" decoding=\"async\" fetchpriority=\"high\" srcset=\"https:\/\/piracicaba.sp.gov.br\/wp-content\/uploads\/2024\/04\/O-espetaculo-rememora-a-vida-e-obra-do-maestro-Umberto-Cantoni-1024x682.jpeg 1024w, https:\/\/piracicaba.sp.gov.br\/wp-content\/uploads\/2024\/04\/O-espetaculo-rememora-a-vida-e-obra-do-maestro-Umberto-Cantoni-300x200.jpeg 300w, https:\/\/piracicaba.sp.gov.br\/wp-content\/uploads\/2024\/04\/O-espetaculo-rememora-a-vida-e-obra-do-maestro-Umberto-Cantoni-768x512.jpeg 768w, https:\/\/piracicaba.sp.gov.br\/wp-content\/uploads\/2024\/04\/O-espetaculo-rememora-a-vida-e-obra-do-maestro-Umberto-Cantoni.jpeg 1280w\" sizes=\"(max-width: 1024px) 100vw, 1024px\"\/><figcaption class=\"text-center small fw-bold fst-italic mt-1\">O espet\u00e1culo rememora a vida e obra do maestro Umberto Cantoni<\/figcaption><\/figure>\n<p>Com apoio da Prefeitura, por meio da Semac (Secretaria Municipal da A\u00e7\u00e3o Cultural), o Grupo Amigos do Coral Unimep, com participa\u00e7\u00e3o da Cia do Tijolo de S\u00e3o Paulo e artistas piracicabanos, realizam nesta quarta-feira, 24\/04, \u00e0s 19h30, no Sesc Piracicaba, uma grande homenagem ao maestro, tradutor, poeta e professor Umberto Cantoni, que faleceu em 2022 aos 92 anos de idade. O espet\u00e1culo c\u00eanico musical Cantoni \u2013 O Legado Cultural de um Maestro acontece no anfiteatro da unidade local e a entrada \u00e9 gratuita.<\/p>\n<p>O espet\u00e1culo rememora uma vida dedicada \u00e0 cultura brasileira e, em especial \u00e0 cultura piracicabana, pelo maestro Umberto Cantoni. Cantoni foi por 22 anos docente da Unimep (Universidade Metodista de Piracicaba), regente de v\u00e1rios grupos musicais e respons\u00e1vel pelo Festival Nacional de Canto de Piracicaba e \u00c1guas de S\u00e3o Pedro.<\/p>\n<p>Cantoni \u2013 O Legado Cultural de um Maestro ainda ter\u00e1 participa\u00e7\u00e3o de v\u00e1rios m\u00fasicos e ex-coralistas como Nivaldo Santos, Marcos Abreu, Ana Foizer, Paulo Caiu\u00e1, Sheila Matos e os atores Antonio Chap\u00e9u e Jorge Lode.<\/p>\n<p>No encerramento, a Cia do Tijolo de S\u00e3o Paulo apresentar\u00e1 O Avesso do Claustro. A montagem revela um pouco da vida e obra de Dom Helder C\u00e2mara, Arcebispo em\u00e9rito de Olinda e Recife. Junto com ele, atores, personagens, palco e plateia buscam reaprender a imaginar novos mundos poss\u00edveis em tempos obscuros.<\/p>\n<p>O maestro Cantoni regeu o Coral Unimep, quando Dom Helder recebeu o t\u00edtulo de Doutor Hon\u00f3ris Causa, na Universidade Metodista de Piracicaba, em 1984. J\u00e1 em 2016, Umberto participou da apresenta\u00e7\u00e3o da pe\u00e7a Cantata para um bastidor de Utopia,\u00a0da Cia do Tijolo, que faz refer\u00eancia \u00e0 ditadura militar no Brasil.<\/p>\n<p><strong>SERVI\u00c7O<\/strong>\u00a0\u2013 Apresenta\u00e7\u00e3o c\u00eanica musical Cantoni \u2013 O Legado Cultural de um Maestro. Quarta-feira, 24\/04, \u00e0s 19h30 no anfiteatro do Sesc Piracicaba. Na rua Ipiranga, 156. Entrada gratuita. Informa\u00e7\u00f5es: 3432-9292.<\/p>\n<\/div>\n<p><br \/>\n<br \/><a href=\"https:\/\/piracicaba.sp.gov.br\/noticias\/espetaculo-presta-homenagem-ao-maestro-umberto-cantoni\/\" rel=\"noopener\">Informa\u00e7\u00f5es PMP <\/a><\/p>\n","protected":false},"excerpt":{"rendered":"<p>O espet\u00e1culo rememora a vida e obra do maestro Umberto Cantoni Com apoio da Prefeitura, por meio da Semac (Secretaria Municipal da A\u00e7\u00e3o Cultural), o Grupo Amigos do Coral Unimep, com participa\u00e7\u00e3o da Cia do Tijolo de S\u00e3o Paulo e artistas piracicabanos, realizam nesta quarta-feira, 24\/04, \u00e0s 19h30, no Sesc Piracicaba, uma grande homenagem ao [&hellip;]<\/p>\n","protected":false},"author":1,"featured_media":2396,"comment_status":"open","ping_status":"open","sticky":false,"template":"","format":"standard","meta":{"_jetpack_newsletter_access":"","_jetpack_dont_email_post_to_subs":false,"_jetpack_newsletter_tier_id":0,"_jetpack_memberships_contains_paywalled_content":false,"_mbp_banners":[],"_jetpack_feature_clip_id":0,"_jetpack_memberships_contains_paid_content":false,"footnotes":"","jetpack_publicize_message":"","jetpack_publicize_feature_enabled":true,"jetpack_social_post_already_shared":true,"jetpack_social_options":{"image_generator_settings":{"template":"highway","default_image_id":0,"font":"","enabled":false},"version":2},"jetpack_post_was_ever_published":false},"categories":[20],"tags":[],"class_list":["post-2395","post","type-post","status-publish","format-standard","has-post-thumbnail","category-regiao"],"jetpack_publicize_connections":[],"jetpack-related-posts":[],"jetpack_shortlink":"https:\/\/wp.me\/p7Eq1F-CD","jetpack_sharing_enabled":true,"jetpack_featured_media_url":"https:\/\/i0.wp.com\/guialimeira.com.br\/news\/wp-content\/uploads\/2024\/04\/O-espetaculo-rememora-a-vida-e-obra-do-maestro-Umberto-Cantoni.jpeg?fit=1280%2C853&ssl=1","_links":{"self":[{"href":"https:\/\/guialimeira.com.br\/news\/wp-json\/wp\/v2\/posts\/2395","targetHints":{"allow":["GET"]}}],"collection":[{"href":"https:\/\/guialimeira.com.br\/news\/wp-json\/wp\/v2\/posts"}],"about":[{"href":"https:\/\/guialimeira.com.br\/news\/wp-json\/wp\/v2\/types\/post"}],"author":[{"embeddable":true,"href":"https:\/\/guialimeira.com.br\/news\/wp-json\/wp\/v2\/users\/1"}],"replies":[{"embeddable":true,"href":"https:\/\/guialimeira.com.br\/news\/wp-json\/wp\/v2\/comments?post=2395"}],"version-history":[{"count":0,"href":"https:\/\/guialimeira.com.br\/news\/wp-json\/wp\/v2\/posts\/2395\/revisions"}],"wp:featuredmedia":[{"embeddable":true,"href":"https:\/\/guialimeira.com.br\/news\/wp-json\/wp\/v2\/media\/2396"}],"wp:attachment":[{"href":"https:\/\/guialimeira.com.br\/news\/wp-json\/wp\/v2\/media?parent=2395"}],"wp:term":[{"taxonomy":"category","embeddable":true,"href":"https:\/\/guialimeira.com.br\/news\/wp-json\/wp\/v2\/categories?post=2395"},{"taxonomy":"post_tag","embeddable":true,"href":"https:\/\/guialimeira.com.br\/news\/wp-json\/wp\/v2\/tags?post=2395"}],"curies":[{"name":"wp","href":"https:\/\/api.w.org\/{rel}","templated":true}]}}