{"id":23941,"date":"2025-02-18T17:13:56","date_gmt":"2025-02-18T20:13:56","guid":{"rendered":"https:\/\/guialimeira.com.br\/2025\/02\/18\/cnpe-autoriza-participacao-brasileira-em-forum-da-opep\/"},"modified":"2025-02-18T17:13:56","modified_gmt":"2025-02-18T20:13:56","slug":"cnpe-autoriza-participacao-brasileira-em-forum-da-opep","status":"publish","type":"post","link":"https:\/\/guialimeira.com.br\/news\/cnpe-autoriza-participacao-brasileira-em-forum-da-opep\/","title":{"rendered":"CNPE autoriza participa\u00e7\u00e3o brasileira em f\u00f3rum da Opep+"},"content":{"rendered":"<p> <br \/>\n<\/p>\n<div>\n<p>O Conselho Nacional de Pol\u00edtica Energ\u00e9tica (CNPE) autorizou a entrada do Brasil em alguns organismos internacionais que, segundo o ministro de Minas e Energia, Alexandre Silveira, s\u00e3o fundamentais para o futuro das energias no mundo: a Ag\u00eancia Internacional de Energia (IEA); e a Ag\u00eancia Internacional de Energia Renov\u00e1vel (Irena).<img data-recalc-dims=\"1\" decoding=\"async\" src=\"https:\/\/i0.wp.com\/agenciabrasil.ebc.com.br\/ebc.png?w=696&#038;ssl=1\" style=\"width:1px; height:1px; display:inline;\"\/><img data-recalc-dims=\"1\" decoding=\"async\" src=\"https:\/\/i0.wp.com\/agenciabrasil.ebc.com.br\/ebc.gif?w=696&#038;ssl=1\" style=\"width:1px; height:1px; display:inline;\"\/><\/p>\n<p>Al\u00e9m disso, foi autorizada a participa\u00e7\u00e3o brasileira em um f\u00f3rum criado pela Opep+, visando coopera\u00e7\u00f5es entre\u00a0pa\u00edses produtores de petr\u00f3leo. \u201cAutorizamos a ades\u00e3o \u00e0 carta de coopera\u00e7\u00e3o, mas isso n\u00e3o gera obriga\u00e7\u00e3o vinculante ao Brasil\u201d, disse o ministro.<\/p>\n<p>Silveira falou sobre o assunto ap\u00f3s participar da reuni\u00e3o do CNPE em Bras\u00edlia. Ele lembrou que o Brasil foi convidado para fazer parte da carta de coopera\u00e7\u00e3o dos pa\u00edses produtores de petr\u00f3leo durante uma\u00a0visita do presidente Lula aos Emirados \u00c1rabes, na COP28.<\/p>\n<p>De acordo com o ministro, trata-se apenas de uma carta em um f\u00f3rum de discuss\u00e3o de estrat\u00e9gias dos pa\u00edses produtores de petr\u00f3leo, e que o pa\u00eds n\u00e3o pode se envergonhar de ser um grande produtor de petr\u00f3leo.<\/p>\n<p>Silveira ressaltou que o pa\u00eds precisa crescer, se desenvolver, gerar renda, emprego e oportunidades para seus cidad\u00e3os, e que os tributos obtidos nesse setor poder\u00e3o ser aplicados em \u00e1reas como educa\u00e7\u00e3o, sa\u00fade e seguran\u00e7a.<\/p>\n<h2>Transi\u00e7\u00e3o energ\u00e9tica<\/h2>\n<blockquote>\n<p>\u201cO Brasil \u00e9 o l\u00edder das energias limpas e renov\u00e1veis e \u00e9 l\u00edder da transi\u00e7\u00e3o energ\u00e9tica global. Ele n\u00e3o pode deixar de participar de um f\u00f3rum, em especial nesse momento&#8221;, disse o ministro.<\/p>\n<\/blockquote>\n<p>&#8220;\u00c9 importante ressaltar: o Brasil tem, na figura do presidente Lula, o maior l\u00edder capaz de fortalecer uma governan\u00e7a global para transi\u00e7\u00e3o energ\u00e9tica. Em especial, quando as loucuras se sobrep\u00f5em \u00e0 racionalidade\u201d, completou Silveira, ao se referir \u00e0s recentes mudan\u00e7as no cen\u00e1rio pol\u00edtico dos Estados Unidos (EUA).<\/p>\n<p>O CNPE autorizou tamb\u00e9m o in\u00edcio do processo de ades\u00e3o \u00e0 Ag\u00eancia Internacional de Energia, bem como a participa\u00e7\u00e3o na Ag\u00eancia Internacional de Energia Renov\u00e1vel. Para Silveira, estas ag\u00eancias fortalecem o pa\u00eds do ponto de vista da transi\u00e7\u00e3o energ\u00e9tica. &#8220;Em especial, nos fortalecem na agenda dos biocombust\u00edveis. Queremos uma transi\u00e7\u00e3o energ\u00e9tica justa, inclusiva e equilibrada.\u201d<\/p>\n<h2>Greenpeace<\/h2>\n<p>Especialista em pol\u00edtica internacional do Greenpeace Brasil, Camila Jardim criticou a ades\u00e3o brasileira ao f\u00f3rum criado pela Opep+ .<\/p>\n<p>\u201cEm meio a mais uma onda brutal de calor e recordes sucessivos nas altas de temperatura, o Brasil vai na contram\u00e3o ao buscar integrar a Opep+, um grupo que funciona como um cartel do petr\u00f3leo e que trabalha para sustentar pre\u00e7os lucrativos por meio do controle da oferta\u201d, disse a especialista.<\/p>\n<h2>Margem Equatorial<\/h2>\n<p>Alexandre Silveira falou tamb\u00e9m sobre o interesse brasileiro em ampliar os conhecimentos sobre supostas reservas petrol\u00edferas que estariam no subsolo da Margem Equatorial, localizada no delta do Rio Amazonas, na Regi\u00e3o Norte.<\/p>\n<p>\u201cN\u00e3o explorar ou n\u00e3o conhecer a Margem Equatorial, e dar o direito aos brasileiros de conhecer as nossas potencialidades minerais, seria uma insanidade\u201d, disse o ministro, ao classificar como \u201cquest\u00e3o ideol\u00f3gica\u201d opini\u00f5es divergentes. \u201cN\u00e3o tem racionalidade porque, primeiro, \u00e9 estrat\u00e9gico conhecer os potenciais\u201d, disse, em meio a argumenta\u00e7\u00f5es de que o petr\u00f3leo ainda \u00e9 uma quest\u00e3o de demanda global.<\/p>\n<p>Essa demanda seria suprida por grupos como o da\u00a0Saudi Aramco, empresa estatal petrol\u00edfera da Ar\u00e1bia Saudita, considerada a maior do mundo em termos de produ\u00e7\u00e3o e reservas de petr\u00f3leo cru.<\/p>\n<p>\u201cPara se ter uma ideia, a Petrobras vale US$ 100 bilh\u00f5es. J\u00e1 a Saudi Aramco\u00a0vale US$ 1,8 trilh\u00e3o na bolsa. Ela equivale a 18 Petrobras\u201d, argumentou o ministro.<\/p>\n<p>      <!-- Relacionada --><\/p>\n<p>            <!-- Relacionada -->\n    <\/div>\n<p><br \/>\n<br \/><a href=\"https:\/\/agenciabrasil.ebc.com.br\/economia\/noticia\/2025-02\/cnpe-autoriza-participacao-brasileira-em-forum-da-opep\" rel=\"noopener\">Ag\u00eancia Brasil<\/a><\/p>\n","protected":false},"excerpt":{"rendered":"<p>O Conselho Nacional de Pol\u00edtica Energ\u00e9tica (CNPE) autorizou a entrada do Brasil em alguns organismos internacionais que, segundo o ministro de Minas e Energia, Alexandre Silveira, s\u00e3o fundamentais para o futuro das energias no mundo: a Ag\u00eancia Internacional de Energia (IEA); e a Ag\u00eancia Internacional de Energia Renov\u00e1vel (Irena). Al\u00e9m disso, foi autorizada a participa\u00e7\u00e3o [&hellip;]<\/p>\n","protected":false},"author":1,"featured_media":23942,"comment_status":"open","ping_status":"open","sticky":false,"template":"","format":"standard","meta":{"_jetpack_newsletter_access":"","_jetpack_dont_email_post_to_subs":false,"_jetpack_newsletter_tier_id":0,"_jetpack_memberships_contains_paywalled_content":false,"_mbp_banners":[],"_jetpack_feature_clip_id":0,"_jetpack_memberships_contains_paid_content":false,"footnotes":"","jetpack_publicize_message":"","jetpack_publicize_feature_enabled":true,"jetpack_social_post_already_shared":true,"jetpack_social_options":{"image_generator_settings":{"template":"highway","default_image_id":0,"font":"","enabled":false},"version":2},"jetpack_post_was_ever_published":false},"categories":[24],"tags":[],"class_list":["post-23941","post","type-post","status-publish","format-standard","has-post-thumbnail","category-economia"],"jetpack_publicize_connections":[],"jetpack-related-posts":[],"jetpack_shortlink":"https:\/\/wp.me\/p7Eq1F-6e9","jetpack_sharing_enabled":true,"jetpack_featured_media_url":"https:\/\/i0.wp.com\/guialimeira.com.br\/news\/wp-content\/uploads\/2025\/02\/reuniao-cnpe_mcamgo_abr_18022025-9.jpg?fit=1600%2C800&ssl=1","_links":{"self":[{"href":"https:\/\/guialimeira.com.br\/news\/wp-json\/wp\/v2\/posts\/23941","targetHints":{"allow":["GET"]}}],"collection":[{"href":"https:\/\/guialimeira.com.br\/news\/wp-json\/wp\/v2\/posts"}],"about":[{"href":"https:\/\/guialimeira.com.br\/news\/wp-json\/wp\/v2\/types\/post"}],"author":[{"embeddable":true,"href":"https:\/\/guialimeira.com.br\/news\/wp-json\/wp\/v2\/users\/1"}],"replies":[{"embeddable":true,"href":"https:\/\/guialimeira.com.br\/news\/wp-json\/wp\/v2\/comments?post=23941"}],"version-history":[{"count":0,"href":"https:\/\/guialimeira.com.br\/news\/wp-json\/wp\/v2\/posts\/23941\/revisions"}],"wp:featuredmedia":[{"embeddable":true,"href":"https:\/\/guialimeira.com.br\/news\/wp-json\/wp\/v2\/media\/23942"}],"wp:attachment":[{"href":"https:\/\/guialimeira.com.br\/news\/wp-json\/wp\/v2\/media?parent=23941"}],"wp:term":[{"taxonomy":"category","embeddable":true,"href":"https:\/\/guialimeira.com.br\/news\/wp-json\/wp\/v2\/categories?post=23941"},{"taxonomy":"post_tag","embeddable":true,"href":"https:\/\/guialimeira.com.br\/news\/wp-json\/wp\/v2\/tags?post=23941"}],"curies":[{"name":"wp","href":"https:\/\/api.w.org\/{rel}","templated":true}]}}