{"id":23936,"date":"2025-02-18T17:01:51","date_gmt":"2025-02-18T20:01:51","guid":{"rendered":"https:\/\/guialimeira.com.br\/2025\/02\/18\/df-nao-vai-ampliar-faixa-etaria-para-vacinacao-contra-a-dengue\/"},"modified":"2025-02-18T17:01:51","modified_gmt":"2025-02-18T20:01:51","slug":"df-nao-vai-ampliar-faixa-etaria-para-vacinacao-contra-a-dengue","status":"publish","type":"post","link":"https:\/\/guialimeira.com.br\/news\/df-nao-vai-ampliar-faixa-etaria-para-vacinacao-contra-a-dengue\/","title":{"rendered":"DF n\u00e3o vai ampliar faixa et\u00e1ria para vacina\u00e7\u00e3o contra a dengue"},"content":{"rendered":"<p> <br \/>\n<\/p>\n<div>\n<p>A Secretaria de Sa\u00fade do Distrito Federal informou que <strong>n\u00e3o vai ampliar a faixa et\u00e1ria<\/strong> definida para a <strong>vacina\u00e7\u00e3o contra a dengue<\/strong>. Desta forma, apenas quem tem\u00a0entre 10 e 14 anos pode ser imunizado contra a doen\u00e7a.<img data-recalc-dims=\"1\" decoding=\"async\" src=\"https:\/\/i0.wp.com\/agenciabrasil.ebc.com.br\/ebc.png?w=696&#038;ssl=1\" style=\"width:1px; height:1px; display:inline;\"\/><img data-recalc-dims=\"1\" decoding=\"async\" src=\"https:\/\/i0.wp.com\/agenciabrasil.ebc.com.br\/ebc.gif?w=696&#038;ssl=1\" style=\"width:1px; height:1px; display:inline;\"\/><\/p>\n<p>Segundo a secretaria, as <strong>doses dispon\u00edveis <\/strong>no Distrito Federal\u00a0<strong>t\u00eam validade at\u00e9 dezembro de 2025<\/strong> e, portanto, <strong>n\u00e3o atendem ao crit\u00e9rio de amplia\u00e7\u00e3o<\/strong> citado em <a href=\"https:\/\/agenciabrasil.ebc.com.br\/saude\/noticia\/2025-02\/ministerio-da-saude-amplia-idade-para-receber-vacina-contra-dengue\" target=\"_blank\" rel=\"noopener\">nota t\u00e9cnica do Minist\u00e9rio da Sa\u00fade<\/a>.<\/p>\n<h2>Entenda<\/h2>\n<div class=\"dnd-widget-wrapper context-cheio_8colunas type-image atom-align-center\">\n<div class=\"dnd-atom-rendered\"><!-- scald=379340:cheio_8colunas {\"additionalClasses\":\"\"} --><br \/>\n            <img data-recalc-dims=\"1\" decoding=\"async\" src=\"https:\/\/i0.wp.com\/imagens.ebc.com.br\/HWBO00aHOF-jNoxG8gVRCy38tPw%3D\/754x0\/smart\/https%3A\/\/agenciabrasil.ebc.com.br\/sites\/default\/files\/thumbnails\/image\/2024\/04\/04\/img_9278.jpg?w=696&#038;ssl=1\" alt=\"S\u00e3o Paulo (SP), 04\/04\/2024 - Detralhe do frasco da vacina Qdenga contra dengue, hoje foi primeiro dia de vacina\u00e7\u00e3o contra dengue em crian\u00e7as de 10 a 14 anos na Unidade  B\u00e1sica de Sa\u00fade - UBS Vila Jaguara, na\u00a0regi\u00e3o\u00a0oeste.&#13;&#10;Foto: Rovena Rosa\/Ag\u00eancia Brasil\" title=\"Rovena Rosa\/Ag\u00eancia Brasil\"\/><br \/>\n        <img data-recalc-dims=\"1\" decoding=\"async\" src=\"https:\/\/i0.wp.com\/imagens.ebc.com.br\/HWBO00aHOF-jNoxG8gVRCy38tPw%3D\/754x0\/smart\/https%3A\/\/agenciabrasil.ebc.com.br\/sites\/default\/files\/thumbnails\/image\/2024\/04\/04\/img_9278.jpg?w=696&#038;ssl=1\" alt=\"S\u00e3o Paulo (SP), 04\/04\/2024 - Detralhe do frasco da vacina Qdenga contra dengue, hoje foi primeiro dia de vacina\u00e7\u00e3o contra dengue em crian\u00e7as de 10 a 14 anos na Unidade  B\u00e1sica de Sa\u00fade - UBS Vila Jaguara, na\u00a0regi\u00e3o\u00a0oeste.&#13;&#10;Foto: Rovena Rosa\/Ag\u00eancia Brasil\" title=\"Rovena Rosa\/Ag\u00eancia Brasil\"\/><br \/>\n    <!-- END scald=379340 --><\/div>\n<p><h6 class=\"meta\"><!--copyright=379340-->Vacina Qdenga \u00e9 aplicada em crian\u00e7as de 10 a 14 anos. Foto: <strong>Rovena Rosa\/Ag\u00eancia Brasil<\/strong><!--END copyright=379340--><\/h6>\n<\/p>\n<\/div>\n<p>Na \u00faltima sexta-feira (14), o minist\u00e9rio informou que vacinas contra a dengue que estiverem pr\u00f3ximas \u00e0s datas de vencimento poder\u00e3o ser aplicadas em pessoas com idades fora da faixa et\u00e1ria estipulada para o Sistema \u00danico de Sa\u00fade (SUS).<\/p>\n<p>Segundo a pasta, as doses em quest\u00e3o tamb\u00e9m poder\u00e3o ser remanejadas para munic\u00edpios ainda n\u00e3o contemplados pela vacina\u00e7\u00e3o. O objetivo \u00e9 garantir que todos os imunizantes adquiridos cheguem \u00e0 popula\u00e7\u00e3o.<\/p>\n<p>De acordo com a nota t\u00e9cnica, as doses com prazo de dois meses de validade poder\u00e3o ser remanejadas ou aplicadas em uma faixa et\u00e1ria ampliada que contempla crian\u00e7as e adolescentes de seis a 16 anos.<\/p>\n<p>J\u00e1 no caso de doses que t\u00eam apenas um m\u00eas de validade, a vacina\u00e7\u00e3o contra a dengue poder\u00e1 ser expandida at\u00e9 o limite et\u00e1rio especificado na bula da vacina \u2013 de quatro a 59 anos, 11 meses e 29 dias.<\/p>\n<p>\u00a0<\/p>\n<p><em>*Mat\u00e9ria foi atualizada \u00e0s 16h15 para corre\u00e7\u00e3o de informa\u00e7\u00e3o. As doses dispon\u00edveis no DF t\u00eam validade at\u00e9 dezembro de 2025.\u00a0<\/em><\/p>\n<p>      <!-- Relacionada --><\/p>\n<p>            <!-- Relacionada -->\n    <\/div>\n<p><br \/>\n<br \/><a href=\"https:\/\/agenciabrasil.ebc.com.br\/saude\/noticia\/2025-02\/df-nao-vai-ampliar-faixa-etaria-para-vacinacao-contra-dengue\" rel=\"noopener\">Ag\u00eancia Brasil <\/a><\/p>\n","protected":false},"excerpt":{"rendered":"<p>A Secretaria de Sa\u00fade do Distrito Federal informou que n\u00e3o vai ampliar a faixa et\u00e1ria definida para a vacina\u00e7\u00e3o contra a dengue. Desta forma, apenas quem tem\u00a0entre 10 e 14 anos pode ser imunizado contra a doen\u00e7a. Segundo a secretaria, as doses dispon\u00edveis no Distrito Federal\u00a0t\u00eam validade at\u00e9 dezembro de 2025 e, portanto, n\u00e3o atendem [&hellip;]<\/p>\n","protected":false},"author":1,"featured_media":2794,"comment_status":"open","ping_status":"open","sticky":false,"template":"","format":"standard","meta":{"_jetpack_newsletter_access":"","_jetpack_dont_email_post_to_subs":false,"_jetpack_newsletter_tier_id":0,"_jetpack_memberships_contains_paywalled_content":false,"_mbp_banners":[],"_jetpack_feature_clip_id":0,"_jetpack_memberships_contains_paid_content":false,"footnotes":"","jetpack_publicize_message":"","jetpack_publicize_feature_enabled":true,"jetpack_social_post_already_shared":true,"jetpack_social_options":{"image_generator_settings":{"template":"highway","default_image_id":0,"font":"","enabled":false},"version":2},"jetpack_post_was_ever_published":false},"categories":[15],"tags":[],"class_list":["post-23936","post","type-post","status-publish","format-standard","has-post-thumbnail","category-saude"],"jetpack_publicize_connections":[],"jetpack-related-posts":[],"jetpack_shortlink":"https:\/\/wp.me\/p7Eq1F-6e4","jetpack_sharing_enabled":true,"jetpack_featured_media_url":"https:\/\/i0.wp.com\/guialimeira.com.br\/news\/wp-content\/uploads\/2024\/04\/vacina_dengue_07.jpg?fit=1600%2C800&ssl=1","_links":{"self":[{"href":"https:\/\/guialimeira.com.br\/news\/wp-json\/wp\/v2\/posts\/23936","targetHints":{"allow":["GET"]}}],"collection":[{"href":"https:\/\/guialimeira.com.br\/news\/wp-json\/wp\/v2\/posts"}],"about":[{"href":"https:\/\/guialimeira.com.br\/news\/wp-json\/wp\/v2\/types\/post"}],"author":[{"embeddable":true,"href":"https:\/\/guialimeira.com.br\/news\/wp-json\/wp\/v2\/users\/1"}],"replies":[{"embeddable":true,"href":"https:\/\/guialimeira.com.br\/news\/wp-json\/wp\/v2\/comments?post=23936"}],"version-history":[{"count":0,"href":"https:\/\/guialimeira.com.br\/news\/wp-json\/wp\/v2\/posts\/23936\/revisions"}],"wp:featuredmedia":[{"embeddable":true,"href":"https:\/\/guialimeira.com.br\/news\/wp-json\/wp\/v2\/media\/2794"}],"wp:attachment":[{"href":"https:\/\/guialimeira.com.br\/news\/wp-json\/wp\/v2\/media?parent=23936"}],"wp:term":[{"taxonomy":"category","embeddable":true,"href":"https:\/\/guialimeira.com.br\/news\/wp-json\/wp\/v2\/categories?post=23936"},{"taxonomy":"post_tag","embeddable":true,"href":"https:\/\/guialimeira.com.br\/news\/wp-json\/wp\/v2\/tags?post=23936"}],"curies":[{"name":"wp","href":"https:\/\/api.w.org\/{rel}","templated":true}]}}