{"id":2392,"date":"2024-04-22T22:53:48","date_gmt":"2024-04-23T01:53:48","guid":{"rendered":"https:\/\/guialimeira.com.br\/2024\/04\/22\/prefeitura-inicia-servicos-preparatorios-em-cinco-bairros-da-cidade-portal-do-municipio-de-piracicaba\/"},"modified":"2024-04-22T22:53:48","modified_gmt":"2024-04-23T01:53:48","slug":"prefeitura-inicia-servicos-preparatorios-em-cinco-bairros-da-cidade-portal-do-municipio-de-piracicaba","status":"publish","type":"post","link":"https:\/\/guialimeira.com.br\/news\/prefeitura-inicia-servicos-preparatorios-em-cinco-bairros-da-cidade-portal-do-municipio-de-piracicaba\/","title":{"rendered":"Prefeitura inicia servi\u00e7os preparat\u00f3rios em cinco bairros da cidade \u2013 Portal do Munic\u00edpio de Piracicaba"},"content":{"rendered":"<p> <br \/>\n<\/p>\n<div>\n<figure class=\"wp-block-image size-large\"><img data-recalc-dims=\"1\" fetchpriority=\"high\" decoding=\"async\" width=\"696\" height=\"392\" src=\"https:\/\/i0.wp.com\/piracicaba.sp.gov.br\/wp-content\/uploads\/2024\/04\/Hoje-22-04-se-iniciou-a-preparacao-da-avenida-Comendador-Leopoldo-Dedini-no-Unileste-1024x576.jpg?resize=696%2C392&#038;ssl=1\" alt=\"\" class=\"wp-image-77570\" srcset=\"https:\/\/piracicaba.sp.gov.br\/wp-content\/uploads\/2024\/04\/Hoje-22-04-se-iniciou-a-preparacao-da-avenida-Comendador-Leopoldo-Dedini-no-Unileste-1024x576.jpg 1024w, https:\/\/piracicaba.sp.gov.br\/wp-content\/uploads\/2024\/04\/Hoje-22-04-se-iniciou-a-preparacao-da-avenida-Comendador-Leopoldo-Dedini-no-Unileste-300x169.jpg 300w, https:\/\/piracicaba.sp.gov.br\/wp-content\/uploads\/2024\/04\/Hoje-22-04-se-iniciou-a-preparacao-da-avenida-Comendador-Leopoldo-Dedini-no-Unileste-768x432.jpg 768w, https:\/\/piracicaba.sp.gov.br\/wp-content\/uploads\/2024\/04\/Hoje-22-04-se-iniciou-a-preparacao-da-avenida-Comendador-Leopoldo-Dedini-no-Unileste-1536x864.jpg 1536w, https:\/\/piracicaba.sp.gov.br\/wp-content\/uploads\/2024\/04\/Hoje-22-04-se-iniciou-a-preparacao-da-avenida-Comendador-Leopoldo-Dedini-no-Unileste.jpg 2000w\" sizes=\"(max-width: 1024px) 100vw, 1024px\"\/><figcaption class=\"wp-element-caption\"><strong><em><sub>Hoje, 22\/04, se iniciou a prepara\u00e7\u00e3o da avenida Comendador Leopoldo Dedini, no Unileste<\/sub><\/em><\/strong><\/figcaption><\/figure>\n<p>A Prefeitura de Piracicaba, por meio da Semuttran (Secretaria Municipal de Mobilidade Urbana, Tr\u00e2nsito e Transportes), segue com os trabalhos para pavimentar com concreto mais cinco vias da cidade: avenida P\u00e1dua Dias, na Vila Independ\u00eancia; avenida Comendador Leopoldo Dedini, no Unileste; rotat\u00f3ria da avenida Rio Claro, no Are\u00e3o; rua Corcovado, no Vila S\u00f4nia; e avenida Fioravante Cenedese, em Artemis. Durante esta semana, as equipes far\u00e3o os servi\u00e7os preparat\u00f3rios para as obras. Por conta dos servi\u00e7os, haver\u00e1 interdi\u00e7\u00e3o parcial nos locais, sem prejudicar a fluidez do tr\u00e2nsito.<\/p>\n<p>Hoje, 22\/04, se iniciou a prepara\u00e7\u00e3o da avenida Comendador Leopoldo Dedini, no trecho entre a rodovia Margarida da Gra\u00e7a Martins (SP-135) at\u00e9 a rodovia Luiz de Queiroz (SP-304). A interdi\u00e7\u00e3o ser\u00e1 das duas faixas do lado esquerdo, no sentido rodovia Luiz de Queiroz; o fluxo ocorrer\u00e1 em m\u00e3o dupla (tr\u00e2nsito compartilhado) na pista oposta. Via receber\u00e1 drenagem e posterior pavimenta\u00e7\u00e3o de concreto no trecho entra a rodovia SP-135 e a SP-304.<\/p>\n<figure class=\"wp-block-image size-large\"><img data-recalc-dims=\"1\" loading=\"lazy\" decoding=\"async\" width=\"696\" height=\"522\" src=\"https:\/\/i0.wp.com\/piracicaba.sp.gov.br\/wp-content\/uploads\/2024\/04\/Avenida-Comendador-Leopoldo-Dedini-recebera-drenagem-e-posterior-pavimentacao-de-concreto-no-trecho-entra-a-rodovia-SP-135-e-a-SP-304-1024x768.jpg?resize=696%2C522&#038;ssl=1\" alt=\"\" class=\"wp-image-77569\" srcset=\"https:\/\/piracicaba.sp.gov.br\/wp-content\/uploads\/2024\/04\/Avenida-Comendador-Leopoldo-Dedini-recebera-drenagem-e-posterior-pavimentacao-de-concreto-no-trecho-entra-a-rodovia-SP-135-e-a-SP-304-1024x768.jpg 1024w, https:\/\/piracicaba.sp.gov.br\/wp-content\/uploads\/2024\/04\/Avenida-Comendador-Leopoldo-Dedini-recebera-drenagem-e-posterior-pavimentacao-de-concreto-no-trecho-entra-a-rodovia-SP-135-e-a-SP-304-300x225.jpg 300w, https:\/\/piracicaba.sp.gov.br\/wp-content\/uploads\/2024\/04\/Avenida-Comendador-Leopoldo-Dedini-recebera-drenagem-e-posterior-pavimentacao-de-concreto-no-trecho-entra-a-rodovia-SP-135-e-a-SP-304-768x576.jpg 768w, https:\/\/piracicaba.sp.gov.br\/wp-content\/uploads\/2024\/04\/Avenida-Comendador-Leopoldo-Dedini-recebera-drenagem-e-posterior-pavimentacao-de-concreto-no-trecho-entra-a-rodovia-SP-135-e-a-SP-304-1536x1152.jpg 1536w, https:\/\/piracicaba.sp.gov.br\/wp-content\/uploads\/2024\/04\/Avenida-Comendador-Leopoldo-Dedini-recebera-drenagem-e-posterior-pavimentacao-de-concreto-no-trecho-entra-a-rodovia-SP-135-e-a-SP-304.jpg 2000w\" sizes=\"auto, (max-width: 1024px) 100vw, 1024px\"\/><figcaption class=\"wp-element-caption\"><strong><em><sub>Avenida Comendador Leopoldo Dedini receber\u00e1 drenagem e posterior pavimenta\u00e7\u00e3o de concreto no trecho entra a rodovia SP-135 e a SP-304<\/sub><\/em><\/strong><\/figcaption><\/figure>\n<p>Os servi\u00e7os devem come\u00e7ar em breve tamb\u00e9m na rotat\u00f3ria da avenida Rio Claro (sa\u00edda da cidade), com adequa\u00e7\u00f5es no sistema drenagem e terraplenagem. Apenas uma faixa ser\u00e1 interditada para o tr\u00e2nsito, em todo o contorno da rotat\u00f3ria.<\/p>\n<p>Amanh\u00e3, 23\/04, est\u00e1 previsto o come\u00e7o dos servi\u00e7os na avenida P\u00e1dua Dias, no bairro Vila Independ\u00eancia. A faixa da esquerda, no sentido Piracicaba-Americana, ser\u00e1 interditada para o desenvolvimento dos servi\u00e7os de drenagem e pavimenta\u00e7\u00e3o de concreto, no trecho que vai da ETE (Esta\u00e7\u00e3o de Tratamento de Esgoto) Piracicamirim at\u00e9 a rotat\u00f3ria da Esalq.<\/p>\n<p>Com a conclus\u00e3o de outros trechos, que est\u00e3o em fase de finaliza\u00e7\u00e3o, as obras devem come\u00e7ar tamb\u00e9m na rua Corcovado, Vila S\u00f4nia, no trecho que compreende do Condom\u00ednio Residencial Piracicaba 3 at\u00e9 o final; e na avenida Fioravante Cenedese, em Artemis, da rodovia Geraldo de Barros (SP-304) at\u00e9 a avenida Aristides Antonio Scarpari.<\/p>\n<p>\u201c\u00c9 preciso ressaltar que nenhuma das vias ser\u00e1 interditada totalmente. Optamos por interdi\u00e7\u00f5es parciais das faixas de rolamento para n\u00e3o prejudicar o fluxo do tr\u00e2nsito, justamente por serem vias arteriais da cidade, vias de liga\u00e7\u00e3o. Al\u00e9m disso, n\u00e3o haver\u00e1 nenhum tipo de bloqueio de acesso \u00e0s empresas ou com\u00e9rcios locais. De qualquer forma, contamos com a colabora\u00e7\u00e3o dos motoristas, principalmente em hor\u00e1rios de pico, quando podem ocorrer transtornos e congestionamentos\u201d, explicou Jane Franco Oliveira, titular da Semuttran, destacando ainda que durante as obras haver\u00e1 presen\u00e7a dos agentes de tr\u00e2nsito para orientar os motoristas.<\/p>\n<p><strong>VANTAGENS<\/strong>\u00a0\u2013 O pavimento de concreto tem maior durabilidade, diminui o custo com manuten\u00e7\u00e3o de ve\u00edculos e a possibilidade de ocorr\u00eancia de acidentes, agiliza o tr\u00e2nsito e diminui a polui\u00e7\u00e3o, pois n\u00e3o deforma quando h\u00e1 acelera\u00e7\u00e3o, frenagem e provas de cargas dos ve\u00edculos. H\u00e1 menor interfer\u00eancia de manuten\u00e7\u00e3o preventiva e corretiva; maior seguran\u00e7a do usu\u00e1rio devido a macro e microtexturas; melhor reflex\u00e3o da luz na superf\u00edcie do pavimento; economia de at\u00e9 30% nos gastos com ilumina\u00e7\u00e3o p\u00fablica e redu\u00e7\u00e3o na temperatura ambiente em at\u00e9 5\u00baC, devido \u00e0 superf\u00edcie clara.<\/p>\n<\/div>\n<p><br \/>\n<br \/><a href=\"https:\/\/piracicaba.sp.gov.br\/noticias\/pavimentacao-de-concreto-prefeitura-inicia-servicos-preparatorios-em-cinco-bairros-da-cidade\/\" rel=\"noopener\">Informa\u00e7\u00f5es PMP <\/a><\/p>\n","protected":false},"excerpt":{"rendered":"<p>Hoje, 22\/04, se iniciou a prepara\u00e7\u00e3o da avenida Comendador Leopoldo Dedini, no Unileste A Prefeitura de Piracicaba, por meio da Semuttran (Secretaria Municipal de Mobilidade Urbana, Tr\u00e2nsito e Transportes), segue com os trabalhos para pavimentar com concreto mais cinco vias da cidade: avenida P\u00e1dua Dias, na Vila Independ\u00eancia; avenida Comendador Leopoldo Dedini, no Unileste; rotat\u00f3ria [&hellip;]<\/p>\n","protected":false},"author":1,"featured_media":2393,"comment_status":"open","ping_status":"open","sticky":false,"template":"","format":"standard","meta":{"_jetpack_newsletter_access":"","_jetpack_dont_email_post_to_subs":false,"_jetpack_newsletter_tier_id":0,"_jetpack_memberships_contains_paywalled_content":false,"_mbp_banners":[],"_jetpack_feature_clip_id":0,"_jetpack_memberships_contains_paid_content":false,"footnotes":"","jetpack_publicize_message":"","jetpack_publicize_feature_enabled":true,"jetpack_social_post_already_shared":true,"jetpack_social_options":{"image_generator_settings":{"template":"highway","default_image_id":0,"font":"","enabled":false},"version":2},"jetpack_post_was_ever_published":false},"categories":[20],"tags":[],"class_list":["post-2392","post","type-post","status-publish","format-standard","has-post-thumbnail","category-regiao"],"jetpack_publicize_connections":[],"jetpack-related-posts":[],"jetpack_shortlink":"https:\/\/wp.me\/p7Eq1F-CA","jetpack_sharing_enabled":true,"jetpack_featured_media_url":"https:\/\/i0.wp.com\/guialimeira.com.br\/news\/wp-content\/uploads\/2024\/04\/Hoje-22-04-se-iniciou-a-preparacao-da-avenida-Comendador-Leopoldo-Dedini-no-Unileste-1024x576.jpg?fit=1024%2C576&ssl=1","_links":{"self":[{"href":"https:\/\/guialimeira.com.br\/news\/wp-json\/wp\/v2\/posts\/2392","targetHints":{"allow":["GET"]}}],"collection":[{"href":"https:\/\/guialimeira.com.br\/news\/wp-json\/wp\/v2\/posts"}],"about":[{"href":"https:\/\/guialimeira.com.br\/news\/wp-json\/wp\/v2\/types\/post"}],"author":[{"embeddable":true,"href":"https:\/\/guialimeira.com.br\/news\/wp-json\/wp\/v2\/users\/1"}],"replies":[{"embeddable":true,"href":"https:\/\/guialimeira.com.br\/news\/wp-json\/wp\/v2\/comments?post=2392"}],"version-history":[{"count":0,"href":"https:\/\/guialimeira.com.br\/news\/wp-json\/wp\/v2\/posts\/2392\/revisions"}],"wp:featuredmedia":[{"embeddable":true,"href":"https:\/\/guialimeira.com.br\/news\/wp-json\/wp\/v2\/media\/2393"}],"wp:attachment":[{"href":"https:\/\/guialimeira.com.br\/news\/wp-json\/wp\/v2\/media?parent=2392"}],"wp:term":[{"taxonomy":"category","embeddable":true,"href":"https:\/\/guialimeira.com.br\/news\/wp-json\/wp\/v2\/categories?post=2392"},{"taxonomy":"post_tag","embeddable":true,"href":"https:\/\/guialimeira.com.br\/news\/wp-json\/wp\/v2\/tags?post=2392"}],"curies":[{"name":"wp","href":"https:\/\/api.w.org\/{rel}","templated":true}]}}