{"id":2383,"date":"2024-04-22T22:10:55","date_gmt":"2024-04-23T01:10:55","guid":{"rendered":"https:\/\/guialimeira.com.br\/?p=2383"},"modified":"2024-04-22T22:10:58","modified_gmt":"2024-04-23T01:10:58","slug":"senac-limeira-tera-oficina-de-musica-literatura-e-cinema-durante-a-programacao-da-9a-semana-senac-de-leitura","status":"publish","type":"post","link":"https:\/\/guialimeira.com.br\/news\/senac-limeira-tera-oficina-de-musica-literatura-e-cinema-durante-a-programacao-da-9a-semana-senac-de-leitura\/","title":{"rendered":"Senac Limeira, ter\u00e1 oficina de m\u00fasica, literatura e cinema durante a programa\u00e7\u00e3o da 9\u00aa Semana Senac de Leitura"},"content":{"rendered":"\n<p class=\"wp-block-paragraph\"><em>A<\/em><em> programa\u00e7\u00e3o <\/em><em>\u00e9 <\/em><em>gratuita e contar\u00e1 com diversas atividades, al\u00e9m da Feira de Troca de Livros<\/em><\/p>\n\n\n\n<p class=\"wp-block-paragraph\">A 9\u00aa edi\u00e7\u00e3o da Semana Senac de Leitura, acontece entre 22\/4 e 27\/4 nas unidades da rede. Na programa\u00e7\u00e3o do Senac Limeira, uma das oficinas apresenta o tema: Os sons que contam hist\u00f3rias. A atividade, que acontece no dia 23, das 19h \u00e0s 21h, com Eduardo Oliveira, temo como objetivo compreender a riqueza da contribui\u00e7\u00e3o musical em filmes adaptados de livros. Durante a conversa, o palestrante coloca em quest\u00e3o este momento em que o leitor vai confrontar a sua imagina\u00e7\u00e3o decorrente da leitura com a aprecia\u00e7\u00e3o visual e musical dos filmes, criando outros cen\u00e1rios poss\u00edveis a partir do audiovisual. As vagas s\u00e3o limitadas e as inscri\u00e7\u00f5es dever\u00e3o ser feitas pelo e-mail da biblioteca: <a href=\"mailto:limeira.biblioteca@sp.senac.br\">limeira.biblioteca@sp.senac.br<\/a>.<\/p>\n\n\n\n<p class=\"wp-block-paragraph\">O tema escolhido nesta edi\u00e7\u00e3o \u00e9 Literatura e M\u00fasica: conex\u00f5es da escola com o mundo &#8211; que faz a liga\u00e7\u00e3o entre duas linguagens art\u00edsticas distintas e complementares ao mesmo tempo refletidas na escrita, na cria\u00e7\u00e3o de hist\u00f3rias, personagens, narrativas ou mesmo na inspira\u00e7\u00e3o para a composi\u00e7\u00e3o de can\u00e7\u00f5es.&nbsp;<\/p>\n\n\n\n<p class=\"wp-block-paragraph\"><strong><u>Estreia<\/u><\/strong><strong><u><\/u><\/strong><\/p>\n\n\n\n<p class=\"wp-block-paragraph\">A abertura oficial da Semana Senac de Leitura ocorre no dia 22\/4, das 15h \u00e0s 17h e ser\u00e1 transmitida ao vivo pelo<a href=\"https:\/\/www.youtube.com\/@senacsaopaulo\" rel=\"noopener\"> canal do Senac S\u00e3o Paulo no YouTube<\/a>. Os convidados deste ano s\u00e3o Esmeralda Ortiz, cantora, escritora, jornalista e compositora e o rapper Rashid, produtor, rimador, escritor e empres\u00e1rio.&nbsp;&nbsp;<\/p>\n\n\n\n<p class=\"wp-block-paragraph\">Sobre a Feira de troca de livros, ser\u00e3o aceitos apenas livros em bom estado. Materiais com conte\u00fado did\u00e1tico, pol\u00edtico ou religioso n\u00e3o ser\u00e3o recebidos, assim como, enciclop\u00e9dias, dicion\u00e1rios, guias e revistas.&nbsp;<\/p>\n\n\n\n<p class=\"wp-block-paragraph\">A entrada \u00e9 gratuita e algumas atividades precisam de inscri\u00e7\u00f5es. Mais informa\u00e7\u00f5es pelo site:<a href=\"https:\/\/eventos.sp.senac.br\/evento\/9a-semana-senac-de-leitura\/\" rel=\"noopener\"> https:\/\/eventos.sp.senac.br\/evento\/9a-semana-senac-de-leitura\/<\/a>.<\/p>\n\n\n\n<p class=\"wp-block-paragraph\">Confira a programa\u00e7\u00e3o:<\/p>\n\n\n\n<p class=\"wp-block-paragraph\"><strong>22 a 27\/4, das 8h \u00e0s 21h &#8211; Biblioteca:<\/strong> Feira de troca de livros;<\/p>\n\n\n\n<p class=\"wp-block-paragraph\"><strong>23\/4, das 19h \u00e0s 21h &#8211; <\/strong>Oficina: Os sons que contam hist\u00f3rias, com Eduardo Oliveira. As vagas s\u00e3o limitadas e as inscri\u00e7\u00f5es dever\u00e3o ser feitas pelo e-mail da biblioteca: <a href=\"mailto:limeira.biblioteca@sp.senac.br\">limeira.biblioteca@sp.senac.br<\/a> (\u00faltimas vagas);<\/p>\n\n\n\n<p class=\"wp-block-paragraph\"><strong>25\/4, das 9h \u00e0s 9h25 e 26\/4, das 19h30 \u00e0s 19h55 \/ 20h \u00e0s 20h25: <\/strong>&nbsp;Transcendendo as emo\u00e7\u00f5es: Edi\u00e7\u00e3o especial BiblioZenteca. Uma jornada \u00fanica de autoconhecimento e bem-estar, com o palestrante Thiago de Jesus Sales. Vagas limitadas e inscri\u00e7\u00f5es pelo e-mail: <a href=\"mailto:limeira.biblioteca@sp.denac.br\">limeira.biblioteca@sp.denac.br<\/a> (\u00faltimas vagas);<\/p>\n\n\n\n<p class=\"wp-block-paragraph\"><strong>25\/4, das 19h30 \u00e0s 20h45<\/strong> \u2013 Entre a literatura e a m\u00fasica. Um show com Emanuel Massaro e D\u00e9bora Vidoretti, cantando os cl\u00e1ssicos da m\u00fasica popular brasileira. Vagas limitadas e inscri\u00e7\u00f5es pelo e-mail: <a href=\"mailto:limeira.biblioteca@sp.denac.br\">limeira.biblioteca@sp.denac.br<\/a>.<\/p>\n\n\n\n<p class=\"wp-block-paragraph\"><strong><u>Servi\u00e7o:<\/u><\/strong><\/p>\n\n\n\n<p class=\"wp-block-paragraph\"><strong>9\u00aa Semana Senac de Leitura<\/strong><\/p>\n\n\n\n<p class=\"wp-block-paragraph\"><strong>Data:<\/strong> de 22 a 27\/4<\/p>\n\n\n\n<p class=\"wp-block-paragraph\"><strong>Formato:<\/strong> presencial e on-line em todo o estado<\/p>\n\n\n\n<p class=\"wp-block-paragraph\"><strong>Inscri\u00e7\u00f5es:<\/strong><a href=\"https:\/\/eventos.sp.senac.br\/evento\/9a-semana-senac-de-leitura\/\" rel=\"noopener\"> https:\/\/eventos.sp.senac.br\/evento\/9a-semana-senac-de-leitura\/<\/a><\/p>\n\n\n\n<p class=\"wp-block-paragraph\"><strong>Evento gratuito<\/strong><\/p>\n\n\n\n<p class=\"wp-block-paragraph\"><strong>Senac Limeira<\/strong><\/p>\n\n\n\n<p class=\"wp-block-paragraph\"><strong>Endere\u00e7o:<\/strong> Rua Quadros Sobrinho, 1 \u2013 Centro \u2013 Limeira\/SP<\/p>\n\n\n\n<p class=\"wp-block-paragraph\"><strong>Site:<\/strong><strong> <\/strong><a href=\"http:\/\/www.sp.senac.br\/senac-limeira\" rel=\"noopener\">www.sp.senac.br\/senac-limeira<\/a><strong><\/strong><\/p>\n\n\n\n<p class=\"wp-block-paragraph\"><strong>Informa\u00e7\u00f5es \u00e0 imprensa:<\/strong><\/p>\n\n\n\n<p class=\"wp-block-paragraph\"><strong>Idee Informa\u00e7\u00e3o Corporativa<\/strong><\/p>\n\n\n\n<p class=\"wp-block-paragraph\">Mariana Lemes<\/p>\n\n\n\n<p class=\"wp-block-paragraph\"><a href=\"mailto:mauricio@ideecorporativa.com.br\">mariana@ideecorporativa.com.br<\/a><\/p>\n\n\n\n<p class=\"wp-block-paragraph\">(16) 99603-7257<\/p>\n\n\n\n<p class=\"wp-block-paragraph\">Christine Xavier<\/p>\n\n\n\n<p class=\"wp-block-paragraph\"><a href=\"mailto:christine@ideecorporativa.com.br\">christine@ideecorporativa.com.br<\/a>&nbsp;&nbsp;<\/p>\n\n\n\n<p class=\"wp-block-paragraph\">(15)98828-5458<\/p>\n","protected":false},"excerpt":{"rendered":"<p>A programa\u00e7\u00e3o \u00e9 gratuita e contar\u00e1 com diversas atividades, al\u00e9m da Feira de Troca de Livros A 9\u00aa edi\u00e7\u00e3o da Semana Senac de Leitura, acontece entre 22\/4 e 27\/4 nas unidades da rede. Na programa\u00e7\u00e3o do Senac Limeira, uma das oficinas apresenta o tema: Os sons que contam hist\u00f3rias. A atividade, que acontece no dia [&hellip;]<\/p>\n","protected":false},"author":1,"featured_media":2384,"comment_status":"open","ping_status":"open","sticky":false,"template":"","format":"standard","meta":{"_jetpack_newsletter_access":"","_jetpack_dont_email_post_to_subs":false,"_jetpack_newsletter_tier_id":0,"_jetpack_memberships_contains_paywalled_content":false,"_mbp_banners":[],"_jetpack_feature_clip_id":0,"_jetpack_memberships_contains_paid_content":false,"footnotes":"","jetpack_publicize_message":"","jetpack_publicize_feature_enabled":true,"jetpack_social_post_already_shared":true,"jetpack_social_options":{"image_generator_settings":{"template":"highway","default_image_id":0,"font":"","enabled":false},"version":2},"jetpack_post_was_ever_published":false},"categories":[16],"tags":[],"class_list":["post-2383","post","type-post","status-publish","format-standard","has-post-thumbnail","category-local"],"jetpack_publicize_connections":[],"jetpack-related-posts":[],"jetpack_shortlink":"https:\/\/wp.me\/p7Eq1F-Cr","jetpack_sharing_enabled":true,"jetpack_featured_media_url":"https:\/\/i0.wp.com\/guialimeira.com.br\/news\/wp-content\/uploads\/2024\/04\/WhatsApp-Image-2024-04-19-at-14.42.10.jpeg?fit=886%2C664&ssl=1","_links":{"self":[{"href":"https:\/\/guialimeira.com.br\/news\/wp-json\/wp\/v2\/posts\/2383","targetHints":{"allow":["GET"]}}],"collection":[{"href":"https:\/\/guialimeira.com.br\/news\/wp-json\/wp\/v2\/posts"}],"about":[{"href":"https:\/\/guialimeira.com.br\/news\/wp-json\/wp\/v2\/types\/post"}],"author":[{"embeddable":true,"href":"https:\/\/guialimeira.com.br\/news\/wp-json\/wp\/v2\/users\/1"}],"replies":[{"embeddable":true,"href":"https:\/\/guialimeira.com.br\/news\/wp-json\/wp\/v2\/comments?post=2383"}],"version-history":[{"count":1,"href":"https:\/\/guialimeira.com.br\/news\/wp-json\/wp\/v2\/posts\/2383\/revisions"}],"predecessor-version":[{"id":2385,"href":"https:\/\/guialimeira.com.br\/news\/wp-json\/wp\/v2\/posts\/2383\/revisions\/2385"}],"wp:featuredmedia":[{"embeddable":true,"href":"https:\/\/guialimeira.com.br\/news\/wp-json\/wp\/v2\/media\/2384"}],"wp:attachment":[{"href":"https:\/\/guialimeira.com.br\/news\/wp-json\/wp\/v2\/media?parent=2383"}],"wp:term":[{"taxonomy":"category","embeddable":true,"href":"https:\/\/guialimeira.com.br\/news\/wp-json\/wp\/v2\/categories?post=2383"},{"taxonomy":"post_tag","embeddable":true,"href":"https:\/\/guialimeira.com.br\/news\/wp-json\/wp\/v2\/tags?post=2383"}],"curies":[{"name":"wp","href":"https:\/\/api.w.org\/{rel}","templated":true}]}}