{"id":23777,"date":"2025-02-17T10:42:25","date_gmt":"2025-02-17T13:42:25","guid":{"rendered":"https:\/\/guialimeira.com.br\/2025\/02\/17\/ibc-br-recua-07-mas-fecha-2024-com-alta-de-38\/"},"modified":"2025-02-17T10:42:25","modified_gmt":"2025-02-17T13:42:25","slug":"ibc-br-recua-07-mas-fecha-2024-com-alta-de-38","status":"publish","type":"post","link":"https:\/\/guialimeira.com.br\/news\/ibc-br-recua-07-mas-fecha-2024-com-alta-de-38\/","title":{"rendered":"IBC-Br recua 0,7%, mas fecha 2024 com alta de 3,8%"},"content":{"rendered":"<p> <br \/>\n<\/p>\n<div>\n<p>A atividade da economia brasileira em dezembro de 2024 apresentou recuo de 0,7% na compara\u00e7\u00e3o com novembro, segundo o \u00cdndice de Atividade Econ\u00f4mica do BC (IBC-Br) divulgado hoje (17), em Bras\u00edlia, pelo Banco Central.<img data-recalc-dims=\"1\" decoding=\"async\" src=\"https:\/\/i0.wp.com\/agenciabrasil.ebc.com.br\/ebc.png?w=696&#038;ssl=1\" style=\"width:1px; height:1px; display:inline;\"\/><img data-recalc-dims=\"1\" decoding=\"async\" src=\"https:\/\/i0.wp.com\/agenciabrasil.ebc.com.br\/ebc.gif?w=696&#038;ssl=1\" style=\"width:1px; height:1px; display:inline;\"\/><\/p>\n<p>O IBC-Br \u00e9 considerado uma esp\u00e9cie de sinalizador do Produto Interno Bruto (PIB). Mesmo com a desacelera\u00e7\u00e3o, o indicador anota um crescimento de 3,8% da economia do pa\u00eds no ano passado.<\/p>\n<p>O resultado de dezembro veio ap\u00f3s uma alta de 0,10% em novembro. Ainda de acordo com o BC, na compara\u00e7\u00e3o com dezembro\u00a0de 2023, os dados mostram que o IBC-Br cresceu 2,4%. No acumulado em 12 meses o \u00edndice tamb\u00e9m teve um avan\u00e7o de 3,8%.\u00a0<\/p>\n<h2>Compara\u00e7\u00e3o<\/h2>\n<p>J\u00e1 no trimestre encerrado em dezembro, o IBC-Br acusou alta de 4,4% em rela\u00e7\u00e3o ao mesmo trimestre do ano passado.<\/p>\n<p>O IBC-Br \u00e9 visto como uma pr\u00e9via do Produto Interno Bruto (PIB), calculado oficialmente pelo Instituto Brasileiro de Geografia e Estat\u00edstica (IBGE). O \u00edndice acompanha m\u00eas a m\u00eas a atividade econ\u00f4mica e antecipa poss\u00edveis press\u00f5es inflacion\u00e1rias.<\/p>\n<p>      <!-- Relacionada --><\/p>\n<p>            <!-- Relacionada -->\n    <\/div>\n<p><br \/>\n<br \/><a href=\"https:\/\/agenciabrasil.ebc.com.br\/economia\/noticia\/2025-02\/ibc-br-recua-07-mas-fecha-2024-com-alta-de-38\" rel=\"noopener\">Ag\u00eancia Brasil<\/a><\/p>\n","protected":false},"excerpt":{"rendered":"<p>A atividade da economia brasileira em dezembro de 2024 apresentou recuo de 0,7% na compara\u00e7\u00e3o com novembro, segundo o \u00cdndice de Atividade Econ\u00f4mica do BC (IBC-Br) divulgado hoje (17), em Bras\u00edlia, pelo Banco Central. O IBC-Br \u00e9 considerado uma esp\u00e9cie de sinalizador do Produto Interno Bruto (PIB). Mesmo com a desacelera\u00e7\u00e3o, o indicador anota um [&hellip;]<\/p>\n","protected":false},"author":1,"featured_media":16834,"comment_status":"open","ping_status":"open","sticky":false,"template":"","format":"standard","meta":{"_jetpack_newsletter_access":"","_jetpack_dont_email_post_to_subs":false,"_jetpack_newsletter_tier_id":0,"_jetpack_memberships_contains_paywalled_content":false,"_mbp_banners":[],"_jetpack_feature_clip_id":0,"_jetpack_memberships_contains_paid_content":false,"footnotes":"","jetpack_publicize_message":"","jetpack_publicize_feature_enabled":true,"jetpack_social_post_already_shared":true,"jetpack_social_options":{"image_generator_settings":{"template":"highway","default_image_id":0,"font":"","enabled":false},"version":2},"jetpack_post_was_ever_published":false},"categories":[24],"tags":[],"class_list":["post-23777","post","type-post","status-publish","format-standard","has-post-thumbnail","category-economia"],"jetpack_publicize_connections":[],"jetpack-related-posts":[],"jetpack_shortlink":"https:\/\/wp.me\/p7Eq1F-6bv","jetpack_sharing_enabled":true,"jetpack_featured_media_url":"https:\/\/i0.wp.com\/guialimeira.com.br\/news\/wp-content\/uploads\/2024\/11\/industria2016_1.jpg?fit=1600%2C800&ssl=1","_links":{"self":[{"href":"https:\/\/guialimeira.com.br\/news\/wp-json\/wp\/v2\/posts\/23777","targetHints":{"allow":["GET"]}}],"collection":[{"href":"https:\/\/guialimeira.com.br\/news\/wp-json\/wp\/v2\/posts"}],"about":[{"href":"https:\/\/guialimeira.com.br\/news\/wp-json\/wp\/v2\/types\/post"}],"author":[{"embeddable":true,"href":"https:\/\/guialimeira.com.br\/news\/wp-json\/wp\/v2\/users\/1"}],"replies":[{"embeddable":true,"href":"https:\/\/guialimeira.com.br\/news\/wp-json\/wp\/v2\/comments?post=23777"}],"version-history":[{"count":0,"href":"https:\/\/guialimeira.com.br\/news\/wp-json\/wp\/v2\/posts\/23777\/revisions"}],"wp:featuredmedia":[{"embeddable":true,"href":"https:\/\/guialimeira.com.br\/news\/wp-json\/wp\/v2\/media\/16834"}],"wp:attachment":[{"href":"https:\/\/guialimeira.com.br\/news\/wp-json\/wp\/v2\/media?parent=23777"}],"wp:term":[{"taxonomy":"category","embeddable":true,"href":"https:\/\/guialimeira.com.br\/news\/wp-json\/wp\/v2\/categories?post=23777"},{"taxonomy":"post_tag","embeddable":true,"href":"https:\/\/guialimeira.com.br\/news\/wp-json\/wp\/v2\/tags?post=23777"}],"curies":[{"name":"wp","href":"https:\/\/api.w.org\/{rel}","templated":true}]}}