{"id":23774,"date":"2025-02-17T10:34:05","date_gmt":"2025-02-17T13:34:05","guid":{"rendered":"https:\/\/guialimeira.com.br\/2025\/02\/17\/papa-francisco-tem-infeccao-polimicrobiana\/"},"modified":"2025-02-17T10:34:05","modified_gmt":"2025-02-17T13:34:05","slug":"papa-francisco-tem-infeccao-polimicrobiana","status":"publish","type":"post","link":"https:\/\/guialimeira.com.br\/news\/papa-francisco-tem-infeccao-polimicrobiana\/","title":{"rendered":"Papa Francisco tem infec\u00e7\u00e3o polimicrobiana"},"content":{"rendered":"<p> <br \/>\n<\/p>\n<div>\n<p>Em boletim divulgado nesta segunda-feira (17), o Vaticano informou que o papa Francisco foi diagnosticado com um quadro de infec\u00e7\u00e3o polimicrobiana das vias respirat\u00f3rias, o que levou a uma altera\u00e7\u00e3o no tratamento at\u00e9 ent\u00e3o administrado.<img data-recalc-dims=\"1\" decoding=\"async\" src=\"https:\/\/i0.wp.com\/agenciabrasil.ebc.com.br\/ebc.png?w=696&#038;ssl=1\" style=\"width:1px; height:1px; display:inline;\"\/><img data-recalc-dims=\"1\" decoding=\"async\" src=\"https:\/\/i0.wp.com\/agenciabrasil.ebc.com.br\/ebc.gif?w=696&#038;ssl=1\" style=\"width:1px; height:1px; display:inline;\"\/><\/p>\n<p>\u201cTodos os exames realizados at\u00e9 o momento indicam um quadro cl\u00ednico complexo, que exigir\u00e1 uma interna\u00e7\u00e3o hospitalar adequada\u201d, destacou o comunicado, publicado no perfil oficial do Vaticano no Instagram.<\/p>\n<p>Ainda de acordo com a publica\u00e7\u00e3o, Francisco teve uma boa noite de sono, tomou caf\u00e9 da manh\u00e3 e se dedicou \u00e0 leitura de jornais. \u201cMant\u00e9m o bom humor\u201d, acrescentou o Vaticano.<\/p>\n<p>O pont\u00edfice foi levado para a Policl\u00ednica Agostino Gemelli, em Roma, na \u00faltima sexta-feira (14), para realizar exames e seguir com o tratamento de um quadro inicialmente identificado como bronquite.<\/p>\n<p>      <!-- Relacionada --><\/p>\n<p>            <!-- Relacionada -->\n    <\/div>\n<p><br \/>\n<br \/><a href=\"https:\/\/agenciabrasil.ebc.com.br\/internacional\/noticia\/2025-02\/papa-francisco-tem-infeccao-polimicrobiana\" rel=\"noopener\">Ag\u00eancia Brasil <\/a><\/p>\n","protected":false},"excerpt":{"rendered":"<p>Em boletim divulgado nesta segunda-feira (17), o Vaticano informou que o papa Francisco foi diagnosticado com um quadro de infec\u00e7\u00e3o polimicrobiana das vias respirat\u00f3rias, o que levou a uma altera\u00e7\u00e3o no tratamento at\u00e9 ent\u00e3o administrado. \u201cTodos os exames realizados at\u00e9 o momento indicam um quadro cl\u00ednico complexo, que exigir\u00e1 uma interna\u00e7\u00e3o hospitalar adequada\u201d, destacou o [&hellip;]<\/p>\n","protected":false},"author":1,"featured_media":17235,"comment_status":"open","ping_status":"open","sticky":false,"template":"","format":"standard","meta":{"_jetpack_newsletter_access":"","_jetpack_dont_email_post_to_subs":false,"_jetpack_newsletter_tier_id":0,"_jetpack_memberships_contains_paywalled_content":false,"_mbp_banners":[],"_jetpack_feature_clip_id":0,"_jetpack_memberships_contains_paid_content":false,"footnotes":"","jetpack_publicize_message":"","jetpack_publicize_feature_enabled":true,"jetpack_social_post_already_shared":true,"jetpack_social_options":{"image_generator_settings":{"template":"highway","default_image_id":0,"font":"","enabled":false},"version":2},"jetpack_post_was_ever_published":false},"categories":[25],"tags":[],"class_list":["post-23774","post","type-post","status-publish","format-standard","has-post-thumbnail","category-internacional"],"jetpack_publicize_connections":[],"jetpack-related-posts":[],"jetpack_shortlink":"https:\/\/wp.me\/p7Eq1F-6bs","jetpack_sharing_enabled":true,"jetpack_featured_media_url":"https:\/\/i0.wp.com\/guialimeira.com.br\/news\/wp-content\/uploads\/2024\/11\/papa.jpg?fit=1600%2C800&ssl=1","_links":{"self":[{"href":"https:\/\/guialimeira.com.br\/news\/wp-json\/wp\/v2\/posts\/23774","targetHints":{"allow":["GET"]}}],"collection":[{"href":"https:\/\/guialimeira.com.br\/news\/wp-json\/wp\/v2\/posts"}],"about":[{"href":"https:\/\/guialimeira.com.br\/news\/wp-json\/wp\/v2\/types\/post"}],"author":[{"embeddable":true,"href":"https:\/\/guialimeira.com.br\/news\/wp-json\/wp\/v2\/users\/1"}],"replies":[{"embeddable":true,"href":"https:\/\/guialimeira.com.br\/news\/wp-json\/wp\/v2\/comments?post=23774"}],"version-history":[{"count":0,"href":"https:\/\/guialimeira.com.br\/news\/wp-json\/wp\/v2\/posts\/23774\/revisions"}],"wp:featuredmedia":[{"embeddable":true,"href":"https:\/\/guialimeira.com.br\/news\/wp-json\/wp\/v2\/media\/17235"}],"wp:attachment":[{"href":"https:\/\/guialimeira.com.br\/news\/wp-json\/wp\/v2\/media?parent=23774"}],"wp:term":[{"taxonomy":"category","embeddable":true,"href":"https:\/\/guialimeira.com.br\/news\/wp-json\/wp\/v2\/categories?post=23774"},{"taxonomy":"post_tag","embeddable":true,"href":"https:\/\/guialimeira.com.br\/news\/wp-json\/wp\/v2\/tags?post=23774"}],"curies":[{"name":"wp","href":"https:\/\/api.w.org\/{rel}","templated":true}]}}