{"id":2375,"date":"2024-04-22T21:52:49","date_gmt":"2024-04-23T00:52:49","guid":{"rendered":"https:\/\/guialimeira.com.br\/2024\/04\/22\/construcao-da-ciclovia-chega-a-avenida-juscelino-kubitschek-de-oliveira-portal-do-municipio-de-piracicaba\/"},"modified":"2024-04-22T21:52:49","modified_gmt":"2024-04-23T00:52:49","slug":"construcao-da-ciclovia-chega-a-avenida-juscelino-kubitschek-de-oliveira-portal-do-municipio-de-piracicaba","status":"publish","type":"post","link":"https:\/\/guialimeira.com.br\/news\/construcao-da-ciclovia-chega-a-avenida-juscelino-kubitschek-de-oliveira-portal-do-municipio-de-piracicaba\/","title":{"rendered":"constru\u00e7\u00e3o da ciclovia chega \u00e0 avenida Juscelino Kubitschek de Oliveira \u2013 Portal do Munic\u00edpio de Piracicaba"},"content":{"rendered":"<p> <br \/>\n<\/p>\n<div>\n<figure class=\"wp-block-image size-large\"><img data-recalc-dims=\"1\" fetchpriority=\"high\" decoding=\"async\" width=\"696\" height=\"522\" src=\"https:\/\/i0.wp.com\/piracicaba.sp.gov.br\/wp-content\/uploads\/2024\/04\/Construcao-da-ciclovia-chega-a-avenida-Juscelino-Kubitschek-de-Oliveira-1024x768.jpg?resize=696%2C522&#038;ssl=1\" alt=\"\" class=\"wp-image-77571\" srcset=\"https:\/\/piracicaba.sp.gov.br\/wp-content\/uploads\/2024\/04\/Construcao-da-ciclovia-chega-a-avenida-Juscelino-Kubitschek-de-Oliveira-1024x768.jpg 1024w, https:\/\/piracicaba.sp.gov.br\/wp-content\/uploads\/2024\/04\/Construcao-da-ciclovia-chega-a-avenida-Juscelino-Kubitschek-de-Oliveira-300x225.jpg 300w, https:\/\/piracicaba.sp.gov.br\/wp-content\/uploads\/2024\/04\/Construcao-da-ciclovia-chega-a-avenida-Juscelino-Kubitschek-de-Oliveira-768x576.jpg 768w, https:\/\/piracicaba.sp.gov.br\/wp-content\/uploads\/2024\/04\/Construcao-da-ciclovia-chega-a-avenida-Juscelino-Kubitschek-de-Oliveira-1536x1152.jpg 1536w, https:\/\/piracicaba.sp.gov.br\/wp-content\/uploads\/2024\/04\/Construcao-da-ciclovia-chega-a-avenida-Juscelino-Kubitschek-de-Oliveira.jpg 2000w\" sizes=\"(max-width: 1024px) 100vw, 1024px\"\/><figcaption class=\"wp-element-caption\"><strong><em><sub>Constru\u00e7\u00e3o da ciclovia chega \u00e0 avenida Juscelino Kubitschek de Oliveira<\/sub><\/em><\/strong><\/figcaption><\/figure>\n<p>A Prefeitura de Piracicaba, por meio da Semuttran (Secretaria Municipal de Mobilidade Urbana, Tr\u00e2nsito e Transportes), j\u00e1 executou 30% das obras de constru\u00e7\u00e3o da ciclovia Riverside, no trecho de 5,1 km, que vai ligar a Ponte do Morato (antes do Engenho Central) ao final da avenida Juscelino Kubistschek. No momento, a terceirizada respons\u00e1vel pelos servi\u00e7os executa limpeza, prepara\u00e7\u00e3o da base e aplica\u00e7\u00e3o do concreto na avenida Juscelino Kubitschek.<\/p>\n<p>O valor do investimento para este trecho \u00e9 de R$ 3,1 milh\u00f5es, provenientes do Finisa (Financiamento \u00e0 Infraestrutura e ao Saneamento) da Caixa Econ\u00f4mica Federal.<\/p>\n<p>De acordo com o escopo do projeto, a etapa da Riverside j\u00e1 em execu\u00e7\u00e3o se inicia na Ponte do Morato e percorre a \u00e1rea de vegeta\u00e7\u00e3o at\u00e9 a passarela Estaiada. Nos limites das rampas da passarela ser\u00e1 implantada \u00e1rea de contempla\u00e7\u00e3o, a qual contar\u00e1 com bancos, lixeiras, paraciclos, painel informativo e espa\u00e7o destinado a food truck. Depois, a ciclovia entra no Engenho Central, passa pelo Parque do Mirante, avenida Dr. Maurice Allain, atravessa a avenida Bar\u00e3o de Serra Negra e entra na avenida Juscelino Kubistchek de Oliveira. A ciclovia dever\u00e1 ter 2,50 metros de largura.<\/p>\n<p>\u201cQuando iniciamos os estudos sobre a implanta\u00e7\u00e3o de um audacioso projeto, contemplando todo um circuito cicl\u00e1vel, extenso, acess\u00edvel e ao mesmo tempo com possibilidade de integra\u00e7\u00f5es a outros futuros pontos, sab\u00edamos que seria desafiador. Mas, ao mesmo tempo, gratificante, pois ter\u00edamos que avaliar toda a malha, levar em considera\u00e7\u00e3o nossa topografia bem acidentada e entender toda a demanda solicitada h\u00e1 anos por ciclistas e usu\u00e1rios. Acredito que ser\u00e1 mais um importante marco para Piracicaba\u201d, destacou Jane Franco Oliveira, titular da Semuttran.<\/p>\n<figure class=\"wp-block-image size-large\"><img data-recalc-dims=\"1\" loading=\"lazy\" decoding=\"async\" width=\"696\" height=\"522\" src=\"https:\/\/i0.wp.com\/piracicaba.sp.gov.br\/wp-content\/uploads\/2024\/04\/Faixa-tera-o-total-de-51-km-e-vai-ligar-a-avenida-a-Ponte-do-Morato-1024x768.jpg?resize=696%2C522&#038;ssl=1\" alt=\"\" class=\"wp-image-77572\" srcset=\"https:\/\/piracicaba.sp.gov.br\/wp-content\/uploads\/2024\/04\/Faixa-tera-o-total-de-51-km-e-vai-ligar-a-avenida-a-Ponte-do-Morato-1024x768.jpg 1024w, https:\/\/piracicaba.sp.gov.br\/wp-content\/uploads\/2024\/04\/Faixa-tera-o-total-de-51-km-e-vai-ligar-a-avenida-a-Ponte-do-Morato-300x225.jpg 300w, https:\/\/piracicaba.sp.gov.br\/wp-content\/uploads\/2024\/04\/Faixa-tera-o-total-de-51-km-e-vai-ligar-a-avenida-a-Ponte-do-Morato-768x576.jpg 768w, https:\/\/piracicaba.sp.gov.br\/wp-content\/uploads\/2024\/04\/Faixa-tera-o-total-de-51-km-e-vai-ligar-a-avenida-a-Ponte-do-Morato-1536x1152.jpg 1536w, https:\/\/piracicaba.sp.gov.br\/wp-content\/uploads\/2024\/04\/Faixa-tera-o-total-de-51-km-e-vai-ligar-a-avenida-a-Ponte-do-Morato.jpg 2000w\" sizes=\"auto, (max-width: 1024px) 100vw, 1024px\"\/><figcaption class=\"wp-element-caption\"><strong><em><sub>Faixa ter\u00e1 o total de 5,1 km e vai ligar Ponte do Morato ao fim da avenida<\/sub><\/em><\/strong><\/figcaption><\/figure>\n<p><strong>MAIS \u2013\u00a0<\/strong>O edital de concorr\u00eancia eletr\u00f4nica de n\u00famero 11\/2024 para mais um trecho da Riverside foi aberto na semana passada. Esse trecho prev\u00ea a constru\u00e7\u00e3o da ciclovia no Anel Vi\u00e1rio Municipal Comendador Leopoldo Dedini, ap\u00f3s a ponte sobre o rio Piracicaba, e segue at\u00e9 a avenida Comendador Pedro Morganti, abrangendo a \u00e1rea gastron\u00f4mica do bairro Monte Alegre e as proximidades da ind\u00fastria OJI Pap\u00e9is, totalizando 4,6 km. O processo \u00e9 24.782\/2024. A abertura das propostas est\u00e1 agendada para 8\/05 \u00e0s 13h30 e o in\u00edcio da fase de lances ser\u00e1 no mesmo dia, \u00e0s 14h. O edital completo est\u00e1 dispon\u00edvel no site\u00a0<a href=\"http:\/\/piracicaba.sp.gov.br\/\" target=\"_blank\" rel=\"noreferrer noopener\">piracicaba.sp.gov.br<\/a>.<\/p>\n<p>O projeto total da Riverside ter\u00e1 aproximadamente 36km, ligando os bairros Jupi\u00e1 e Monte Alegre. Outro trecho da ciclovia, do Anel Vi\u00e1rio Municipal Comendador Leopoldo Dedini, ap\u00f3s a ponte sobre o rio Piracicaba, at\u00e9 a avenida Comendador Pedro Morganti, est\u00e1 com licita\u00e7\u00e3o aberta, e h\u00e1, ainda, trecho em fase de desenvolvimento de projeto.<\/p>\n<\/div>\n<p><br \/>\n<br \/><a href=\"https:\/\/piracicaba.sp.gov.br\/noticias\/riverside-construcao-da-ciclovia-chega-a-avenida-juscelino-kubitschek-de-oliveira\/\" rel=\"noopener\">Informa\u00e7\u00f5es PMP <\/a><\/p>\n","protected":false},"excerpt":{"rendered":"<p>Constru\u00e7\u00e3o da ciclovia chega \u00e0 avenida Juscelino Kubitschek de Oliveira A Prefeitura de Piracicaba, por meio da Semuttran (Secretaria Municipal de Mobilidade Urbana, Tr\u00e2nsito e Transportes), j\u00e1 executou 30% das obras de constru\u00e7\u00e3o da ciclovia Riverside, no trecho de 5,1 km, que vai ligar a Ponte do Morato (antes do Engenho Central) ao final da [&hellip;]<\/p>\n","protected":false},"author":1,"featured_media":2376,"comment_status":"open","ping_status":"open","sticky":false,"template":"","format":"standard","meta":{"_jetpack_newsletter_access":"","_jetpack_dont_email_post_to_subs":false,"_jetpack_newsletter_tier_id":0,"_jetpack_memberships_contains_paywalled_content":false,"_mbp_banners":[],"_jetpack_feature_clip_id":0,"_jetpack_memberships_contains_paid_content":false,"footnotes":"","jetpack_publicize_message":"","jetpack_publicize_feature_enabled":true,"jetpack_social_post_already_shared":true,"jetpack_social_options":{"image_generator_settings":{"template":"highway","default_image_id":0,"font":"","enabled":false},"version":2},"jetpack_post_was_ever_published":false},"categories":[20],"tags":[],"class_list":["post-2375","post","type-post","status-publish","format-standard","has-post-thumbnail","category-regiao"],"jetpack_publicize_connections":[],"jetpack-related-posts":[],"jetpack_shortlink":"https:\/\/wp.me\/p7Eq1F-Cj","jetpack_sharing_enabled":true,"jetpack_featured_media_url":"https:\/\/i0.wp.com\/guialimeira.com.br\/news\/wp-content\/uploads\/2024\/04\/Construcao-da-ciclovia-chega-a-avenida-Juscelino-Kubitschek-de-Oliveira-1024x768.jpg?fit=1024%2C768&ssl=1","_links":{"self":[{"href":"https:\/\/guialimeira.com.br\/news\/wp-json\/wp\/v2\/posts\/2375","targetHints":{"allow":["GET"]}}],"collection":[{"href":"https:\/\/guialimeira.com.br\/news\/wp-json\/wp\/v2\/posts"}],"about":[{"href":"https:\/\/guialimeira.com.br\/news\/wp-json\/wp\/v2\/types\/post"}],"author":[{"embeddable":true,"href":"https:\/\/guialimeira.com.br\/news\/wp-json\/wp\/v2\/users\/1"}],"replies":[{"embeddable":true,"href":"https:\/\/guialimeira.com.br\/news\/wp-json\/wp\/v2\/comments?post=2375"}],"version-history":[{"count":0,"href":"https:\/\/guialimeira.com.br\/news\/wp-json\/wp\/v2\/posts\/2375\/revisions"}],"wp:featuredmedia":[{"embeddable":true,"href":"https:\/\/guialimeira.com.br\/news\/wp-json\/wp\/v2\/media\/2376"}],"wp:attachment":[{"href":"https:\/\/guialimeira.com.br\/news\/wp-json\/wp\/v2\/media?parent=2375"}],"wp:term":[{"taxonomy":"category","embeddable":true,"href":"https:\/\/guialimeira.com.br\/news\/wp-json\/wp\/v2\/categories?post=2375"},{"taxonomy":"post_tag","embeddable":true,"href":"https:\/\/guialimeira.com.br\/news\/wp-json\/wp\/v2\/tags?post=2375"}],"curies":[{"name":"wp","href":"https:\/\/api.w.org\/{rel}","templated":true}]}}