{"id":2371,"date":"2024-04-22T21:17:46","date_gmt":"2024-04-23T00:17:46","guid":{"rendered":"https:\/\/guialimeira.com.br\/2024\/04\/22\/gilmar-mendes-determina-conciliacao-em-acoes-sobre-marco-temporal\/"},"modified":"2024-04-22T21:17:46","modified_gmt":"2024-04-23T00:17:46","slug":"gilmar-mendes-determina-conciliacao-em-acoes-sobre-marco-temporal","status":"publish","type":"post","link":"https:\/\/guialimeira.com.br\/news\/gilmar-mendes-determina-conciliacao-em-acoes-sobre-marco-temporal\/","title":{"rendered":"Gilmar Mendes determina concilia\u00e7\u00e3o em a\u00e7\u00f5es sobre marco temporal"},"content":{"rendered":"<p> <br \/>\n<\/p>\n<div>\n<p>O ministro Gilmar Mendes, do Supremo Tribunal Federal (STF), decidiu nesta segunda-feira (22) determinar \u00a0a instaura\u00e7\u00e3o de processo de concilia\u00e7\u00e3o envolvendo as a\u00e7\u00f5es sobre o marco temporal para demarca\u00e7\u00e3o de terras ind\u00edgenas.<img data-recalc-dims=\"1\" decoding=\"async\" src=\"https:\/\/i0.wp.com\/agenciabrasil.ebc.com.br\/ebc.png?w=696&#038;ssl=1\" style=\"width:1px; height:1px; display:inline;\"\/><img data-recalc-dims=\"1\" decoding=\"async\" src=\"https:\/\/i0.wp.com\/agenciabrasil.ebc.com.br\/ebc.gif?w=696&#038;ssl=1\" style=\"width:1px; height:1px; display:inline;\"\/><\/p>\n<p>Com a decis\u00e3o, as a\u00e7\u00f5es que tratam da quest\u00e3o devem ser suspensas at\u00e9 decis\u00e3o final da Corte. \u00a0As partes envolvidas ter\u00e3o 30 dias para apresentar propostas de concilia\u00e7\u00e3o.<\/p>\n<p>Mendes \u00e9 relator das a\u00e7\u00f5es protocoladas pelo PL,\u00a0PP e Republicanos para manter a validade do projeto de lei que reconheceu o marco e de processos nos quais entidades que representam os ind\u00edgenas e partidos governistas contestam a constitucionalidade da tese.<\/p>\n<p>Pela tese do marco temporal, os ind\u00edgenas somente t\u00eam direito \u00e0s terras que estavam em sua posse no dia 5 de outubro de 1988, data da promulga\u00e7\u00e3o da Constitui\u00e7\u00e3o Federal, ou que estavam em disputa judicial na \u00e9poca.<\/p>\n<p>Em dezembro do ano passado, o Congresso Nacional <a href=\"https:\/\/agenciabrasil.ebc.com.br\/politica\/noticia\/2023-12\/congresso-derruba-veto-de-lula-e-mantem-marco-temporal-indigena\" target=\"_blank\" rel=\"noopener\">derrubou o veto<\/a> do presidente Luiz In\u00e1cio Lula da Silva ao projeto de lei que validou o marco. Em setembro, antes da decis\u00e3o dos parlamentares, o Supremo <a href=\"https:\/\/agenciabrasil.ebc.com.br\/justica\/noticia\/2023-09\/por-9-votos-2-supremo-invalida-tese-do-marco-temporal\" target=\"_blank\" rel=\"noopener\">decidiu contra o marco<\/a>. A decis\u00e3o da Corte foi levada em conta pela equipe jur\u00eddica do Pal\u00e1cio do Planalto para justificar o veto presidencial.<\/p>\n<p>Na decis\u00e3o, Gilmar Mendes defendeu que quest\u00f5es de grande relev\u00e2ncia sejam debatidas antes da decis\u00e3o final da Corte.<\/p>\n<p>&#8220;Qualquer resposta advinda dos m\u00e9todos tradicionais n\u00e3o por\u00e1 fim \u00e0 disputa pol\u00edtico-jur\u00eddica subjacente, merecendo outro enfoque: o da pacifica\u00e7\u00e3o dos conflitos, na tentativa de superar as dificuldades de comunica\u00e7\u00e3o e entendimentos em prol da constru\u00e7\u00e3o da solu\u00e7\u00e3o por meio de um debate constru\u00eddo sob premissas colaborativas e propositivas voltadas a resolver os impasses institucionais e jur\u00eddicos advindos da Lei 14.701\/2023&#8221;, justificou Mendes.<\/p>\n<\/p><\/div>\n<p><br \/>\n<br \/><a href=\"https:\/\/agenciabrasil.ebc.com.br\/justica\/noticia\/2024-04\/gilmar-mendes-determina-conciliacao-em-acoes-sobre-marco-temporal\" rel=\"noopener\">Ag\u00eancia Brasil<\/a><\/p>\n","protected":false},"excerpt":{"rendered":"<p>O ministro Gilmar Mendes, do Supremo Tribunal Federal (STF), decidiu nesta segunda-feira (22) determinar \u00a0a instaura\u00e7\u00e3o de processo de concilia\u00e7\u00e3o envolvendo as a\u00e7\u00f5es sobre o marco temporal para demarca\u00e7\u00e3o de terras ind\u00edgenas. Com a decis\u00e3o, as a\u00e7\u00f5es que tratam da quest\u00e3o devem ser suspensas at\u00e9 decis\u00e3o final da Corte. \u00a0As partes envolvidas ter\u00e3o 30 dias [&hellip;]<\/p>\n","protected":false},"author":1,"featured_media":2372,"comment_status":"open","ping_status":"open","sticky":false,"template":"","format":"standard","meta":{"_jetpack_newsletter_access":"","_jetpack_dont_email_post_to_subs":false,"_jetpack_newsletter_tier_id":0,"_jetpack_memberships_contains_paywalled_content":false,"_mbp_banners":[],"_jetpack_feature_clip_id":0,"_jetpack_memberships_contains_paid_content":false,"footnotes":"","jetpack_publicize_message":"","jetpack_publicize_feature_enabled":true,"jetpack_social_post_already_shared":true,"jetpack_social_options":{"image_generator_settings":{"template":"highway","default_image_id":0,"font":"","enabled":false},"version":2},"jetpack_post_was_ever_published":false},"categories":[22],"tags":[],"class_list":["post-2371","post","type-post","status-publish","format-standard","has-post-thumbnail","category-nacional"],"jetpack_publicize_connections":[],"jetpack-related-posts":[],"jetpack_shortlink":"https:\/\/wp.me\/p7Eq1F-Cf","jetpack_sharing_enabled":true,"jetpack_featured_media_url":"https:\/\/i0.wp.com\/guialimeira.com.br\/news\/wp-content\/uploads\/2024\/04\/sessao-stf_mcamgo_abr_19122023-11.jpg?fit=1600%2C800&ssl=1","_links":{"self":[{"href":"https:\/\/guialimeira.com.br\/news\/wp-json\/wp\/v2\/posts\/2371","targetHints":{"allow":["GET"]}}],"collection":[{"href":"https:\/\/guialimeira.com.br\/news\/wp-json\/wp\/v2\/posts"}],"about":[{"href":"https:\/\/guialimeira.com.br\/news\/wp-json\/wp\/v2\/types\/post"}],"author":[{"embeddable":true,"href":"https:\/\/guialimeira.com.br\/news\/wp-json\/wp\/v2\/users\/1"}],"replies":[{"embeddable":true,"href":"https:\/\/guialimeira.com.br\/news\/wp-json\/wp\/v2\/comments?post=2371"}],"version-history":[{"count":0,"href":"https:\/\/guialimeira.com.br\/news\/wp-json\/wp\/v2\/posts\/2371\/revisions"}],"wp:featuredmedia":[{"embeddable":true,"href":"https:\/\/guialimeira.com.br\/news\/wp-json\/wp\/v2\/media\/2372"}],"wp:attachment":[{"href":"https:\/\/guialimeira.com.br\/news\/wp-json\/wp\/v2\/media?parent=2371"}],"wp:term":[{"taxonomy":"category","embeddable":true,"href":"https:\/\/guialimeira.com.br\/news\/wp-json\/wp\/v2\/categories?post=2371"},{"taxonomy":"post_tag","embeddable":true,"href":"https:\/\/guialimeira.com.br\/news\/wp-json\/wp\/v2\/tags?post=2371"}],"curies":[{"name":"wp","href":"https:\/\/api.w.org\/{rel}","templated":true}]}}