{"id":23708,"date":"2025-02-15T15:51:31","date_gmt":"2025-02-15T18:51:31","guid":{"rendered":"https:\/\/guialimeira.com.br\/2025\/02\/15\/hamas-liberta-3-refens-israel-liberta-369-palestinos\/"},"modified":"2025-02-15T15:51:31","modified_gmt":"2025-02-15T18:51:31","slug":"hamas-liberta-3-refens-israel-liberta-369-palestinos","status":"publish","type":"post","link":"https:\/\/guialimeira.com.br\/news\/hamas-liberta-3-refens-israel-liberta-369-palestinos\/","title":{"rendered":"Hamas liberta 3 ref\u00e9ns; Israel liberta 369 palestinos"},"content":{"rendered":"<p> <br \/>\n<\/p>\n<div>\n<p>O Hamas soltou\u00a0neste s\u00e1bado (15) os ref\u00e9ns israelenses Iair Horn, Sagui Dekel Chen e Sasha (Alexander) Troufanov na Faixa de Gaza, enquanto Israel libertou cerca de 369 prisioneiros palestinos em troca, depois de mediadores terem evitado um colapso do fr\u00e1gil cessar-fogo.<img data-recalc-dims=\"1\" decoding=\"async\" src=\"https:\/\/i0.wp.com\/agenciabrasil.ebc.com.br\/ebc.png?w=696&#038;ssl=1\" style=\"width:1px; height:1px; display:inline;\"\/><img data-recalc-dims=\"1\" decoding=\"async\" src=\"https:\/\/i0.wp.com\/agenciabrasil.ebc.com.br\/ebc.gif?w=696&#038;ssl=1\" style=\"width:1px; height:1px; display:inline;\"\/><\/p>\n<p>Tr\u00eas israelenses foram levados a um palco em Khan Younis, ao lado de militantes palestinos, armados com rifles autom\u00e1ticos, mostraram imagens ao vivo do local. Em seguida, os ref\u00e9ns foram levados de volta a Israel pelas for\u00e7as israelenses.<\/p>\n<p>Pouco depois, os \u00f4nibus carregando os prisioneiros e detentos palestinos libertados partiram da pris\u00e3o de Ofer, em Israel, para a Cisjord\u00e2nia ocupada. O primeiro chegou a Ramallah e foi recebido por uma multid\u00e3o, com algumas pessoas\u00a0balan\u00e7ando bandeiras palestinas.<\/p>\n<p>\u201cN\u00e3o esper\u00e1vamos ser soltos, mas Deus \u00e9 grande, Deus nos libertou\u201d, afirmou Musa Nawarwa, de 70 anos, na cidade de Bel\u00e9m. Ele cumpria duas senten\u00e7as de pris\u00e3o perp\u00e9tua pela morte de soldados israelenses na Cisjord\u00e2nia.<\/p>\n<p>Os \u00f4nibus carregando centenas de palestinos libertados, alguns fazendo sinal de vit\u00f3ria pelas janelas, chegaram posteriormente no Hospital Europeu em Khan Younis, no sul da Faixa de Gaza.<\/p>\n<p>Alguns dos palestinos estavam cumprindo penas longas pelo envolvimento em ataques suicidas e outras a\u00e7\u00f5es que mataram dezenas de israelenses durante a segunda intifada palestina, nos anos 2000. Outros estavam presos por matar soldados israelenses na Cisjord\u00e2nia ocupada.<\/p>\n<p>Alguns deles, como Hassan Ewis, poder\u00e3o voltar a suas casas. Outros, como seu irm\u00e3o, devem ser deportados para o Egito.<\/p>\n<p>Os registros de Ewis no Minist\u00e9rio da Justi\u00e7a de Israel incluem a coloca\u00e7\u00e3o de explosivos e a tentativa e efetiva\u00e7\u00e3o de homic\u00eddios. Ele afirmou que as condi\u00e7\u00f5es na cadeia eram dif\u00edceis, e que os palestinos n\u00e3o recebiam comida o suficiente.<\/p>\n<p>Alguns dos ref\u00e9ns israelenses que voltaram ao pa\u00eds desde 19 de janeiro tamb\u00e9m relataram terem sido privados de alimenta\u00e7\u00e3o, e ficado por meses em t\u00faneis, sem ver a luz do dia, al\u00e9m de serem sujeitos a abusos f\u00edsicos e psicol\u00f3gicos.<\/p>\n<p>Alguns palestinos que foram libertados est\u00e3o retornando ao lugar, que n\u00e3o veem h\u00e1\u00a0anos, quando o territ\u00f3rio ainda n\u00e3o tinha sido reduzido a ru\u00ednas pelos bombardeios israelenses nos 15 meses de guerra. Mas a maioria foi presa ap\u00f3s o ataque do Hamas contra Israel, em 7 de outubro de 2023.<\/p>\n<p>      <!-- Relacionada --><\/p>\n<p>            <!-- Relacionada -->\n    <\/div>\n<p><br \/>\n<br \/><a href=\"https:\/\/agenciabrasil.ebc.com.br\/internacional\/noticia\/2025-02\/hamas-liberta-3-refens-israel-liberta-369-palestinos\" rel=\"noopener\">Ag\u00eancia Brasil <\/a><\/p>\n","protected":false},"excerpt":{"rendered":"<p>O Hamas soltou\u00a0neste s\u00e1bado (15) os ref\u00e9ns israelenses Iair Horn, Sagui Dekel Chen e Sasha (Alexander) Troufanov na Faixa de Gaza, enquanto Israel libertou cerca de 369 prisioneiros palestinos em troca, depois de mediadores terem evitado um colapso do fr\u00e1gil cessar-fogo. Tr\u00eas israelenses foram levados a um palco em Khan Younis, ao lado de militantes [&hellip;]<\/p>\n","protected":false},"author":1,"featured_media":21182,"comment_status":"open","ping_status":"open","sticky":false,"template":"","format":"standard","meta":{"_jetpack_newsletter_access":"","_jetpack_dont_email_post_to_subs":false,"_jetpack_newsletter_tier_id":0,"_jetpack_memberships_contains_paywalled_content":false,"_mbp_banners":[],"_jetpack_feature_clip_id":0,"_jetpack_memberships_contains_paid_content":false,"footnotes":"","jetpack_publicize_message":"","jetpack_publicize_feature_enabled":true,"jetpack_social_post_already_shared":true,"jetpack_social_options":{"image_generator_settings":{"template":"highway","default_image_id":0,"font":"","enabled":false},"version":2},"jetpack_post_was_ever_published":false},"categories":[25],"tags":[],"class_list":["post-23708","post","type-post","status-publish","format-standard","has-post-thumbnail","category-internacional"],"jetpack_publicize_connections":[],"jetpack-related-posts":[],"jetpack_shortlink":"https:\/\/wp.me\/p7Eq1F-6ao","jetpack_sharing_enabled":true,"jetpack_featured_media_url":"https:\/\/i0.wp.com\/guialimeira.com.br\/news\/wp-content\/uploads\/2025\/01\/2025-01-19t122010z_636845731_rc20dcafyo5f_rtrmadp_3_israel-palestinians-gaza-ceasefire.jpg?fit=1600%2C800&ssl=1","_links":{"self":[{"href":"https:\/\/guialimeira.com.br\/news\/wp-json\/wp\/v2\/posts\/23708","targetHints":{"allow":["GET"]}}],"collection":[{"href":"https:\/\/guialimeira.com.br\/news\/wp-json\/wp\/v2\/posts"}],"about":[{"href":"https:\/\/guialimeira.com.br\/news\/wp-json\/wp\/v2\/types\/post"}],"author":[{"embeddable":true,"href":"https:\/\/guialimeira.com.br\/news\/wp-json\/wp\/v2\/users\/1"}],"replies":[{"embeddable":true,"href":"https:\/\/guialimeira.com.br\/news\/wp-json\/wp\/v2\/comments?post=23708"}],"version-history":[{"count":0,"href":"https:\/\/guialimeira.com.br\/news\/wp-json\/wp\/v2\/posts\/23708\/revisions"}],"wp:featuredmedia":[{"embeddable":true,"href":"https:\/\/guialimeira.com.br\/news\/wp-json\/wp\/v2\/media\/21182"}],"wp:attachment":[{"href":"https:\/\/guialimeira.com.br\/news\/wp-json\/wp\/v2\/media?parent=23708"}],"wp:term":[{"taxonomy":"category","embeddable":true,"href":"https:\/\/guialimeira.com.br\/news\/wp-json\/wp\/v2\/categories?post=23708"},{"taxonomy":"post_tag","embeddable":true,"href":"https:\/\/guialimeira.com.br\/news\/wp-json\/wp\/v2\/tags?post=23708"}],"curies":[{"name":"wp","href":"https:\/\/api.w.org\/{rel}","templated":true}]}}