{"id":2367,"date":"2024-04-22T20:51:49","date_gmt":"2024-04-22T23:51:49","guid":{"rendered":"https:\/\/guialimeira.com.br\/2024\/04\/22\/semdettur-cadastra-empresas-para-a-1a-feira-de-empregabilidade-para-aprendiz-portal-do-municipio-de-piracicaba\/"},"modified":"2024-04-22T20:51:49","modified_gmt":"2024-04-22T23:51:49","slug":"semdettur-cadastra-empresas-para-a-1a-feira-de-empregabilidade-para-aprendiz-portal-do-municipio-de-piracicaba","status":"publish","type":"post","link":"https:\/\/guialimeira.com.br\/news\/semdettur-cadastra-empresas-para-a-1a-feira-de-empregabilidade-para-aprendiz-portal-do-municipio-de-piracicaba\/","title":{"rendered":"Semdettur cadastra empresas para a 1\u00aa Feira de Empregabilidade para Aprendiz \u2013 Portal do Munic\u00edpio de Piracicaba"},"content":{"rendered":"<p> <br \/>\n<\/p>\n<div itemprop=\"articleBody\">\n<div class=\"m-auto col-lg-8\">\n<p>A Prefeitura de Piracicaba, por meio da Secretaria de Desenvolvimento Econ\u00f4mico, Trabalho e Turismo (Semdettur), realiza no dia 8 de maio a 1\u00aa Feira de Empregabilidade para Aprendiz. As empresas interessadas em participar do evento, oferecendo oportunidades para estudantes, podem se inscrever at\u00e9 o dia 3 de maio pela internet.<\/p>\n<figure class=\"wp-block-image size-large\"><img data-recalc-dims=\"1\" fetchpriority=\"high\" decoding=\"async\" width=\"696\" height=\"464\" src=\"https:\/\/i0.wp.com\/piracicaba.sp.gov.br\/wp-content\/uploads\/2024\/04\/Feira-da-Semdettur-vai-oferecer-oportunidades-de-trabalho-para-jovens-aprendizes-1024x682.jpg?resize=696%2C464&#038;ssl=1\" alt=\"\" class=\"wp-image-77578\" srcset=\"https:\/\/piracicaba.sp.gov.br\/wp-content\/uploads\/2024\/04\/Feira-da-Semdettur-vai-oferecer-oportunidades-de-trabalho-para-jovens-aprendizes-1024x682.jpg 1024w, https:\/\/piracicaba.sp.gov.br\/wp-content\/uploads\/2024\/04\/Feira-da-Semdettur-vai-oferecer-oportunidades-de-trabalho-para-jovens-aprendizes-300x200.jpg 300w, https:\/\/piracicaba.sp.gov.br\/wp-content\/uploads\/2024\/04\/Feira-da-Semdettur-vai-oferecer-oportunidades-de-trabalho-para-jovens-aprendizes-768x512.jpg 768w, https:\/\/piracicaba.sp.gov.br\/wp-content\/uploads\/2024\/04\/Feira-da-Semdettur-vai-oferecer-oportunidades-de-trabalho-para-jovens-aprendizes-1536x1023.jpg 1536w, https:\/\/piracicaba.sp.gov.br\/wp-content\/uploads\/2024\/04\/Feira-da-Semdettur-vai-oferecer-oportunidades-de-trabalho-para-jovens-aprendizes.jpg 1936w\" sizes=\"(max-width: 1024px) 100vw, 1024px\"\/><figcaption class=\"wp-element-caption\"><strong><em><sub>Feira da Semdettur vai oferecer oportunidades de trabalho para jovens aprendizes<\/sub><\/em><\/strong><\/figcaption><\/figure>\n<p>O evento \u00e9 uma iniciativa da Semdettur com o objetivo de conectar, engajar, empregar e qualificar os jovens para que tenham oportunidade de aprender e crescer dentro das empresas parceiras. Como Aprendiz, os estudantes entre 14 e 24 anos t\u00eam a oportunidade de se inserir no mercado de trabalho e adquirir experi\u00eancia fora dos hor\u00e1rios de aulas.<\/p>\n<p>A feira vai acontecer na Acipi (Associa\u00e7\u00e3o Comercial e Industrial de Piracicaba), entre 9h e 13h, localizada na\u00a0rua Prudente de Moraes, 463, no Centro.<\/p>\n<p>Podem se inscrever at\u00e9 15 empresas para participa\u00e7\u00e3o no evento, que devem preencher o cadastro pela internet at\u00e9 a sexta-feira, 03\/05. O formul\u00e1rio pode ser acessado pelo endere\u00e7o:\u00a0<a href=\"https:\/\/forms.gle\/3SoB84S9jwBpwTDd7\" target=\"_blank\" rel=\"noreferrer noopener\">https:\/\/forms.gle\/3SoB84S9jwBpwTDd7<\/a>\u00a0.<\/p>\n<\/div>\n<\/div>\n<p><br \/>\n<br \/><a href=\"https:\/\/piracicaba.sp.gov.br\/noticias\/semdettur-cadastra-empresas-para-a-1a-feira-de-empregabilidade-para-aprendiz\/\" rel=\"noopener\">Informa\u00e7\u00f5es PMP <\/a><\/p>\n","protected":false},"excerpt":{"rendered":"<p>A Prefeitura de Piracicaba, por meio da Secretaria de Desenvolvimento Econ\u00f4mico, Trabalho e Turismo (Semdettur), realiza no dia 8 de maio a 1\u00aa Feira de Empregabilidade para Aprendiz. As empresas interessadas em participar do evento, oferecendo oportunidades para estudantes, podem se inscrever at\u00e9 o dia 3 de maio pela internet. Feira da Semdettur vai oferecer [&hellip;]<\/p>\n","protected":false},"author":1,"featured_media":2368,"comment_status":"open","ping_status":"open","sticky":false,"template":"","format":"standard","meta":{"_jetpack_newsletter_access":"","_jetpack_dont_email_post_to_subs":false,"_jetpack_newsletter_tier_id":0,"_jetpack_memberships_contains_paywalled_content":false,"_mbp_banners":[],"_jetpack_feature_clip_id":0,"_jetpack_memberships_contains_paid_content":false,"footnotes":"","jetpack_publicize_message":"","jetpack_publicize_feature_enabled":true,"jetpack_social_post_already_shared":true,"jetpack_social_options":{"image_generator_settings":{"template":"highway","default_image_id":0,"font":"","enabled":false},"version":2},"jetpack_post_was_ever_published":false},"categories":[20],"tags":[],"class_list":["post-2367","post","type-post","status-publish","format-standard","has-post-thumbnail","category-regiao"],"jetpack_publicize_connections":[],"jetpack-related-posts":[],"jetpack_shortlink":"https:\/\/wp.me\/p7Eq1F-Cb","jetpack_sharing_enabled":true,"jetpack_featured_media_url":"https:\/\/i0.wp.com\/guialimeira.com.br\/news\/wp-content\/uploads\/2024\/04\/Feira-da-Semdettur-vai-oferecer-oportunidades-de-trabalho-para-jovens-aprendizes-1024x682.jpg?fit=1024%2C682&ssl=1","_links":{"self":[{"href":"https:\/\/guialimeira.com.br\/news\/wp-json\/wp\/v2\/posts\/2367","targetHints":{"allow":["GET"]}}],"collection":[{"href":"https:\/\/guialimeira.com.br\/news\/wp-json\/wp\/v2\/posts"}],"about":[{"href":"https:\/\/guialimeira.com.br\/news\/wp-json\/wp\/v2\/types\/post"}],"author":[{"embeddable":true,"href":"https:\/\/guialimeira.com.br\/news\/wp-json\/wp\/v2\/users\/1"}],"replies":[{"embeddable":true,"href":"https:\/\/guialimeira.com.br\/news\/wp-json\/wp\/v2\/comments?post=2367"}],"version-history":[{"count":0,"href":"https:\/\/guialimeira.com.br\/news\/wp-json\/wp\/v2\/posts\/2367\/revisions"}],"wp:featuredmedia":[{"embeddable":true,"href":"https:\/\/guialimeira.com.br\/news\/wp-json\/wp\/v2\/media\/2368"}],"wp:attachment":[{"href":"https:\/\/guialimeira.com.br\/news\/wp-json\/wp\/v2\/media?parent=2367"}],"wp:term":[{"taxonomy":"category","embeddable":true,"href":"https:\/\/guialimeira.com.br\/news\/wp-json\/wp\/v2\/categories?post=2367"},{"taxonomy":"post_tag","embeddable":true,"href":"https:\/\/guialimeira.com.br\/news\/wp-json\/wp\/v2\/tags?post=2367"}],"curies":[{"name":"wp","href":"https:\/\/api.w.org\/{rel}","templated":true}]}}