{"id":2361,"date":"2024-04-22T20:14:46","date_gmt":"2024-04-22T23:14:46","guid":{"rendered":"https:\/\/guialimeira.com.br\/2024\/04\/22\/secretaria-de-saude-atualiza-numeros-sobre-a-dengue\/"},"modified":"2024-04-22T20:14:46","modified_gmt":"2024-04-22T23:14:46","slug":"secretaria-de-saude-atualiza-numeros-sobre-a-dengue","status":"publish","type":"post","link":"https:\/\/guialimeira.com.br\/news\/secretaria-de-saude-atualiza-numeros-sobre-a-dengue\/","title":{"rendered":"Secretaria de Sa\u00fade atualiza n\u00fameros sobre a dengue"},"content":{"rendered":"<p> <br \/>\n<\/p>\n<div>\n            <main class=\"\">&#13;<br \/>\n                &#13;<br \/>\n&#13;<br \/>\n&#13;<br \/>\n&#13;<br \/>\n    <img data-recalc-dims=\"1\" decoding=\"async\" src=\"https:\/\/i0.wp.com\/ecrie.com.br\/sistema\/conteudos\/imagem\/m_137_0_1_22042024191935.jpg?w=696&#038;ssl=1\" alt=\"Secretaria de Sa\u00fade atualiza n\u00fameros sobre a dengue\"\/>&#13;<br \/>\n&#13;<\/p>\n<p><span style=\"font-family: Arial, sans-serif;\"><span style=\"font-size: small;\"><span lang=\"pt-BR\">A Secretaria de Sa\u00fade de Limeira atualizou hoje (22) a situa\u00e7\u00e3o da dengue no munic\u00edpio. N\u00e3o houve registros de mortes, permanecendo em quatro ocorr\u00eancias neste ano. As notifica\u00e7\u00f5es somam agora 5.845 casos. H\u00e1 1.584 registros da doen\u00e7a. Os casos suspeitos s\u00e3o 2.882 e os j\u00e1 descartados, 1.379. <\/span><\/span><\/span><\/p>\n<p>&#13;<\/p>\n<p><span style=\"font-family: Arial, sans-serif;\"><span style=\"font-size: small;\"><span lang=\"pt-BR\">Em Limeira, o combate ao Aedes aegypti \u2013 mosquito transmissor da dengue \u2013 \u00e9 permanente. A Secretaria de Sa\u00fade refor\u00e7a a import\u00e2ncia de a popula\u00e7\u00e3o reservar 10 minutos por semana para eliminar poss\u00edveis criadouros do mosquito Aedes aegypti, uma vez que o foco da doen\u00e7a est\u00e1, principalmente, nos quintais das resid\u00eancias.<\/span><\/span><\/span><\/p>\n<p>&#13;<br \/>\n&#13;<br \/>\n&#13;<br \/>\n&#13;<\/p>\n<aside class=\"list-related no-print\">&#13;<br \/>\n        &#13;<br \/>\n&#13;<\/p>\n<article class=\"list-item noticias \">&#13;<br \/>\n                    <a class=\"list-item__img\" href=\"https:\/\/limeira.sp.gov.br\/imprensa\/noticias\/saude\/secretaria-de-saude-esclarece-que-nao-faz-ligacoes-para-renovacao-de-carteirinha-do-sus\" tabindex=\"-1\" aria-hidden=\"true\" rel=\"noopener\">&#13;<br \/>\n                        <img data-recalc-dims=\"1\" decoding=\"async\" src=\"https:\/\/i0.wp.com\/ecrie.com.br\/sistema\/conteudos\/imagem\/m_137_0_1_19042024111053.jpg?w=696&#038;ssl=1\" alt=\"Secretaria de Sa\u00fade esclarece que n\u00e3o faz liga\u00e7\u00f5es para renova\u00e7\u00e3o de carteirinha do SUS\"\/>&#13;<br \/>\n                    <\/a>&#13;<br \/>\n&#13;<br \/>\n                &#13;<br \/>\n            <\/article>\n<p>&#13;<\/p>\n<article class=\"list-item noticias \">&#13;<br \/>\n                    <a class=\"list-item__img\" href=\"https:\/\/limeira.sp.gov.br\/imprensa\/noticias\/saude\/seguem-as-inscricoes-para-grupo-de-orientacao-e-combate-ao-tabagismoem-limeira\" tabindex=\"-1\" aria-hidden=\"true\" rel=\"noopener\">&#13;<br \/>\n                        <img data-recalc-dims=\"1\" decoding=\"async\" src=\"https:\/\/i0.wp.com\/ecrie.com.br\/sistema\/conteudos\/imagem\/m_137_0_1_19042024103100.jpg?w=696&#038;ssl=1\" alt=\"Seguem as inscri\u00e7\u00f5es para grupo de orienta\u00e7\u00e3o e combate ao tabagismo\u00a0em Limeira\"\/>&#13;<br \/>\n                    <\/a>&#13;<br \/>\n&#13;<br \/>\n                &#13;<br \/>\n            <\/article>\n<p>&#13;<\/p>\n<article class=\"list-item noticias \">&#13;<br \/>\n                    <a class=\"list-item__img\" href=\"https:\/\/limeira.sp.gov.br\/imprensa\/noticias\/saude\/limpeza-compulsoria-em-imovel-na-boa-vista-mobiliza-prefeitura\" tabindex=\"-1\" aria-hidden=\"true\" rel=\"noopener\">&#13;<br \/>\n                        <img data-recalc-dims=\"1\" decoding=\"async\" src=\"https:\/\/i0.wp.com\/ecrie.com.br\/sistema\/conteudos\/imagem\/m_137_0_1_18042024123030.jpg?w=696&#038;ssl=1\" alt=\"Limpeza compuls\u00f3ria em im\u00f3vel na Boa Vista mobiliza prefeitura\"\/>&#13;<br \/>\n                    <\/a>&#13;<br \/>\n&#13;<br \/>\n                &#13;<br \/>\n            <\/article>\n<p>&#13;<br \/>\n    <\/aside>\n<p>&#13;<br \/>\n&#13;<br \/>\n            <\/main><\/p><\/div>\n<p><br \/>\n<br \/><a href=\"https:\/\/limeira.sp.gov.br\/secretaria-de-saude-atualiza-numeros-sobre-a-dengue\" rel=\"noopener\">Informa\u00e7\u00f5es da PML <\/a><\/p>\n","protected":false},"excerpt":{"rendered":"<p>&#13; &#13; &#13; &#13; &#13; &#13; &#13; A Secretaria de Sa\u00fade de Limeira atualizou hoje (22) a situa\u00e7\u00e3o da dengue no munic\u00edpio. N\u00e3o houve registros de mortes, permanecendo em quatro ocorr\u00eancias neste ano. As notifica\u00e7\u00f5es somam agora 5.845 casos. H\u00e1 1.584 registros da doen\u00e7a. Os casos suspeitos s\u00e3o 2.882 e os j\u00e1 descartados, 1.379. &#13; [&hellip;]<\/p>\n","protected":false},"author":1,"featured_media":2362,"comment_status":"open","ping_status":"open","sticky":false,"template":"","format":"standard","meta":{"_jetpack_newsletter_access":"","_jetpack_dont_email_post_to_subs":false,"_jetpack_newsletter_tier_id":0,"_jetpack_memberships_contains_paywalled_content":false,"_mbp_banners":[],"_jetpack_feature_clip_id":0,"_jetpack_memberships_contains_paid_content":false,"footnotes":"","jetpack_publicize_message":"","jetpack_publicize_feature_enabled":true,"jetpack_social_post_already_shared":true,"jetpack_social_options":{"image_generator_settings":{"template":"highway","default_image_id":0,"font":"","enabled":false},"version":2},"jetpack_post_was_ever_published":false},"categories":[16],"tags":[],"class_list":["post-2361","post","type-post","status-publish","format-standard","has-post-thumbnail","category-local"],"jetpack_publicize_connections":[],"jetpack-related-posts":[],"jetpack_shortlink":"https:\/\/wp.me\/p7Eq1F-C5","jetpack_sharing_enabled":true,"jetpack_featured_media_url":"https:\/\/i0.wp.com\/guialimeira.com.br\/news\/wp-content\/uploads\/2024\/04\/m_137_0_1_22042024191935.jpg?fit=1280%2C852&ssl=1","_links":{"self":[{"href":"https:\/\/guialimeira.com.br\/news\/wp-json\/wp\/v2\/posts\/2361","targetHints":{"allow":["GET"]}}],"collection":[{"href":"https:\/\/guialimeira.com.br\/news\/wp-json\/wp\/v2\/posts"}],"about":[{"href":"https:\/\/guialimeira.com.br\/news\/wp-json\/wp\/v2\/types\/post"}],"author":[{"embeddable":true,"href":"https:\/\/guialimeira.com.br\/news\/wp-json\/wp\/v2\/users\/1"}],"replies":[{"embeddable":true,"href":"https:\/\/guialimeira.com.br\/news\/wp-json\/wp\/v2\/comments?post=2361"}],"version-history":[{"count":0,"href":"https:\/\/guialimeira.com.br\/news\/wp-json\/wp\/v2\/posts\/2361\/revisions"}],"wp:featuredmedia":[{"embeddable":true,"href":"https:\/\/guialimeira.com.br\/news\/wp-json\/wp\/v2\/media\/2362"}],"wp:attachment":[{"href":"https:\/\/guialimeira.com.br\/news\/wp-json\/wp\/v2\/media?parent=2361"}],"wp:term":[{"taxonomy":"category","embeddable":true,"href":"https:\/\/guialimeira.com.br\/news\/wp-json\/wp\/v2\/categories?post=2361"},{"taxonomy":"post_tag","embeddable":true,"href":"https:\/\/guialimeira.com.br\/news\/wp-json\/wp\/v2\/tags?post=2361"}],"curies":[{"name":"wp","href":"https:\/\/api.w.org\/{rel}","templated":true}]}}