{"id":23604,"date":"2025-02-14T15:33:06","date_gmt":"2025-02-14T18:33:06","guid":{"rendered":"https:\/\/guialimeira.com.br\/2025\/02\/14\/brasil-deve-sofrer-menos-que-outros-paises-com-tarifas-diz-galipolo\/"},"modified":"2025-02-14T15:33:06","modified_gmt":"2025-02-14T18:33:06","slug":"brasil-deve-sofrer-menos-que-outros-paises-com-tarifas-diz-galipolo","status":"publish","type":"post","link":"https:\/\/guialimeira.com.br\/news\/brasil-deve-sofrer-menos-que-outros-paises-com-tarifas-diz-galipolo\/","title":{"rendered":"Brasil deve sofrer menos que outros pa\u00edses com tarifas, diz Gal\u00edpolo"},"content":{"rendered":"<p> <br \/>\n<\/p>\n<div>\n<p>Em uma reuni\u00e3o com empres\u00e1rios na sede da Federa\u00e7\u00e3o das Ind\u00fastrias do Estado de S\u00e3o Paulo (Fiesp) na manh\u00e3 desta sexta-feira (14), o presidente do Banco Central (BC), Gabriel Gal\u00edpolo, disse que as tarifas que est\u00e3o sendo impostas a diversos pa\u00edses pelo presidente dos Estados Unidos, Donald Trump, podem apresentar um efeito menor no Brasil do que em outras economias, como a do M\u00e9xico.<img data-recalc-dims=\"1\" decoding=\"async\" src=\"https:\/\/i0.wp.com\/agenciabrasil.ebc.com.br\/ebc.png?w=696&#038;ssl=1\" style=\"width:1px; height:1px; display:inline;\"\/><img data-recalc-dims=\"1\" decoding=\"async\" src=\"https:\/\/i0.wp.com\/agenciabrasil.ebc.com.br\/ebc.gif?w=696&#038;ssl=1\" style=\"width:1px; height:1px; display:inline;\"\/><\/p>\n<p>&#8220;Essa menor rela\u00e7\u00e3o, ou conex\u00e3o comercial, do Brasil com os Estados Unidos, comparativamente com o M\u00e9xico, induziu sensa\u00e7\u00e3o por parte dos agentes de mercado de que eventualmente uma pol\u00edtica de tarifas mais pesadas possa prejudicar mais o M\u00e9xico do que o Brasil&#8221;, afirmou. No entanto, Gal\u00edpolo ressaltou que o melhor seria n\u00e3o haver &#8220;guerra comercial&#8221;.<\/p>\n<p>&#8220;Perceba que h\u00e1 uma sutileza aqui: eu n\u00e3o estou dizendo, que com as tarifas, \u00e9 melhor para o Brasil. Com certeza, n\u00e3o h\u00e1 d\u00favida de que em qualquer condi\u00e7\u00e3o do com\u00e9rcio global \u00e9 melhor n\u00e3o ter uma guerra tarif\u00e1ria. O que eu estou colocando aqui simplesmente \u00e9 que no relativo, ou seja, comparativamente, talvez para o Brasil seja menos prejudicial do que, por exemplo, para o M\u00e9xico&#8221;, disse o presidente do Banco Central.<\/p>\n<h2>Reciprocidade<\/h2>\n<p>Hoje, o presidente Luiz In\u00e1cio Lula da Silva reafirmou que o Brasil vai aplicar o <a href=\"https:\/\/agenciabrasil.ebc.com.br\/politica\/noticia\/2025-02\/lula-diz-que-brasil-vai-reagir-contra-taxacoes-de-donald-trump\" target=\"_blank\" rel=\"noopener\">princ\u00edpio de reciprocidade<\/a>, caso o presidente dos Estados Unidos, Donald Trump, cumpra com a promessa de elevar as tarifas de importa\u00e7\u00e3o do pa\u00eds. \u201cEu ouvi dizer que vai taxar o a\u00e7o brasileiro. Se taxar o a\u00e7o brasileiro, n\u00f3s vamos reagir comercialmente, ou vamos denunciar \u00e0 Organiza\u00e7\u00e3o [Mundial] do Com\u00e9rcio [OMC], ou vamos taxar os produtos que a gente importa deles\u201d, disse em entrevista \u00e0 R\u00e1dio Clube do Par\u00e1, em Bel\u00e9m.<\/p>\n<p>Trump vem prometendo aplicar tarifas abrangentes a diversos pa\u00edses que t\u00eam super\u00e1vit comercial com os Estados Unidos, como a China, e at\u00e9 a parceiros mais pr\u00f3ximos como M\u00e9xico e Canad\u00e1. O presidente americano tamb\u00e9m anunciou uma taxa\u00e7\u00e3o de 25% sobre as importa\u00e7\u00f5es de a\u00e7o e alum\u00ednio, cancelando isen\u00e7\u00f5es e cotas isentas de impostos para os principais fornecedores, entre os quais, o Brasil.<\/p>\n<h2>\u201cFantasmas\u201d<\/h2>\n<p>Ainda durante a conversa com os empres\u00e1rios, Gal\u00edpolo afirmou que o Banco Central tem uma atua\u00e7\u00e3o preventiva e conservadora na defini\u00e7\u00e3o de sua pol\u00edtica, agindo sempre com base em tend\u00eancias, e n\u00e3o em volatilidades, e mantendo cautela na interpreta\u00e7\u00e3o dos dados.<\/p>\n<p>\u201cPor isso, eu disse que \u00e9 importante o Banco Central ter o tempo necess\u00e1rio para consumir esses dados e ter clareza se n\u00e3o estamos assistindo simplesmente a uma volatilidade que responde por esses dados de alta frequ\u00eancia e ter certeza se estamos conseguindo observar uma tend\u00eancia&#8221;, ressaltou. \u201cSeria um equ\u00edvoco ser preventivo a um fantasma que n\u00e3o est\u00e1 ali colocado. Este \u00e9 um tema que oferece desafio ao endere\u00e7amento da pol\u00edtica monet\u00e1ria.&#8221;<\/p>\n<p>Questionado pelos empres\u00e1rios sobre a alta taxa de juros no pa\u00eds, Gal\u00edpolo disse que essa medida\u00a0surtir\u00e1 efeito para conter a alta infla\u00e7\u00e3o no pa\u00eds. \u201cNo horizonte que a gente consegue enxergar, as proje\u00e7\u00f5es apresentam a infla\u00e7\u00e3o fora da meta. O Banco Central reage caminhando com a taxa de juros, num patamar restritivo e de relativa seguran\u00e7a. O mandato do Banco Central \u00e9 colocar a taxa de juros em um patamar restritivo o suficiente e pelo tempo que for necess\u00e1rio para que a infla\u00e7\u00e3o possa fazer a converg\u00eancia para a meta\u201d, acrescentou.<\/p>\n<p>\u201cO rem\u00e9dio vai funcionar. O Banco Central tem as ferramentas para conduzir a pol\u00edtica monet\u00e1ria, para perseguir a meta, e n\u00e3o vai se furtar a fazer isso&#8221;, concluiu.<\/p>\n<p>      <!-- Relacionada --><\/p>\n<p>            <!-- Relacionada -->\n    <\/div>\n<p><br \/>\n<br \/><a href=\"https:\/\/agenciabrasil.ebc.com.br\/economia\/noticia\/2025-02\/brasil-deve-sofrer-menos-com-tarifas-diz-presidente-do-banco-central\" rel=\"noopener\">Ag\u00eancia Brasil<\/a><\/p>\n","protected":false},"excerpt":{"rendered":"<p>Em uma reuni\u00e3o com empres\u00e1rios na sede da Federa\u00e7\u00e3o das Ind\u00fastrias do Estado de S\u00e3o Paulo (Fiesp) na manh\u00e3 desta sexta-feira (14), o presidente do Banco Central (BC), Gabriel Gal\u00edpolo, disse que as tarifas que est\u00e3o sendo impostas a diversos pa\u00edses pelo presidente dos Estados Unidos, Donald Trump, podem apresentar um efeito menor no Brasil [&hellip;]<\/p>\n","protected":false},"author":1,"featured_media":23605,"comment_status":"open","ping_status":"open","sticky":false,"template":"","format":"standard","meta":{"_jetpack_newsletter_access":"","_jetpack_dont_email_post_to_subs":false,"_jetpack_newsletter_tier_id":0,"_jetpack_memberships_contains_paywalled_content":false,"_mbp_banners":[],"_jetpack_feature_clip_id":0,"_jetpack_memberships_contains_paid_content":false,"footnotes":"","jetpack_publicize_message":"","jetpack_publicize_feature_enabled":true,"jetpack_social_post_already_shared":true,"jetpack_social_options":{"image_generator_settings":{"template":"highway","default_image_id":0,"font":"","enabled":false},"version":2},"jetpack_post_was_ever_published":false},"categories":[24],"tags":[],"class_list":["post-23604","post","type-post","status-publish","format-standard","has-post-thumbnail","category-economia"],"jetpack_publicize_connections":[],"jetpack-related-posts":[],"jetpack_shortlink":"https:\/\/wp.me\/p7Eq1F-68I","jetpack_sharing_enabled":true,"jetpack_featured_media_url":"https:\/\/i0.wp.com\/guialimeira.com.br\/news\/wp-content\/uploads\/2025\/02\/fiesp_galipolo_15.jpg?fit=1600%2C800&ssl=1","_links":{"self":[{"href":"https:\/\/guialimeira.com.br\/news\/wp-json\/wp\/v2\/posts\/23604","targetHints":{"allow":["GET"]}}],"collection":[{"href":"https:\/\/guialimeira.com.br\/news\/wp-json\/wp\/v2\/posts"}],"about":[{"href":"https:\/\/guialimeira.com.br\/news\/wp-json\/wp\/v2\/types\/post"}],"author":[{"embeddable":true,"href":"https:\/\/guialimeira.com.br\/news\/wp-json\/wp\/v2\/users\/1"}],"replies":[{"embeddable":true,"href":"https:\/\/guialimeira.com.br\/news\/wp-json\/wp\/v2\/comments?post=23604"}],"version-history":[{"count":0,"href":"https:\/\/guialimeira.com.br\/news\/wp-json\/wp\/v2\/posts\/23604\/revisions"}],"wp:featuredmedia":[{"embeddable":true,"href":"https:\/\/guialimeira.com.br\/news\/wp-json\/wp\/v2\/media\/23605"}],"wp:attachment":[{"href":"https:\/\/guialimeira.com.br\/news\/wp-json\/wp\/v2\/media?parent=23604"}],"wp:term":[{"taxonomy":"category","embeddable":true,"href":"https:\/\/guialimeira.com.br\/news\/wp-json\/wp\/v2\/categories?post=23604"},{"taxonomy":"post_tag","embeddable":true,"href":"https:\/\/guialimeira.com.br\/news\/wp-json\/wp\/v2\/tags?post=23604"}],"curies":[{"name":"wp","href":"https:\/\/api.w.org\/{rel}","templated":true}]}}