{"id":23600,"date":"2025-02-14T15:22:23","date_gmt":"2025-02-14T18:22:23","guid":{"rendered":"https:\/\/guialimeira.com.br\/2025\/02\/14\/into-lanca-no-rio-observatorio-nacional-de-ortopedia\/"},"modified":"2025-02-14T15:22:23","modified_gmt":"2025-02-14T18:22:23","slug":"into-lanca-no-rio-observatorio-nacional-de-ortopedia","status":"publish","type":"post","link":"https:\/\/guialimeira.com.br\/news\/into-lanca-no-rio-observatorio-nacional-de-ortopedia\/","title":{"rendered":"Into lan\u00e7a, no Rio, Observat\u00f3rio Nacional de Ortopedia"},"content":{"rendered":"<p> <br \/>\n<\/p>\n<div>\n<p>O Instituto Nacional de Traumatologia e Ortopedia (Into), situado no Caju, no Rio de Janeiro, lan\u00e7ou, nesta sexta-feira (14), o Observat\u00f3rio Nacional de Ortopedia. \u00c9 uma iniciativa para a melhoria cont\u00ednua da qualidade da assist\u00eancia ao paciente ortop\u00e9dico.<img data-recalc-dims=\"1\" decoding=\"async\" src=\"https:\/\/i0.wp.com\/agenciabrasil.ebc.com.br\/ebc.png?w=696&#038;ssl=1\" style=\"width:1px; height:1px; display:inline;\"\/><img data-recalc-dims=\"1\" decoding=\"async\" src=\"https:\/\/i0.wp.com\/agenciabrasil.ebc.com.br\/ebc.gif?w=696&#038;ssl=1\" style=\"width:1px; height:1px; display:inline;\"\/><\/p>\n<p>O projeto se baseia na coleta e an\u00e1lise, n\u00e3o apenas de dados cl\u00ednicos de pacientes com osteoartrite \u2013 tamb\u00e9m chamada de artrose \u2013 que foram submetidos a cirurgias com coloca\u00e7\u00e3o de pr\u00f3teses de joelho, quadril e ombro, como tamb\u00e9m dos desfechos e resultados desses procedimentos.<\/p>\n<p>Segundo o hospital, este projeto de avalia\u00e7\u00e3o cont\u00ednua objetiva o aprimoramento de materiais, t\u00e9cnicas e protocolos, permitindo a introdu\u00e7\u00e3o segura de novas tecnologias e o aumento da efic\u00e1cia dos tratamentos.<\/p>\n<h2>Tratamento<\/h2>\n<p>O Observat\u00f3rio Nacional de Ortopedia vai possibilitar a otimiza\u00e7\u00e3o dos gastos com as cirurgias, que est\u00e3o entre as mais realizadas na ortopedia e traumatologia, oferecendo aos pacientes as melhores condi\u00e7\u00f5es de tratamento.<\/p>\n<p>\u201dO Observat\u00f3rio Nacional de Ortopedia realizar\u00e1 uma an\u00e1lise cont\u00ednua da efic\u00e1cia dos tratamentos na especialidade. Isso significa que iremos avaliar n\u00e3o apenas os resultados cl\u00ednicos, mas tamb\u00e9m os desfechos, considerando a satisfa\u00e7\u00e3o dos pacientes e se suas expectativas est\u00e3o sendo atendidas. Esse monitoramento permitir\u00e1 n\u00e3o s\u00f3 a avalia\u00e7\u00e3o das tecnologias e implantes utilizados, mas tamb\u00e9m a implementa\u00e7\u00e3o segura de inova\u00e7\u00f5es na \u00e1rea\u201d, disse Germana Bahr, diretora do Into.<\/p>\n<p>      <!-- Relacionada --><\/p>\n<p>            <!-- Relacionada -->\n    <\/div>\n<p><br \/>\n<br \/><a href=\"https:\/\/agenciabrasil.ebc.com.br\/saude\/noticia\/2025-02\/lanca-no-rio-observatorio-nacional-de-ortopedia\" rel=\"noopener\">Ag\u00eancia Brasil <\/a><\/p>\n","protected":false},"excerpt":{"rendered":"<p>O Instituto Nacional de Traumatologia e Ortopedia (Into), situado no Caju, no Rio de Janeiro, lan\u00e7ou, nesta sexta-feira (14), o Observat\u00f3rio Nacional de Ortopedia. \u00c9 uma iniciativa para a melhoria cont\u00ednua da qualidade da assist\u00eancia ao paciente ortop\u00e9dico. O projeto se baseia na coleta e an\u00e1lise, n\u00e3o apenas de dados cl\u00ednicos de pacientes com osteoartrite [&hellip;]<\/p>\n","protected":false},"author":1,"featured_media":23601,"comment_status":"open","ping_status":"open","sticky":false,"template":"","format":"standard","meta":{"_jetpack_newsletter_access":"","_jetpack_dont_email_post_to_subs":false,"_jetpack_newsletter_tier_id":0,"_jetpack_memberships_contains_paywalled_content":false,"_mbp_banners":[],"_jetpack_feature_clip_id":0,"_jetpack_memberships_contains_paid_content":false,"footnotes":"","jetpack_publicize_message":"","jetpack_publicize_feature_enabled":true,"jetpack_social_post_already_shared":true,"jetpack_social_options":{"image_generator_settings":{"template":"highway","default_image_id":0,"font":"","enabled":false},"version":2},"jetpack_post_was_ever_published":false},"categories":[15],"tags":[],"class_list":["post-23600","post","type-post","status-publish","format-standard","has-post-thumbnail","category-saude"],"jetpack_publicize_connections":[],"jetpack-related-posts":[],"jetpack_shortlink":"https:\/\/wp.me\/p7Eq1F-68E","jetpack_sharing_enabled":true,"jetpack_featured_media_url":"https:\/\/i0.wp.com\/guialimeira.com.br\/news\/wp-content\/uploads\/2025\/02\/fiocruzenvase_de_ifa_vacina_covid-19fiocruz_13022101172.jpg?fit=1600%2C800&ssl=1","_links":{"self":[{"href":"https:\/\/guialimeira.com.br\/news\/wp-json\/wp\/v2\/posts\/23600","targetHints":{"allow":["GET"]}}],"collection":[{"href":"https:\/\/guialimeira.com.br\/news\/wp-json\/wp\/v2\/posts"}],"about":[{"href":"https:\/\/guialimeira.com.br\/news\/wp-json\/wp\/v2\/types\/post"}],"author":[{"embeddable":true,"href":"https:\/\/guialimeira.com.br\/news\/wp-json\/wp\/v2\/users\/1"}],"replies":[{"embeddable":true,"href":"https:\/\/guialimeira.com.br\/news\/wp-json\/wp\/v2\/comments?post=23600"}],"version-history":[{"count":0,"href":"https:\/\/guialimeira.com.br\/news\/wp-json\/wp\/v2\/posts\/23600\/revisions"}],"wp:featuredmedia":[{"embeddable":true,"href":"https:\/\/guialimeira.com.br\/news\/wp-json\/wp\/v2\/media\/23601"}],"wp:attachment":[{"href":"https:\/\/guialimeira.com.br\/news\/wp-json\/wp\/v2\/media?parent=23600"}],"wp:term":[{"taxonomy":"category","embeddable":true,"href":"https:\/\/guialimeira.com.br\/news\/wp-json\/wp\/v2\/categories?post=23600"},{"taxonomy":"post_tag","embeddable":true,"href":"https:\/\/guialimeira.com.br\/news\/wp-json\/wp\/v2\/tags?post=23600"}],"curies":[{"name":"wp","href":"https:\/\/api.w.org\/{rel}","templated":true}]}}