{"id":23590,"date":"2025-02-14T13:20:30","date_gmt":"2025-02-14T16:20:30","guid":{"rendered":"https:\/\/guialimeira.com.br\/2025\/02\/14\/sus-oferece-nova-vacina-a-gestantes-vacina-contra-virus-sincicial\/"},"modified":"2025-02-14T13:20:30","modified_gmt":"2025-02-14T16:20:30","slug":"sus-oferece-nova-vacina-a-gestantes-vacina-contra-virus-sincicial","status":"publish","type":"post","link":"https:\/\/guialimeira.com.br\/news\/sus-oferece-nova-vacina-a-gestantes-vacina-contra-virus-sincicial\/","title":{"rendered":"SUS oferece nova vacina a gestantes vacina contra v\u00edrus sincicial"},"content":{"rendered":"<p> <br \/>\n<\/p>\n<div>\n<p>O Sistema \u00danico de Sa\u00fade vai oferecer para as gestantes uma nova vacina\u00a0capaz de proteger os beb\u00eas contra o v\u00edrus sincicial respirat\u00f3rio (VSR). A inclus\u00e3o do imunizante Abrysvo foi aprovada nesta quinta-feira (13) pela Comiss\u00e3o de Incorpora\u00e7\u00e3o de Tecnologias no SUS &#8211; Conitec.<img data-recalc-dims=\"1\" decoding=\"async\" src=\"https:\/\/i0.wp.com\/agenciabrasil.ebc.com.br\/ebc.png?w=696&#038;ssl=1\" style=\"width:1px; height:1px; display:inline;\"\/><img data-recalc-dims=\"1\" decoding=\"async\" src=\"https:\/\/i0.wp.com\/agenciabrasil.ebc.com.br\/ebc.gif?w=696&#038;ssl=1\" style=\"width:1px; height:1px; display:inline;\"\/><\/p>\n<p>Cabe ao Programa Nacional de Imuniza\u00e7\u00f5es, do Minist\u00e9rio da Sa\u00fade, planejar a forma e o\u00a0calend\u00e1rio de vacina\u00e7\u00e3o.\u00a0<\/p>\n<p>O v\u00edrus sincicial respirat\u00f3rio \u00e9 o maior causador da bronquiolite, inflama\u00e7\u00e3o dos bronqu\u00edolos, que s\u00e3o finas ramifica\u00e7\u00f5es que levam o oxig\u00eanio at\u00e9 os alv\u00e9olos dos pulm\u00f5es. A doen\u00e7a se manifesta de forma grave principalmente em crian\u00e7as de at\u00e9 dois anos, e tamb\u00e9m em idosos, causando dificuldade respirat\u00f3ria e podendo levar \u00e0 morte.\u00a0<\/p>\n<p>De acordo com dados do \u00faltimo boletim Infogripe, da Fiocruz, neste ano foram registrados 370 casos confirmados de S\u00edndrome Respirat\u00f3ria Aguda Grave e oito mortes. A transmiss\u00e3o do v\u00edrus \u00e9 maior no inverno, quando h\u00e1 grande aumento de casos e \u00f3bitos, a maioria em beb\u00eas.\u00a0<\/p>\n<p>Os testes feitos pela fabricante Pfizer com cerca de 7 mil gestantes demonstraram 82,4% de efic\u00e1cia da vacina na preven\u00e7\u00e3o de casos graves em beb\u00eas de at\u00e9 tr\u00eas meses, e de 70% at\u00e9 os seis meses de idade. A vacina\u00e7\u00e3o durante a gesta\u00e7\u00e3o faz com que a m\u00e3e produza anticorpos\u00a0que s\u00e3o transmitidos ao feto, propiciando que ele j\u00e1 nas\u00e7a com a prote\u00e7\u00e3o.<\/p>\n<p>A Abrysvo foi aprovada para uso no Brasil pela Ag\u00eancia Nacional de Vigil\u00e2ncia Sanit\u00e1ria\u00a0no ano passado, e j\u00e1 est\u00e1 sendo oferecida pela rede particular de sa\u00fade. A indica\u00e7\u00e3o da Pfizer \u00e9 de uma dose por gesta\u00e7\u00e3o, administrada entre as 24 e as 36 semanas de gravidez. A vacina tamb\u00e9m pode ser tomada por idosos, mas este p\u00fablico n\u00e3o foi contemplado na decis\u00e3o da comiss\u00e3o.\u00a0<\/p>\n<p>A presidente da Sociedade Brasileira de Imuniza\u00e7\u00f5es M\u00f4nica Levi acredita que a nova vacina trar\u00e1 muitos impactos positivos \u00e0 sa\u00fade infantil.\u00a0<\/p>\n<p>\u201cVai diminuir a necessidade de consultas em emerg\u00eancia, de interna\u00e7\u00e3o, de UTI, de intuba\u00e7\u00e3o e tamb\u00e9m o n\u00famero de mortes. H\u00e1 tamb\u00e9m o impacto de longo prazo. Ap\u00f3s a primeira infec\u00e7\u00e3o pelo VSR, a crian\u00e7a pode ter chiados por algum tempo na sua vida, desencadeado por diversos fatores, principalmente infec\u00e7\u00e3o viral. Algumas crian\u00e7as\u00a0se tornam asm\u00e1ticas e outras\u00a0t\u00eam v\u00e1rios epis\u00f3dios de bronquioespasmo, desencadeados pelas altera\u00e7\u00f5es que o VSR causa na \u00e1rvore br\u00f4nquica.\u201d\u00a0<\/p>\n<p>A Conitec tamb\u00e9m aprovou a incorpora\u00e7\u00e3o de outra tecnologia, voltada para os beb\u00eas prematuros, o anticorpo monoclonal nirsevimabe. Diferente das vacinas, o\u00a0medicamento\u00a0n\u00e3o estimula\u00a0a produ\u00e7\u00e3o natural de anticorpos, mas se constitu\u00ed em defensor\u00a0j\u00e1 pronto\u00a0para evitar a dissemina\u00e7\u00e3o de um agente infeccioso espec\u00edfico. Por isso, \u00e9 aplicados apenas em pessoas com sistema imunol\u00f3gico vulner\u00e1vel, como os beb\u00eas prematuros.<\/p>\n<p>      <!-- Relacionada --><\/p>\n<p>            <!-- Relacionada -->\n    <\/div>\n<p><br \/>\n<br \/><a href=\"https:\/\/agenciabrasil.ebc.com.br\/saude\/noticia\/2025-02\/sus-oferece-gestantes-nova-vacina-contra-virus-sincicial\" rel=\"noopener\">Ag\u00eancia Brasil <\/a><\/p>\n","protected":false},"excerpt":{"rendered":"<p>O Sistema \u00danico de Sa\u00fade vai oferecer para as gestantes uma nova vacina\u00a0capaz de proteger os beb\u00eas contra o v\u00edrus sincicial respirat\u00f3rio (VSR). A inclus\u00e3o do imunizante Abrysvo foi aprovada nesta quinta-feira (13) pela Comiss\u00e3o de Incorpora\u00e7\u00e3o de Tecnologias no SUS &#8211; Conitec. Cabe ao Programa Nacional de Imuniza\u00e7\u00f5es, do Minist\u00e9rio da Sa\u00fade, planejar a [&hellip;]<\/p>\n","protected":false},"author":1,"featured_media":18220,"comment_status":"open","ping_status":"open","sticky":false,"template":"","format":"standard","meta":{"_jetpack_newsletter_access":"","_jetpack_dont_email_post_to_subs":false,"_jetpack_newsletter_tier_id":0,"_jetpack_memberships_contains_paywalled_content":false,"_mbp_banners":[],"_jetpack_feature_clip_id":0,"_jetpack_memberships_contains_paid_content":false,"footnotes":"","jetpack_publicize_message":"","jetpack_publicize_feature_enabled":true,"jetpack_social_post_already_shared":true,"jetpack_social_options":{"image_generator_settings":{"template":"highway","default_image_id":0,"font":"","enabled":false},"version":2},"jetpack_post_was_ever_published":false},"categories":[15],"tags":[],"class_list":["post-23590","post","type-post","status-publish","format-standard","has-post-thumbnail","category-saude"],"jetpack_publicize_connections":[],"jetpack-related-posts":[],"jetpack_shortlink":"https:\/\/wp.me\/p7Eq1F-68u","jetpack_sharing_enabled":true,"jetpack_featured_media_url":"https:\/\/i0.wp.com\/guialimeira.com.br\/news\/wp-content\/uploads\/2024\/12\/pregnant-2640994.jpg?fit=1600%2C800&ssl=1","_links":{"self":[{"href":"https:\/\/guialimeira.com.br\/news\/wp-json\/wp\/v2\/posts\/23590","targetHints":{"allow":["GET"]}}],"collection":[{"href":"https:\/\/guialimeira.com.br\/news\/wp-json\/wp\/v2\/posts"}],"about":[{"href":"https:\/\/guialimeira.com.br\/news\/wp-json\/wp\/v2\/types\/post"}],"author":[{"embeddable":true,"href":"https:\/\/guialimeira.com.br\/news\/wp-json\/wp\/v2\/users\/1"}],"replies":[{"embeddable":true,"href":"https:\/\/guialimeira.com.br\/news\/wp-json\/wp\/v2\/comments?post=23590"}],"version-history":[{"count":0,"href":"https:\/\/guialimeira.com.br\/news\/wp-json\/wp\/v2\/posts\/23590\/revisions"}],"wp:featuredmedia":[{"embeddable":true,"href":"https:\/\/guialimeira.com.br\/news\/wp-json\/wp\/v2\/media\/18220"}],"wp:attachment":[{"href":"https:\/\/guialimeira.com.br\/news\/wp-json\/wp\/v2\/media?parent=23590"}],"wp:term":[{"taxonomy":"category","embeddable":true,"href":"https:\/\/guialimeira.com.br\/news\/wp-json\/wp\/v2\/categories?post=23590"},{"taxonomy":"post_tag","embeddable":true,"href":"https:\/\/guialimeira.com.br\/news\/wp-json\/wp\/v2\/tags?post=23590"}],"curies":[{"name":"wp","href":"https:\/\/api.w.org\/{rel}","templated":true}]}}