{"id":23572,"date":"2025-02-14T10:28:14","date_gmt":"2025-02-14T13:28:14","guid":{"rendered":"https:\/\/guialimeira.com.br\/2025\/02\/14\/ibge-em-14-estados-desemprego-de-2024-foi-o-menor-ja-registrado\/"},"modified":"2025-02-14T10:28:14","modified_gmt":"2025-02-14T13:28:14","slug":"ibge-em-14-estados-desemprego-de-2024-foi-o-menor-ja-registrado","status":"publish","type":"post","link":"https:\/\/guialimeira.com.br\/news\/ibge-em-14-estados-desemprego-de-2024-foi-o-menor-ja-registrado\/","title":{"rendered":"IBGE: em 14 estados, desemprego de 2024 foi o menor j\u00e1 registrado"},"content":{"rendered":"<p> <br \/>\n<\/p>\n<div>\n<p>Para 14 estados, o ano de 2024 terminou com o menor n\u00edvel de desemprego j\u00e1 registrado pela s\u00e9rie hist\u00f3rica da Pesquisa Nacional por Amostra de Domic\u00edlios (Pnad) Cont\u00ednua, que come\u00e7ou em 2012. O dado foi divulgado nesta sexta-feira (14) pelo do Instituto Brasileiro de Geografia e Estat\u00edstica (IBGE).<img data-recalc-dims=\"1\" decoding=\"async\" src=\"https:\/\/i0.wp.com\/agenciabrasil.ebc.com.br\/ebc.png?w=696&#038;ssl=1\" style=\"width:1px; height:1px; display:inline;\"\/><img data-recalc-dims=\"1\" decoding=\"async\" src=\"https:\/\/i0.wp.com\/agenciabrasil.ebc.com.br\/ebc.gif?w=696&#038;ssl=1\" style=\"width:1px; height:1px; display:inline;\"\/><\/p>\n<p>O comportamento desses estados se assemelha ao do Brasil como um todo, que registrou a <a href=\"https:\/\/agenciabrasil.ebc.com.br\/economia\/noticia\/2025-01\/taxa-de-desemprego-fica-em-62-no-ultimo-trimestre-de-2024\" target=\"_blank\" rel=\"noopener\">taxa m\u00e9dia de 6,6% de desemprego<\/a>,\u00a0em 2024, conforme j\u00e1 havia sido divulgado pelo IBGE.<\/p>\n<p>O recorde de baixa no n\u00edvel de ocupa\u00e7\u00e3o foi atingido nas seguintes localidades:<\/p>\n<p>Rio Grande do Norte (8,5%)<\/p>\n<p>Amazonas (8,4%)<\/p>\n<p>Amap\u00e1 (8,3%)<\/p>\n<p>Alagoas (7,6%)<\/p>\n<p>Maranh\u00e3o (7,1%)<\/p>\n<p>Cear\u00e1 (7%)<\/p>\n<p>Acre (6,4%)<\/p>\n<p>S\u00e3o Paulo (6,2%)<\/p>\n<p>Tocantins (5,5%)<\/p>\n<p>Minas Gerais (5%)<\/p>\n<p>Esp\u00edrito Santo (3,9%)<\/p>\n<p>Mato Grosso do Sul (3,9%)<\/p>\n<p>Santa Catarina (2,9%)<\/p>\n<p>Mato Grosso (2,6%)<\/p>\n<p>A pesquisa do IBGE apura o comportamento no mercado de trabalho para pessoas com 14 anos ou mais e leva em conta todas as formas de ocupa\u00e7\u00e3o, seja emprego com ou sem carteira assinada, tempor\u00e1rio e por conta pr\u00f3pria, por exemplo. S\u00e3o visitados 211 mil domic\u00edlios em todos os estados e no Distrito Federal.<\/p>\n<p>As maiores taxas m\u00e9dias de 2024 foram apontadas na Bahia (10,8%), Pernambuco (10,8%) e Distrito Federal (9,6%).<\/p>\n<h2>Regi\u00f5es<\/h2>\n<p>Por regi\u00f5es, o Norte (7%), Sudeste (6,4%), Sul (4,2%) e Centro-Oeste (5,4%) alcan\u00e7aram os menores n\u00edveis de desocupa\u00e7\u00e3o desde o in\u00edcio da s\u00e9rie hist\u00f3rica.<\/p>\n<p>J\u00e1 no Nordeste, a taxa ficou em 9%, a menor desde 2015, por\u00e9m acima do recorde m\u00ednimo de 8,6%, atingido em 2014.<\/p>\n<h2>Informalidade<\/h2>\n<p>O IBGE revelou que ao longo do ano passado, a taxa de informalidade no pa\u00eds foi de 39% da popula\u00e7\u00e3o ocupada, sendo as maiores m\u00e9dias no Par\u00e1 (58,1%), Piau\u00ed, (56,6%) e Maranh\u00e3o (55,3%). As menores ficaram localizadas em Santa Catarina (26,4%), Distrito Federal (29,6%) e S\u00e3o Paulo (31,1%).<\/p>\n<p>      <!-- Relacionada --><\/p>\n<p>            <!-- Relacionada -->\n    <\/div>\n<p><br \/>\n<br \/><a href=\"https:\/\/agenciabrasil.ebc.com.br\/economia\/noticia\/2025-02\/ibge-em-14-estados-desemprego-de-2024-foi-o-menor-ja-registrado\" rel=\"noopener\">Ag\u00eancia Brasil<\/a><\/p>\n","protected":false},"excerpt":{"rendered":"<p>Para 14 estados, o ano de 2024 terminou com o menor n\u00edvel de desemprego j\u00e1 registrado pela s\u00e9rie hist\u00f3rica da Pesquisa Nacional por Amostra de Domic\u00edlios (Pnad) Cont\u00ednua, que come\u00e7ou em 2012. O dado foi divulgado nesta sexta-feira (14) pelo do Instituto Brasileiro de Geografia e Estat\u00edstica (IBGE). O comportamento desses estados se assemelha ao [&hellip;]<\/p>\n","protected":false},"author":1,"featured_media":3169,"comment_status":"open","ping_status":"open","sticky":false,"template":"","format":"standard","meta":{"_jetpack_newsletter_access":"","_jetpack_dont_email_post_to_subs":false,"_jetpack_newsletter_tier_id":0,"_jetpack_memberships_contains_paywalled_content":false,"_mbp_banners":[],"_jetpack_feature_clip_id":0,"_jetpack_memberships_contains_paid_content":false,"footnotes":"","jetpack_publicize_message":"","jetpack_publicize_feature_enabled":true,"jetpack_social_post_already_shared":true,"jetpack_social_options":{"image_generator_settings":{"template":"highway","default_image_id":0,"font":"","enabled":false},"version":2},"jetpack_post_was_ever_published":false},"categories":[24],"tags":[],"class_list":["post-23572","post","type-post","status-publish","format-standard","has-post-thumbnail","category-economia"],"jetpack_publicize_connections":[],"jetpack-related-posts":[],"jetpack_shortlink":"https:\/\/wp.me\/p7Eq1F-68c","jetpack_sharing_enabled":true,"jetpack_featured_media_url":"https:\/\/i0.wp.com\/guialimeira.com.br\/news\/wp-content\/uploads\/2024\/04\/agenciabrasil161112wdo_7717.jpg?fit=1600%2C800&ssl=1","_links":{"self":[{"href":"https:\/\/guialimeira.com.br\/news\/wp-json\/wp\/v2\/posts\/23572","targetHints":{"allow":["GET"]}}],"collection":[{"href":"https:\/\/guialimeira.com.br\/news\/wp-json\/wp\/v2\/posts"}],"about":[{"href":"https:\/\/guialimeira.com.br\/news\/wp-json\/wp\/v2\/types\/post"}],"author":[{"embeddable":true,"href":"https:\/\/guialimeira.com.br\/news\/wp-json\/wp\/v2\/users\/1"}],"replies":[{"embeddable":true,"href":"https:\/\/guialimeira.com.br\/news\/wp-json\/wp\/v2\/comments?post=23572"}],"version-history":[{"count":0,"href":"https:\/\/guialimeira.com.br\/news\/wp-json\/wp\/v2\/posts\/23572\/revisions"}],"wp:featuredmedia":[{"embeddable":true,"href":"https:\/\/guialimeira.com.br\/news\/wp-json\/wp\/v2\/media\/3169"}],"wp:attachment":[{"href":"https:\/\/guialimeira.com.br\/news\/wp-json\/wp\/v2\/media?parent=23572"}],"wp:term":[{"taxonomy":"category","embeddable":true,"href":"https:\/\/guialimeira.com.br\/news\/wp-json\/wp\/v2\/categories?post=23572"},{"taxonomy":"post_tag","embeddable":true,"href":"https:\/\/guialimeira.com.br\/news\/wp-json\/wp\/v2\/tags?post=23572"}],"curies":[{"name":"wp","href":"https:\/\/api.w.org\/{rel}","templated":true}]}}